{"id":15513,"date":"2024-10-10T12:19:11","date_gmt":"2024-10-10T12:19:11","guid":{"rendered":"https:\/\/diariodigitalnea.com\/?p=15513"},"modified":"2024-10-10T12:19:11","modified_gmt":"2024-10-10T12:19:11","slug":"conflicto-carreros-en-corrientes-cortaron-el-transito-en-una-importante-avenida-de-corrientes","status":"publish","type":"post","link":"https:\/\/diariodigitalnea.com\/index.php\/2024\/10\/10\/conflicto-carreros-en-corrientes-cortaron-el-transito-en-una-importante-avenida-de-corrientes\/","title":{"rendered":"Conflicto carreros en Corrientes: \u00a0cortaron el tr\u00e1nsito en una importante avenida de Corrientes"},"content":{"rendered":"\n<p>Descontento en el sector por el plan que busca eliminar la tracci\u00f3n a sangre. La polic\u00eda libero el tr\u00e1nsito <\/p>\n\n\n\n<figure class=\"wp-block-image size-full\"><img fetchpriority=\"high\" decoding=\"async\" width=\"839\" height=\"561\" src=\"https:\/\/diariodigitalnea.com\/wp-content\/uploads\/2024\/10\/corrientes2.jpg\" alt=\"\" class=\"wp-image-15514\" srcset=\"https:\/\/diariodigitalnea.com\/wp-content\/uploads\/2024\/10\/corrientes2.jpg 839w, https:\/\/diariodigitalnea.com\/wp-content\/uploads\/2024\/10\/corrientes2-300x201.jpg 300w, https:\/\/diariodigitalnea.com\/wp-content\/uploads\/2024\/10\/corrientes2-768x514.jpg 768w\" sizes=\"(max-width: 839px) 100vw, 839px\" \/><\/figure>\n\n\n\n<p>Luego de momentos de tensi\u00f3n, y algunos cruces menores entre efectivos policiales y carreros, \u00e9stos \u00faltimos dejaron de cortar el tr\u00e1nsito en la esquina de 3 de Abril y Chaco. La medida, se recuerda, se realiz\u00f3 sorpresivamente durante las primeras horas de la ma\u00f1ana. \u00abEstamos en contra de la reconversi\u00f3n. Queremos que el intendente venga a escucharnos. A nosotros no nos sirve ese proceso\u00bb, dijo Ver\u00f3nica, una de las referentes del sector.<\/p>\n\n\n\n<figure class=\"wp-block-image size-large\"><img decoding=\"async\" width=\"1024\" height=\"607\" src=\"http:\/\/diariodigitalnea.com\/wp-content\/uploads\/2023\/11\/DDN-FOTO-PC-Y-CEL-1024x607.jpg\" alt=\"publicidad\" class=\"wp-image-11794\" srcset=\"https:\/\/diariodigitalnea.com\/wp-content\/uploads\/2023\/11\/DDN-FOTO-PC-Y-CEL-1024x607.jpg 1024w, https:\/\/diariodigitalnea.com\/wp-content\/uploads\/2023\/11\/DDN-FOTO-PC-Y-CEL-300x178.jpg 300w, https:\/\/diariodigitalnea.com\/wp-content\/uploads\/2023\/11\/DDN-FOTO-PC-Y-CEL-768x455.jpg 768w, https:\/\/diariodigitalnea.com\/wp-content\/uploads\/2023\/11\/DDN-FOTO-PC-Y-CEL-1536x910.jpg 1536w, https:\/\/diariodigitalnea.com\/wp-content\/uploads\/2023\/11\/DDN-FOTO-PC-Y-CEL.jpg 2000w\" sizes=\"(max-width: 1024px) 100vw, 1024px\" \/><figcaption class=\"wp-element-caption\">Diario Digital Nea. Noticias de la regi\u00f3n y el mundo. <\/figcaption><\/figure>\n","protected":false},"excerpt":{"rendered":"<p>Descontento en el sector por el plan que busca eliminar la tracci\u00f3n a sangre. La polic\u00eda libero el tr\u00e1nsito Luego de momentos de tensi\u00f3n, y algunos cruces menores entre efectivos policiales y carreros, \u00e9stos \u00faltimos dejaron de cortar el tr\u00e1nsito en la esquina de 3 de Abril y Chaco. La medida, se recuerda, se realiz\u00f3 [&hellip;]<\/p>\n","protected":false},"author":4,"featured_media":15515,"comment_status":"closed","ping_status":"closed","sticky":false,"template":"","format":"standard","meta":{"om_disable_all_campaigns":false,"_monsterinsights_skip_tracking":false,"_monsterinsights_sitenote_active":false,"_monsterinsights_sitenote_note":"","_monsterinsights_sitenote_category":0,"footnotes":""},"categories":[1],"tags":[],"class_list":["post-15513","post","type-post","status-publish","format-standard","has-post-thumbnail","hentry","category-uncategorized"],"aioseo_notices":[],"amp_enabled":true,"_links":{"self":[{"href":"https:\/\/diariodigitalnea.com\/index.php\/wp-json\/wp\/v2\/posts\/15513","targetHints":{"allow":["GET"]}}],"collection":[{"href":"https:\/\/diariodigitalnea.com\/index.php\/wp-json\/wp\/v2\/posts"}],"about":[{"href":"https:\/\/diariodigitalnea.com\/index.php\/wp-json\/wp\/v2\/types\/post"}],"author":[{"embeddable":true,"href":"https:\/\/diariodigitalnea.com\/index.php\/wp-json\/wp\/v2\/users\/4"}],"replies":[{"embeddable":true,"href":"https:\/\/diariodigitalnea.com\/index.php\/wp-json\/wp\/v2\/comments?post=15513"}],"version-history":[{"count":1,"href":"https:\/\/diariodigitalnea.com\/index.php\/wp-json\/wp\/v2\/posts\/15513\/revisions"}],"predecessor-version":[{"id":15516,"href":"https:\/\/diariodigitalnea.com\/index.php\/wp-json\/wp\/v2\/posts\/15513\/revisions\/15516"}],"wp:featuredmedia":[{"embeddable":true,"href":"https:\/\/diariodigitalnea.com\/index.php\/wp-json\/wp\/v2\/media\/15515"}],"wp:attachment":[{"href":"https:\/\/diariodigitalnea.com\/index.php\/wp-json\/wp\/v2\/media?parent=15513"}],"wp:term":[{"taxonomy":"category","embeddable":true,"href":"https:\/\/diariodigitalnea.com\/index.php\/wp-json\/wp\/v2\/categories?post=15513"},{"taxonomy":"post_tag","embeddable":true,"href":"https:\/\/diariodigitalnea.com\/index.php\/wp-json\/wp\/v2\/tags?post=15513"}],"curies":[{"name":"wp","href":"https:\/\/api.w.org\/{rel}","templated":true}]}}