{"id":1550,"date":"2022-09-24T13:05:50","date_gmt":"2022-09-24T13:05:50","guid":{"rendered":"https:\/\/diariodigitalnea.com\/?p=1550"},"modified":"2022-09-24T15:33:08","modified_gmt":"2022-09-24T15:33:08","slug":"conciencia-ambiental-estudiantes-conocieron-el-vivero-municipal","status":"publish","type":"post","link":"https:\/\/diariodigitalnea.com\/index.php\/2022\/09\/24\/conciencia-ambiental-estudiantes-conocieron-el-vivero-municipal\/","title":{"rendered":"Conciencia ambiental: estudiantes conocieron el vivero municipal"},"content":{"rendered":"\n<p>Mart\u00ednez acompa\u00f1\u00f3 la recorrida de alumnos de la escuela \u201cGeneral Manuel Belgrano\u201d, e inst\u00f3 a crear conciencia en las nuevas generaciones sobre la protecci\u00f3n del ambiente.<\/p>\n\n\n\n<p>El intendente Gustavo Mart\u00ednez acompa\u00f1\u00f3 a alumnos y alumnas de la escuela primaria 700 \u2018General Manuel Belgrano\u2018 en una recorrida por el Vivero Municipal. El municipio realiza estas actividades con las instituciones a fin de incentivar, educar y crear conciencia sobre el cuidado del ambiente y aprender sobre las plantas de la huerta agroecol\u00f3gica.<\/p>\n\n\n\n<p>\u2018La idea es construir con[1]ciencia, podemos producir alimentos en un pedacito de patio y adem\u00e1s cuidar el ambiente, los chicos comprenden y aprenden el valor y cuidado de las plantas; si se aprende desde ni\u00f1os, es muy dif\u00edcil que de grande nos olvidemos\u2018, mencion\u00f3 el intendente.<\/p>\n\n\n\n<p>\u2018Nuestro vivero recibe a los alumnos y alumnas, quienes cuentan con la colaboraci\u00f3n de un transporte que les brindamos para su tras[1]lado y regreso a sus escuelas\u2018, detall\u00f3 el intendente.<\/p>\n","protected":false},"excerpt":{"rendered":"<p>Mart\u00ednez acompa\u00f1\u00f3 la recorrida de alumnos de la escuela \u201cGeneral Manuel Belgrano\u201d, e inst\u00f3 a crear conciencia en las nuevas generaciones sobre la protecci\u00f3n del ambiente. El intendente Gustavo Mart\u00ednez acompa\u00f1\u00f3 a alumnos y alumnas de la escuela primaria 700 \u2018General Manuel Belgrano\u2018 en una recorrida por el Vivero Municipal. El municipio realiza estas actividades [&hellip;]<\/p>\n","protected":false},"author":3,"featured_media":1551,"comment_status":"closed","ping_status":"closed","sticky":false,"template":"","format":"standard","meta":{"om_disable_all_campaigns":false,"_monsterinsights_skip_tracking":false,"_monsterinsights_sitenote_active":false,"_monsterinsights_sitenote_note":"","_monsterinsights_sitenote_category":0,"footnotes":""},"categories":[33],"tags":[437,436,59,58,435],"class_list":["post-1550","post","type-post","status-publish","format-standard","has-post-thumbnail","hentry","category-chaco","tag-conciencia-ambiental","tag-estudiantes","tag-gustavo-martinez","tag-municipalidad-de-resistencia","tag-vivero-municipal"],"aioseo_notices":[],"amp_enabled":true,"_links":{"self":[{"href":"https:\/\/diariodigitalnea.com\/index.php\/wp-json\/wp\/v2\/posts\/1550","targetHints":{"allow":["GET"]}}],"collection":[{"href":"https:\/\/diariodigitalnea.com\/index.php\/wp-json\/wp\/v2\/posts"}],"about":[{"href":"https:\/\/diariodigitalnea.com\/index.php\/wp-json\/wp\/v2\/types\/post"}],"author":[{"embeddable":true,"href":"https:\/\/diariodigitalnea.com\/index.php\/wp-json\/wp\/v2\/users\/3"}],"replies":[{"embeddable":true,"href":"https:\/\/diariodigitalnea.com\/index.php\/wp-json\/wp\/v2\/comments?post=1550"}],"version-history":[{"count":1,"href":"https:\/\/diariodigitalnea.com\/index.php\/wp-json\/wp\/v2\/posts\/1550\/revisions"}],"predecessor-version":[{"id":1552,"href":"https:\/\/diariodigitalnea.com\/index.php\/wp-json\/wp\/v2\/posts\/1550\/revisions\/1552"}],"wp:featuredmedia":[{"embeddable":true,"href":"https:\/\/diariodigitalnea.com\/index.php\/wp-json\/wp\/v2\/media\/1551"}],"wp:attachment":[{"href":"https:\/\/diariodigitalnea.com\/index.php\/wp-json\/wp\/v2\/media?parent=1550"}],"wp:term":[{"taxonomy":"category","embeddable":true,"href":"https:\/\/diariodigitalnea.com\/index.php\/wp-json\/wp\/v2\/categories?post=1550"},{"taxonomy":"post_tag","embeddable":true,"href":"https:\/\/diariodigitalnea.com\/index.php\/wp-json\/wp\/v2\/tags?post=1550"}],"curies":[{"name":"wp","href":"https:\/\/api.w.org\/{rel}","templated":true}]}}