{"id":15350,"date":"2024-09-22T23:16:00","date_gmt":"2024-09-22T23:16:00","guid":{"rendered":"https:\/\/diariodigitalnea.com\/?p=15350"},"modified":"2024-09-22T23:16:00","modified_gmt":"2024-09-22T23:16:00","slug":"incendios-en-cordoba-detuvieron-a-otro-hombre-y-se-reavivaron-otros-dos-focos","status":"publish","type":"post","link":"https:\/\/diariodigitalnea.com\/index.php\/2024\/09\/22\/incendios-en-cordoba-detuvieron-a-otro-hombre-y-se-reavivaron-otros-dos-focos\/","title":{"rendered":"Incendios en C\u00f3rdoba: detuvieron a otro hombre y se reavivaron otros dos focos"},"content":{"rendered":"\n<p>En medio de los incendios de C\u00f3rdoba, ya se detuvieron a dos personas acusadas de provocar diversos focos de fuego.<\/p>\n\n\n\n<p><br>Los bomberos est\u00e1n en plena batalla contra el fuego que se desat\u00f3 en C\u00f3rdoba. Este domingo, estaban luchando contra tres focos activos en las localidades de Salsacate, Villa Berna y Capilla del Monte. Por su parte, la Justicia provincial inform\u00f3 que hay un segundo detenido acusado de incendio doloso.<\/p>\n\n\n\n<figure class=\"wp-block-image size-full\"><img fetchpriority=\"high\" decoding=\"async\" width=\"960\" height=\"612\" src=\"https:\/\/diariodigitalnea.com\/wp-content\/uploads\/2024\/09\/fuego1.jpg\" alt=\"\" class=\"wp-image-15352\" srcset=\"https:\/\/diariodigitalnea.com\/wp-content\/uploads\/2024\/09\/fuego1.jpg 960w, https:\/\/diariodigitalnea.com\/wp-content\/uploads\/2024\/09\/fuego1-300x191.jpg 300w, https:\/\/diariodigitalnea.com\/wp-content\/uploads\/2024\/09\/fuego1-768x490.jpg 768w\" sizes=\"(max-width: 960px) 100vw, 960px\" \/><\/figure>\n\n\n\n<p><br><strong>Hay una segunda persona detenida por los incendios en la provincia de C\u00f3rdoba<br><\/strong>La polic\u00eda de C\u00f3rdoba confirm\u00f3 la detenci\u00f3n en sus redes sociales y revel\u00f3 quien se trata de un joven de 19 a\u00f1os quien estar\u00eda vinculado con los incendios ocurridos en la regi\u00f3n. Asimismo, agreg\u00f3: \u201cEl procedimiento se llev\u00f3 a cabo tras una investigaci\u00f3n por parte de personal de la Departamental Punilla Norte, en conjunto con la Fiscal\u00eda de Cosqu\u00edn\u201d.<\/p>\n\n\n\n<figure class=\"wp-block-image size-large\"><img decoding=\"async\" width=\"1024\" height=\"513\" src=\"http:\/\/diariodigitalnea.com\/wp-content\/uploads\/2023\/05\/ENCUENTRO-IG-Verde-copy-1024x513.jpg\" alt=\"PUBLICIDAD\" class=\"wp-image-8132\" srcset=\"https:\/\/diariodigitalnea.com\/wp-content\/uploads\/2023\/05\/ENCUENTRO-IG-Verde-copy-1024x513.jpg 1024w, https:\/\/diariodigitalnea.com\/wp-content\/uploads\/2023\/05\/ENCUENTRO-IG-Verde-copy-300x150.jpg 300w, https:\/\/diariodigitalnea.com\/wp-content\/uploads\/2023\/05\/ENCUENTRO-IG-Verde-copy-768x385.jpg 768w, https:\/\/diariodigitalnea.com\/wp-content\/uploads\/2023\/05\/ENCUENTRO-IG-Verde-copy-1536x769.jpg 1536w, https:\/\/diariodigitalnea.com\/wp-content\/uploads\/2023\/05\/ENCUENTRO-IG-Verde-copy-2048x1026.jpg 2048w\" sizes=\"(max-width: 1024px) 100vw, 1024px\" \/><figcaption class=\"wp-element-caption\">Publicidad: Encuentro Tienda de Bebidas, Chile 190 Local 4 \u2013 Tel: 3624386655 &#8211; Gral San Mart\u00edn<\/figcaption><\/figure>\n\n\n\n<p>El imputado permanece alojado a disposici\u00f3n de la fiscal\u00eda y se le atribuye el delito de \u201cincendio doloso\u201d. Esta es la segunda detenci\u00f3n en C\u00f3rdoba por los incendios.<\/p>\n\n\n\n<p>De esta manera, se suma a la efectuada el viernes por la tarde, luego de qu\u00e9 vecinos de la localidad de San Esteban denunciaron que un hombre, con un bid\u00f3n de diez litros de nafta, intentaba prender fuego distintos pastizales.<\/p>\n\n\n\n<figure class=\"wp-block-image size-large\"><img decoding=\"async\" width=\"1024\" height=\"513\" src=\"http:\/\/diariodigitalnea.com\/wp-content\/uploads\/2024\/04\/publi-GEMA-1024x513.jpg\" alt=\"publicidad\" class=\"wp-image-13586\" srcset=\"https:\/\/diariodigitalnea.com\/wp-content\/uploads\/2024\/04\/publi-GEMA-1024x513.jpg 1024w, https:\/\/diariodigitalnea.com\/wp-content\/uploads\/2024\/04\/publi-GEMA-300x150.jpg 300w, https:\/\/diariodigitalnea.com\/wp-content\/uploads\/2024\/04\/publi-GEMA-768x385.jpg 768w, https:\/\/diariodigitalnea.com\/wp-content\/uploads\/2024\/04\/publi-GEMA-1536x769.jpg 1536w, https:\/\/diariodigitalnea.com\/wp-content\/uploads\/2024\/04\/publi-GEMA.jpg 1977w\" sizes=\"(max-width: 1024px) 100vw, 1024px\" \/><figcaption class=\"wp-element-caption\">Publicidad: Gema Oufit @gemahoufit Rcia \u2013 Contacto: 3624391672<\/figcaption><\/figure>\n\n\n\n<p><br><strong>C\u00f3mo son los incendios en la provincia de C\u00f3rdoba<br><\/strong>El vocero de la secretaria de Riesgo Clim\u00e1tico, Roberto Schreiner, habl\u00f3 sobre la situaci\u00f3n en la que se encuentra C\u00f3rdoba: \u201cTenemos tres incendios activos: Salsacate, Capilla del Monte y Villa Berna\u201d. Asimismo, detall\u00f3 que en el primero de los frentes \u201cno queda tanto fuego\u201d pero la labor de los bomberos es dificultosa porque se trata de una zona poco accesible.<\/p>\n\n\n\n<figure class=\"wp-block-image size-full\"><img loading=\"lazy\" decoding=\"async\" width=\"1002\" height=\"619\" src=\"https:\/\/diariodigitalnea.com\/wp-content\/uploads\/2024\/09\/fuego11.jpg\" alt=\"\" class=\"wp-image-15353\" srcset=\"https:\/\/diariodigitalnea.com\/wp-content\/uploads\/2024\/09\/fuego11.jpg 1002w, https:\/\/diariodigitalnea.com\/wp-content\/uploads\/2024\/09\/fuego11-300x185.jpg 300w, https:\/\/diariodigitalnea.com\/wp-content\/uploads\/2024\/09\/fuego11-768x474.jpg 768w\" sizes=\"(max-width: 1002px) 100vw, 1002px\" \/><\/figure>\n\n\n\n<p>Siguiendo por la misma l\u00ednea, Robert\u00f3 explic\u00f3: \u201cEn el incendio en Capilla del Monte queda un poco de fuego en algunos sectores, pero ya no hay riesgo para las viviendas\u201d. De la misma manera, se refiri\u00f3 al fuego ubicado en Villa Berna, cerca de Calamuchita, con el que asegur\u00f3 que fue provocado intensionalmente.<\/p>\n\n\n\n<figure class=\"wp-block-image size-large\"><img loading=\"lazy\" decoding=\"async\" width=\"1024\" height=\"607\" src=\"http:\/\/diariodigitalnea.com\/wp-content\/uploads\/2023\/11\/DDN-FOTO-PC-Y-CEL-1024x607.jpg\" alt=\"publicidad\" class=\"wp-image-11794\" srcset=\"https:\/\/diariodigitalnea.com\/wp-content\/uploads\/2023\/11\/DDN-FOTO-PC-Y-CEL-1024x607.jpg 1024w, https:\/\/diariodigitalnea.com\/wp-content\/uploads\/2023\/11\/DDN-FOTO-PC-Y-CEL-300x178.jpg 300w, https:\/\/diariodigitalnea.com\/wp-content\/uploads\/2023\/11\/DDN-FOTO-PC-Y-CEL-768x455.jpg 768w, https:\/\/diariodigitalnea.com\/wp-content\/uploads\/2023\/11\/DDN-FOTO-PC-Y-CEL-1536x910.jpg 1536w, https:\/\/diariodigitalnea.com\/wp-content\/uploads\/2023\/11\/DDN-FOTO-PC-Y-CEL.jpg 2000w\" sizes=\"(max-width: 1024px) 100vw, 1024px\" \/><figcaption class=\"wp-element-caption\">Diario Digital Nea. Noticias de la regi\u00f3n y el mundo. <\/figcaption><\/figure>\n","protected":false},"excerpt":{"rendered":"<p>En medio de los incendios de C\u00f3rdoba, ya se detuvieron a dos personas acusadas de provocar diversos focos de fuego. Los bomberos est\u00e1n en plena batalla contra el fuego que se desat\u00f3 en C\u00f3rdoba. Este domingo, estaban luchando contra tres focos activos en las localidades de Salsacate, Villa Berna y Capilla del Monte. Por su [&hellip;]<\/p>\n","protected":false},"author":4,"featured_media":15351,"comment_status":"closed","ping_status":"closed","sticky":false,"template":"","format":"standard","meta":{"om_disable_all_campaigns":false,"_monsterinsights_skip_tracking":false,"_monsterinsights_sitenote_active":false,"_monsterinsights_sitenote_note":"","_monsterinsights_sitenote_category":0,"footnotes":""},"categories":[95,52],"tags":[4475,414,201],"class_list":["post-15350","post","type-post","status-publish","format-standard","has-post-thumbnail","hentry","category-informacion-general","category-policiales","tag-cordoba-2","tag-detenido","tag-incendio"],"aioseo_notices":[],"amp_enabled":true,"_links":{"self":[{"href":"https:\/\/diariodigitalnea.com\/index.php\/wp-json\/wp\/v2\/posts\/15350","targetHints":{"allow":["GET"]}}],"collection":[{"href":"https:\/\/diariodigitalnea.com\/index.php\/wp-json\/wp\/v2\/posts"}],"about":[{"href":"https:\/\/diariodigitalnea.com\/index.php\/wp-json\/wp\/v2\/types\/post"}],"author":[{"embeddable":true,"href":"https:\/\/diariodigitalnea.com\/index.php\/wp-json\/wp\/v2\/users\/4"}],"replies":[{"embeddable":true,"href":"https:\/\/diariodigitalnea.com\/index.php\/wp-json\/wp\/v2\/comments?post=15350"}],"version-history":[{"count":1,"href":"https:\/\/diariodigitalnea.com\/index.php\/wp-json\/wp\/v2\/posts\/15350\/revisions"}],"predecessor-version":[{"id":15354,"href":"https:\/\/diariodigitalnea.com\/index.php\/wp-json\/wp\/v2\/posts\/15350\/revisions\/15354"}],"wp:featuredmedia":[{"embeddable":true,"href":"https:\/\/diariodigitalnea.com\/index.php\/wp-json\/wp\/v2\/media\/15351"}],"wp:attachment":[{"href":"https:\/\/diariodigitalnea.com\/index.php\/wp-json\/wp\/v2\/media?parent=15350"}],"wp:term":[{"taxonomy":"category","embeddable":true,"href":"https:\/\/diariodigitalnea.com\/index.php\/wp-json\/wp\/v2\/categories?post=15350"},{"taxonomy":"post_tag","embeddable":true,"href":"https:\/\/diariodigitalnea.com\/index.php\/wp-json\/wp\/v2\/tags?post=15350"}],"curies":[{"name":"wp","href":"https:\/\/api.w.org\/{rel}","templated":true}]}}