{"id":15343,"date":"2024-09-22T16:33:46","date_gmt":"2024-09-22T16:33:46","guid":{"rendered":"https:\/\/diariodigitalnea.com\/?p=15343"},"modified":"2024-09-22T16:33:47","modified_gmt":"2024-09-22T16:33:47","slug":"franco-colapinto-quedo-en-undecima-posicion-en-el-circuito-de-marina-bay-me-pararon-muy-tarde","status":"publish","type":"post","link":"https:\/\/diariodigitalnea.com\/index.php\/2024\/09\/22\/franco-colapinto-quedo-en-undecima-posicion-en-el-circuito-de-marina-bay-me-pararon-muy-tarde\/","title":{"rendered":"Franco Colapinto qued\u00f3 en und\u00e9cima posici\u00f3n en el circuito de Marina-Bay: \u00abMe pararon muy tarde\u00bb"},"content":{"rendered":"\n<p>El piloto argentino de F\u00f3rmula 1, Franco Colapinto, se refiri\u00f3 la carrera de este domingo en Singapur, en la que sostuvo que hizo \u00abtodo bien\u00bb, pero que la parada en boxes fue tard\u00eda y por eso perdi\u00f3 terreno.<\/p>\n\n\n\n<p>El joven corredor finaliz\u00f3 en la und\u00e9cima posici\u00f3n en el circuito de Marina-Bay y qued\u00f3 a las puertas de nuevamente conseguir puntos para su escuder\u00eda Williams.<\/p>\n\n\n\n<p>\u00abHice todo lo mejor que pude y creo que hice todo bien, me pararon muy tarde. Considero que hubi\u00e9semos llegado a los puntos si hubi\u00e9semos elegido bien estrat\u00e9gicamente el momento de parar\u00bb, asever\u00f3 Colapinto al analizar el desempe\u00f1o de todo el equipo en el circuito.<\/p>\n\n\n\n<p>Adem\u00e1s, el oriundo de Pilar explic\u00f3 el gran desgaste f\u00edsico sufrido durante la carrera en los que, para \u00e9l, al igual que para muchos pilotos, el circuito de Marina-Bay es de los m\u00e1s desgastantes por las altas temperaturas, la humedad y la duraci\u00f3n del mismo.<\/p>\n\n\n\n<figure class=\"wp-block-image size-large\"><img fetchpriority=\"high\" decoding=\"async\" width=\"1024\" height=\"631\" src=\"http:\/\/diariodigitalnea.com\/wp-content\/uploads\/2024\/09\/colapinto2-1024x631.jpg\" alt=\"\" class=\"wp-image-15345\" srcset=\"https:\/\/diariodigitalnea.com\/wp-content\/uploads\/2024\/09\/colapinto2-1024x631.jpg 1024w, https:\/\/diariodigitalnea.com\/wp-content\/uploads\/2024\/09\/colapinto2-300x185.jpg 300w, https:\/\/diariodigitalnea.com\/wp-content\/uploads\/2024\/09\/colapinto2-768x473.jpg 768w, https:\/\/diariodigitalnea.com\/wp-content\/uploads\/2024\/09\/colapinto2.jpg 1134w\" sizes=\"(max-width: 1024px) 100vw, 1024px\" \/><figcaption class=\"wp-element-caption\">Formula One F1 &#8211; Singapore Grand Prix &#8211; Marina Bay Street Circuit, Singapore &#8211; September 22, 2024 Williams&#8217; Franco Colapinto in action during the race REUTERS\/Edgar Su<\/figcaption><\/figure>\n\n\n\n<p>\u00abCon las gomas medias me fue muy bien, con las duras me empec\u00e9 a cansar mucho y estaba m\u00e1s al l\u00edmite yo que la m\u00e1quina, pero creo que fue una buena primera carrera en Singapur, ya que son carreras muy duras\u00bb, exclam\u00f3.<\/p>\n\n\n\n<p>Y agreg\u00f3:\u00bb me hubiera gustado llegar a los puntos, fue una carrera compleja, sin safety car, pero estoy feliz por haberla terminado\u00bb.<\/p>\n\n\n\n<p>A su vez, tambi\u00e9n analiz\u00f3 la gran largada que tuvo, en la que adelant\u00f3 dos posiciones y le permiti\u00f3 ingresar en la zona de puntos, pero que no pudo mantener a lo largo de la carrera.<\/p>\n\n\n\n<p>\u00abFue una buena salida, hab\u00eda lugar por adentro y me tir\u00e9. Avance dos puestos que me ayudaron a meterme en los puntos\u00bb, expres\u00f3 el joven piloto de 21 a\u00f1os.<\/p>\n\n\n\n<p>Asimismo, sentenci\u00f3: \u00abUna l\u00e1stima no haber podido mantenerme en el top 10 por una parada un poco tarde y lenta. Son cosas que est\u00e1n fuera de mi control. El equipo me par\u00f3 tarde. No hay mucho que yo pueda hacer. Fue una decisi\u00f3n de ellos que sali\u00f3 mal y esperemos que no suceda otra vez porque es complicado estar en esa posici\u00f3n y cuando se consigue hay que defenderla bien\u00bb.<\/p>\n\n\n\n<p>Por \u00faltimo, Colapinto fue consultado por los dichos de Sergio \u00abCheco\u00bb P\u00e9rez, acerca de sus habilidades y lo mucho que le cost\u00f3 al mexicano pasarlo durante la carrera.<\/p>\n\n\n\n<p>El piloto de Red Bull exclam\u00f3 durante la misma que \u00abes muy bueno, no lo puedo pasar\u00bb, con referencia al piloto argentino de Williams que aguant\u00f3 con gran categor\u00eda las arremetidas del experimentado corredor norteamericano.<\/p>\n\n\n\n<p>Ante esto, el pilarense dijo: \u00abUn capo `Checo`, lo ve\u00eda desde chico en casa y ahora estar corriendo contra \u00e9l es muy lindo. Es un gran piloto. No me pod\u00eda pasar por este circuito, en otro me hubiera pasado. Lamentablemente me adelantaron en los boxes\u00bb.<\/p>\n","protected":false},"excerpt":{"rendered":"<p>El piloto argentino de F\u00f3rmula 1, Franco Colapinto, se refiri\u00f3 la carrera de este domingo en Singapur, en la que sostuvo que hizo \u00abtodo bien\u00bb, pero que la parada en boxes fue tard\u00eda y por eso perdi\u00f3 terreno. El joven corredor finaliz\u00f3 en la und\u00e9cima posici\u00f3n en el circuito de Marina-Bay y qued\u00f3 a las [&hellip;]<\/p>\n","protected":false},"author":3,"featured_media":15344,"comment_status":"closed","ping_status":"closed","sticky":false,"template":"","format":"standard","meta":{"om_disable_all_campaigns":false,"_monsterinsights_skip_tracking":false,"_monsterinsights_sitenote_active":false,"_monsterinsights_sitenote_note":"","_monsterinsights_sitenote_category":0,"footnotes":""},"categories":[6],"tags":[4443,4442,4482,4483],"class_list":["post-15343","post","type-post","status-publish","format-standard","has-post-thumbnail","hentry","category-deporte","tag-formula-1","tag-franco-colapinto","tag-marina-bay","tag-piloto-argentino"],"aioseo_notices":[],"amp_enabled":true,"_links":{"self":[{"href":"https:\/\/diariodigitalnea.com\/index.php\/wp-json\/wp\/v2\/posts\/15343","targetHints":{"allow":["GET"]}}],"collection":[{"href":"https:\/\/diariodigitalnea.com\/index.php\/wp-json\/wp\/v2\/posts"}],"about":[{"href":"https:\/\/diariodigitalnea.com\/index.php\/wp-json\/wp\/v2\/types\/post"}],"author":[{"embeddable":true,"href":"https:\/\/diariodigitalnea.com\/index.php\/wp-json\/wp\/v2\/users\/3"}],"replies":[{"embeddable":true,"href":"https:\/\/diariodigitalnea.com\/index.php\/wp-json\/wp\/v2\/comments?post=15343"}],"version-history":[{"count":1,"href":"https:\/\/diariodigitalnea.com\/index.php\/wp-json\/wp\/v2\/posts\/15343\/revisions"}],"predecessor-version":[{"id":15346,"href":"https:\/\/diariodigitalnea.com\/index.php\/wp-json\/wp\/v2\/posts\/15343\/revisions\/15346"}],"wp:featuredmedia":[{"embeddable":true,"href":"https:\/\/diariodigitalnea.com\/index.php\/wp-json\/wp\/v2\/media\/15344"}],"wp:attachment":[{"href":"https:\/\/diariodigitalnea.com\/index.php\/wp-json\/wp\/v2\/media?parent=15343"}],"wp:term":[{"taxonomy":"category","embeddable":true,"href":"https:\/\/diariodigitalnea.com\/index.php\/wp-json\/wp\/v2\/categories?post=15343"},{"taxonomy":"post_tag","embeddable":true,"href":"https:\/\/diariodigitalnea.com\/index.php\/wp-json\/wp\/v2\/tags?post=15343"}],"curies":[{"name":"wp","href":"https:\/\/api.w.org\/{rel}","templated":true}]}}