{"id":15317,"date":"2024-09-18T12:19:07","date_gmt":"2024-09-18T12:19:07","guid":{"rendered":"https:\/\/diariodigitalnea.com\/?p=15317"},"modified":"2024-09-18T12:19:07","modified_gmt":"2024-09-18T12:19:07","slug":"le-negaron-la-carga-de-combustible-por-falta-de-casco-y-los-amenazo-con-un-arma","status":"publish","type":"post","link":"https:\/\/diariodigitalnea.com\/index.php\/2024\/09\/18\/le-negaron-la-carga-de-combustible-por-falta-de-casco-y-los-amenazo-con-un-arma\/","title":{"rendered":"Le negaron la carga de combustible por falta de casco, y los amenaz\u00f3 con un arma"},"content":{"rendered":"\n<p>Intervino personal de la Comisar\u00eda S\u00e9ptima. Ocurri\u00f3 en una planta expendedora ubicada en la avenida Soberan\u00eda Nacional N\u00b0 475.<\/p>\n\n\n\n<p><\/p>\n\n\n\n<p>En la noche de este martes, personal de la Comisar\u00eda S\u00e9ptima procedi\u00f3 a la detenci\u00f3n de un hombre de 32 a\u00f1os, en cuyo poder se incaut\u00f3 un rev\u00f3lver calibre 32, con tres cartuchos del mismo calibre.<\/p>\n\n\n\n<figure class=\"wp-block-image size-large\"><img fetchpriority=\"high\" decoding=\"async\" width=\"1024\" height=\"513\" src=\"http:\/\/diariodigitalnea.com\/wp-content\/uploads\/2023\/05\/ENCUENTRO-IG-Verde-copy-1024x513.jpg\" alt=\"PUBLICIDAD\" class=\"wp-image-8132\" srcset=\"https:\/\/diariodigitalnea.com\/wp-content\/uploads\/2023\/05\/ENCUENTRO-IG-Verde-copy-1024x513.jpg 1024w, https:\/\/diariodigitalnea.com\/wp-content\/uploads\/2023\/05\/ENCUENTRO-IG-Verde-copy-300x150.jpg 300w, https:\/\/diariodigitalnea.com\/wp-content\/uploads\/2023\/05\/ENCUENTRO-IG-Verde-copy-768x385.jpg 768w, https:\/\/diariodigitalnea.com\/wp-content\/uploads\/2023\/05\/ENCUENTRO-IG-Verde-copy-1536x769.jpg 1536w, https:\/\/diariodigitalnea.com\/wp-content\/uploads\/2023\/05\/ENCUENTRO-IG-Verde-copy-2048x1026.jpg 2048w\" sizes=\"(max-width: 1024px) 100vw, 1024px\" \/><figcaption class=\"wp-element-caption\">Publicidad: Encuentro Tienda de Bebidas, Chile 190 Local 4 \u2013 Tel: 3624386655 &#8211; Gral San Mart\u00edn<\/figcaption><\/figure>\n\n\n\n<p>El incidente ocurri\u00f3 cerca de las 23:44 horas, cuando un hombre de 42 a\u00f1os y una mujer de 39, intentaron cargar combustible en la estaci\u00f3n de servicio P&amp;H. Pero el empleado de la estaci\u00f3n se neg\u00f3 a cargarle combustible debido a que ni el conductor, ni su acompa\u00f1ante llevaban casco.&nbsp;<\/p>\n\n\n\n<p><\/p>\n\n\n\n<p>Ante esta situaci\u00f3n, el acompa\u00f1ante del motociclista sac\u00f3 un rev\u00f3lver de una mochila roja y apunt\u00f3 tanto al empleado como a los presentes, para luego retirarse del lugar.<\/p>\n\n\n\n<figure class=\"wp-block-image size-large\"><img decoding=\"async\" width=\"1024\" height=\"446\" src=\"http:\/\/diariodigitalnea.com\/wp-content\/uploads\/2023\/05\/CONSTRUCAL-CON-FABRICA-2-1024x446.jpg\" alt=\"publicidad Construcal 2\" class=\"wp-image-8211\" srcset=\"https:\/\/diariodigitalnea.com\/wp-content\/uploads\/2023\/05\/CONSTRUCAL-CON-FABRICA-2-1024x446.jpg 1024w, https:\/\/diariodigitalnea.com\/wp-content\/uploads\/2023\/05\/CONSTRUCAL-CON-FABRICA-2-300x131.jpg 300w, https:\/\/diariodigitalnea.com\/wp-content\/uploads\/2023\/05\/CONSTRUCAL-CON-FABRICA-2-768x334.jpg 768w, https:\/\/diariodigitalnea.com\/wp-content\/uploads\/2023\/05\/CONSTRUCAL-CON-FABRICA-2-1536x669.jpg 1536w, https:\/\/diariodigitalnea.com\/wp-content\/uploads\/2023\/05\/CONSTRUCAL-CON-FABRICA-2-2048x892.jpg 2048w\" sizes=\"(max-width: 1024px) 100vw, 1024px\" \/><figcaption class=\"wp-element-caption\">Publicidad: ConstruCal Cales hidratas y vivas para uso vial y construcci\u00f3n TEL: 3624602737\n<\/figcaption><\/figure>\n\n\n\n<p>Inmediatamente, alertaron a un patrullero que pasaba por la zona. Los agentes lograron detener al sospechoso a pocos metros de la estaci\u00f3n. Adem\u00e1s, se secuestr\u00f3 el arma utilizada, un rev\u00f3lver calibre 32 sin marca ni n\u00famero visible, con tres cartuchos.<\/p>\n\n\n\n<p><\/p>\n\n\n\n<p>Durante el procedimiento, tambi\u00e9n intervino personal de la Comisar\u00eda Quinta de Resistencia. La Fiscal\u00eda en turno dispuso la aprehensi\u00f3n del detenido por \u00abSupuesta infracci\u00f3n al art\u00edculo 189 Bis del C\u00f3digo Penal\u00bb.<\/p>\n\n\n\n<figure class=\"wp-block-image size-large\"><img decoding=\"async\" width=\"1024\" height=\"607\" src=\"http:\/\/diariodigitalnea.com\/wp-content\/uploads\/2023\/11\/DDN-FOTO-PC-Y-CEL-1024x607.jpg\" alt=\"publicidad\" class=\"wp-image-11794\" srcset=\"https:\/\/diariodigitalnea.com\/wp-content\/uploads\/2023\/11\/DDN-FOTO-PC-Y-CEL-1024x607.jpg 1024w, https:\/\/diariodigitalnea.com\/wp-content\/uploads\/2023\/11\/DDN-FOTO-PC-Y-CEL-300x178.jpg 300w, https:\/\/diariodigitalnea.com\/wp-content\/uploads\/2023\/11\/DDN-FOTO-PC-Y-CEL-768x455.jpg 768w, https:\/\/diariodigitalnea.com\/wp-content\/uploads\/2023\/11\/DDN-FOTO-PC-Y-CEL-1536x910.jpg 1536w, https:\/\/diariodigitalnea.com\/wp-content\/uploads\/2023\/11\/DDN-FOTO-PC-Y-CEL.jpg 2000w\" sizes=\"(max-width: 1024px) 100vw, 1024px\" \/><figcaption class=\"wp-element-caption\">Diario Digital Nea. Noticias de la regi\u00f3n y el mundo. <\/figcaption><\/figure>\n","protected":false},"excerpt":{"rendered":"<p>Intervino personal de la Comisar\u00eda S\u00e9ptima. Ocurri\u00f3 en una planta expendedora ubicada en la avenida Soberan\u00eda Nacional N\u00b0 475. En la noche de este martes, personal de la Comisar\u00eda S\u00e9ptima procedi\u00f3 a la detenci\u00f3n de un hombre de 32 a\u00f1os, en cuyo poder se incaut\u00f3 un rev\u00f3lver calibre 32, con tres cartuchos del mismo calibre. [&hellip;]<\/p>\n","protected":false},"author":4,"featured_media":15318,"comment_status":"closed","ping_status":"closed","sticky":false,"template":"","format":"standard","meta":{"om_disable_all_campaigns":false,"_monsterinsights_skip_tracking":false,"_monsterinsights_sitenote_active":false,"_monsterinsights_sitenote_note":"","_monsterinsights_sitenote_category":0,"footnotes":""},"categories":[95,52],"tags":[],"class_list":["post-15317","post","type-post","status-publish","format-standard","has-post-thumbnail","hentry","category-informacion-general","category-policiales"],"aioseo_notices":[],"amp_enabled":true,"_links":{"self":[{"href":"https:\/\/diariodigitalnea.com\/index.php\/wp-json\/wp\/v2\/posts\/15317","targetHints":{"allow":["GET"]}}],"collection":[{"href":"https:\/\/diariodigitalnea.com\/index.php\/wp-json\/wp\/v2\/posts"}],"about":[{"href":"https:\/\/diariodigitalnea.com\/index.php\/wp-json\/wp\/v2\/types\/post"}],"author":[{"embeddable":true,"href":"https:\/\/diariodigitalnea.com\/index.php\/wp-json\/wp\/v2\/users\/4"}],"replies":[{"embeddable":true,"href":"https:\/\/diariodigitalnea.com\/index.php\/wp-json\/wp\/v2\/comments?post=15317"}],"version-history":[{"count":1,"href":"https:\/\/diariodigitalnea.com\/index.php\/wp-json\/wp\/v2\/posts\/15317\/revisions"}],"predecessor-version":[{"id":15319,"href":"https:\/\/diariodigitalnea.com\/index.php\/wp-json\/wp\/v2\/posts\/15317\/revisions\/15319"}],"wp:featuredmedia":[{"embeddable":true,"href":"https:\/\/diariodigitalnea.com\/index.php\/wp-json\/wp\/v2\/media\/15318"}],"wp:attachment":[{"href":"https:\/\/diariodigitalnea.com\/index.php\/wp-json\/wp\/v2\/media?parent=15317"}],"wp:term":[{"taxonomy":"category","embeddable":true,"href":"https:\/\/diariodigitalnea.com\/index.php\/wp-json\/wp\/v2\/categories?post=15317"},{"taxonomy":"post_tag","embeddable":true,"href":"https:\/\/diariodigitalnea.com\/index.php\/wp-json\/wp\/v2\/tags?post=15317"}],"curies":[{"name":"wp","href":"https:\/\/api.w.org\/{rel}","templated":true}]}}