{"id":15307,"date":"2024-09-17T23:27:37","date_gmt":"2024-09-17T23:27:37","guid":{"rendered":"https:\/\/diariodigitalnea.com\/?p=15307"},"modified":"2024-09-17T23:27:38","modified_gmt":"2024-09-17T23:27:38","slug":"renault-invertira-us-350-millones-para-fabricar-pick-ups-que-generara-mas-de-4000-empleos-en-argentina","status":"publish","type":"post","link":"https:\/\/diariodigitalnea.com\/index.php\/2024\/09\/17\/renault-invertira-us-350-millones-para-fabricar-pick-ups-que-generara-mas-de-4000-empleos-en-argentina\/","title":{"rendered":"Renault invertir\u00e1 US$ 350 millones para fabricar pick-ups, que generar\u00e1 mas de 4000 empleos en Argentina"},"content":{"rendered":"\n<p>Generar\u00e1 850 empleos directos y 4000 indirectos.<\/p>\n\n\n\n<p><br>Renault anunci\u00f3 una inversi\u00f3n de US$ 350 millones en su planta de Santa Isabel, C\u00f3rdoba, para la producci\u00f3n de una pick-up que no se fabrica en otra parte del mundo. Adem\u00e1s podr\u00eda ingresar el proyecto en el marco del RIGI, lo que significar\u00eda una entrada m\u00e1s grande de dinero asociado a la opci\u00f3n h\u00edbrida del modelo.<\/p>\n\n\n\n<p><\/p>\n\n\n\n<p>El 70% de las unidades producidas estar\u00e1n destinadas a la exportaci\u00f3n y 30% para el mercado interno, seg\u00fan inform\u00f3 la empresa en un comunicado.<\/p>\n\n\n\n<figure class=\"wp-block-image size-large\"><img fetchpriority=\"high\" decoding=\"async\" width=\"1024\" height=\"513\" src=\"http:\/\/diariodigitalnea.com\/wp-content\/uploads\/2023\/05\/ENCUENTRO-IG-Verde-copy-1024x513.jpg\" alt=\"PUBLICIDAD\" class=\"wp-image-8132\" srcset=\"https:\/\/diariodigitalnea.com\/wp-content\/uploads\/2023\/05\/ENCUENTRO-IG-Verde-copy-1024x513.jpg 1024w, https:\/\/diariodigitalnea.com\/wp-content\/uploads\/2023\/05\/ENCUENTRO-IG-Verde-copy-300x150.jpg 300w, https:\/\/diariodigitalnea.com\/wp-content\/uploads\/2023\/05\/ENCUENTRO-IG-Verde-copy-768x385.jpg 768w, https:\/\/diariodigitalnea.com\/wp-content\/uploads\/2023\/05\/ENCUENTRO-IG-Verde-copy-1536x769.jpg 1536w, https:\/\/diariodigitalnea.com\/wp-content\/uploads\/2023\/05\/ENCUENTRO-IG-Verde-copy-2048x1026.jpg 2048w\" sizes=\"(max-width: 1024px) 100vw, 1024px\" \/><figcaption class=\"wp-element-caption\">Publicidad: Encuentro Tienda de Bebidas, Chile 190 Local 4 \u2013 Tel: 3624386655 &#8211; Gral San Mart\u00edn<\/figcaption><\/figure>\n\n\n\n<p>El CEO de Renault Am\u00e9rica Latina, Luiz Fernando Pedrucci, y el presidente y director general de Renault Argentina, Pablo Sibilla, compartieron el anuncio en una reuni\u00f3n mantenida esta ma\u00f1ana con el ministro de Econom\u00eda, Luis Caputo; el secretario de Comercio e Industria de la Naci\u00f3n, Pablo Lavigne; y la vicegobernadora de C\u00f3rdoba, Myrian Prunotto.<\/p>\n\n\n\n<p><\/p>\n\n\n\n<p>En declaraciones a la prensa, Sibilla afirm\u00f3: \u00abLa inversi\u00f3n estaba prevista antes del RIGI, es verdad que estamos trabajando con el equipo del ministro (Luis Caputo) para aplicar la inversi\u00f3n al RIGI\u00bb. \u00abEso puede acelerar la hibridizaci\u00f3n de la plataforma\u00bb, agreg\u00f3.<\/p>\n\n\n\n<figure class=\"wp-block-image size-full\"><img decoding=\"async\" width=\"999\" height=\"520\" src=\"https:\/\/diariodigitalnea.com\/wp-content\/uploads\/2024\/09\/renault1.jpg\" alt=\"\" class=\"wp-image-15309\" srcset=\"https:\/\/diariodigitalnea.com\/wp-content\/uploads\/2024\/09\/renault1.jpg 999w, https:\/\/diariodigitalnea.com\/wp-content\/uploads\/2024\/09\/renault1-300x156.jpg 300w, https:\/\/diariodigitalnea.com\/wp-content\/uploads\/2024\/09\/renault1-768x400.jpg 768w\" sizes=\"(max-width: 999px) 100vw, 999px\" \/><\/figure>\n\n\n\n<p>La inversi\u00f3n generar\u00e1 850 empleos directos y 4000 indirectos. Se prev\u00e9 que la producci\u00f3n llegue a las 60.000 unidades por a\u00f1o, pero Pedrucci dijo que espera \u00abllegar a una producci\u00f3n de 100.000 unidades por a\u00f1o\u00bb, si avanza el ingreso al RIGI.<\/p>\n\n\n\n<figure class=\"wp-block-image size-large\"><img decoding=\"async\" width=\"1024\" height=\"513\" src=\"http:\/\/diariodigitalnea.com\/wp-content\/uploads\/2024\/04\/publi-GEMA-1024x513.jpg\" alt=\"publicidad\" class=\"wp-image-13586\" srcset=\"https:\/\/diariodigitalnea.com\/wp-content\/uploads\/2024\/04\/publi-GEMA-1024x513.jpg 1024w, https:\/\/diariodigitalnea.com\/wp-content\/uploads\/2024\/04\/publi-GEMA-300x150.jpg 300w, https:\/\/diariodigitalnea.com\/wp-content\/uploads\/2024\/04\/publi-GEMA-768x385.jpg 768w, https:\/\/diariodigitalnea.com\/wp-content\/uploads\/2024\/04\/publi-GEMA-1536x769.jpg 1536w, https:\/\/diariodigitalnea.com\/wp-content\/uploads\/2024\/04\/publi-GEMA.jpg 1977w\" sizes=\"(max-width: 1024px) 100vw, 1024px\" \/><figcaption class=\"wp-element-caption\">Publicidad: Gema Oufit @gemahoufit Rcia \u2013 Contacto: 3624391672<\/figcaption><\/figure>\n\n\n\n<p>\u00abTengo la ambici\u00f3n que est\u00e9 m\u00ednimo en el top 3 del mercado argentino\u00bb, expres\u00f3. \u00abArgentina exporta 20% de impuestos, Brasil la mitad, M\u00e9xico ninguno. Con el proceso de desregulaci\u00f3n y simplificaci\u00f3n de impuestos iniciado esperamos que en el plazo de una a\u00f1o tenga su fruto y eso puede dar el volumen adicional\u00bb, sostuvo Sibilla.<\/p>\n\n\n\n<figure class=\"wp-block-image size-large\"><img loading=\"lazy\" decoding=\"async\" width=\"1024\" height=\"622\" src=\"https:\/\/diariodigitalnea.com\/wp-content\/uploads\/2024\/09\/renault22-1024x622.jpg\" alt=\"\" class=\"wp-image-15310\" srcset=\"https:\/\/diariodigitalnea.com\/wp-content\/uploads\/2024\/09\/renault22-1024x622.jpg 1024w, https:\/\/diariodigitalnea.com\/wp-content\/uploads\/2024\/09\/renault22-300x182.jpg 300w, https:\/\/diariodigitalnea.com\/wp-content\/uploads\/2024\/09\/renault22-768x467.jpg 768w, https:\/\/diariodigitalnea.com\/wp-content\/uploads\/2024\/09\/renault22.jpg 1037w\" sizes=\"(max-width: 1024px) 100vw, 1024px\" \/><\/figure>\n\n\n\n<p>\u00abRenault refuerza su compromiso con Am\u00e9rica Latina, especialmente con Argentina, confirmando el proyecto m\u00e1s significativo de su historia. Hoy, anunciamos con orgullo la inversi\u00f3n para fabricar una nueva pick-up de media tonelada, un elemento clave en la transformaci\u00f3n de nuestra marca. Este paso no s\u00f3lo refuerza nuestra presencia en la regi\u00f3n, sino que tambi\u00e9n consolida nuestra estrategia global, tal como se esboz\u00f3 en el International Game Plan el a\u00f1o pasado\u00bb, manifest\u00f3 Pedrucci.<\/p>\n\n\n\n<p><\/p>\n\n\n\n<p>Con esta inversi\u00f3n, la nueva plataforma Renault Group Modular Platform (RGMP) tendr\u00e1 el primer modelo industrializado en Argentina.<\/p>\n\n\n\n<figure class=\"wp-block-image size-large\"><img loading=\"lazy\" decoding=\"async\" width=\"1024\" height=\"446\" src=\"http:\/\/diariodigitalnea.com\/wp-content\/uploads\/2023\/05\/CONSTRUCAL-CON-FABRICA-2-1024x446.jpg\" alt=\"publicidad Construcal 2\" class=\"wp-image-8211\" srcset=\"https:\/\/diariodigitalnea.com\/wp-content\/uploads\/2023\/05\/CONSTRUCAL-CON-FABRICA-2-1024x446.jpg 1024w, https:\/\/diariodigitalnea.com\/wp-content\/uploads\/2023\/05\/CONSTRUCAL-CON-FABRICA-2-300x131.jpg 300w, https:\/\/diariodigitalnea.com\/wp-content\/uploads\/2023\/05\/CONSTRUCAL-CON-FABRICA-2-768x334.jpg 768w, https:\/\/diariodigitalnea.com\/wp-content\/uploads\/2023\/05\/CONSTRUCAL-CON-FABRICA-2-1536x669.jpg 1536w, https:\/\/diariodigitalnea.com\/wp-content\/uploads\/2023\/05\/CONSTRUCAL-CON-FABRICA-2-2048x892.jpg 2048w\" sizes=\"(max-width: 1024px) 100vw, 1024px\" \/><figcaption class=\"wp-element-caption\">Publicidad: ConstruCal Cales hidratas y vivas para uso vial y construcci\u00f3n TEL: 3624602737\n<\/figcaption><\/figure>\n\n\n\n<p>\u00abEn el camino hacia los 70 a\u00f1os de nuestra querida f\u00e1brica Santa Isabel, el lanzamiento de esta pick up de media tonelada fabricada exclusivamente en Argentina, marca un nuevo cap\u00edtulo en nuestra rica historia industrial en nuestro pa\u00eds\u00bb, se\u00f1al\u00f3 Sibilla.<\/p>\n\n\n\n<p><\/p>\n\n\n\n<p>\u00abCon un perfil exportador que alcanzar\u00e1 entre el 65% y el 70% de la producci\u00f3n, reafirmamos la capacidad y el talento de la industria argentina, consolid\u00e1ndola como un pilar estrat\u00e9gico en nuestra operaci\u00f3n global\u00bb, indic\u00f3 el director general.<\/p>\n\n\n\n<figure class=\"wp-block-image size-large\"><img loading=\"lazy\" decoding=\"async\" width=\"1024\" height=\"607\" src=\"http:\/\/diariodigitalnea.com\/wp-content\/uploads\/2023\/11\/DDN-FOTO-PC-Y-CEL-1024x607.jpg\" alt=\"publicidad\" class=\"wp-image-11794\" srcset=\"https:\/\/diariodigitalnea.com\/wp-content\/uploads\/2023\/11\/DDN-FOTO-PC-Y-CEL-1024x607.jpg 1024w, https:\/\/diariodigitalnea.com\/wp-content\/uploads\/2023\/11\/DDN-FOTO-PC-Y-CEL-300x178.jpg 300w, https:\/\/diariodigitalnea.com\/wp-content\/uploads\/2023\/11\/DDN-FOTO-PC-Y-CEL-768x455.jpg 768w, https:\/\/diariodigitalnea.com\/wp-content\/uploads\/2023\/11\/DDN-FOTO-PC-Y-CEL-1536x910.jpg 1536w, https:\/\/diariodigitalnea.com\/wp-content\/uploads\/2023\/11\/DDN-FOTO-PC-Y-CEL.jpg 2000w\" sizes=\"(max-width: 1024px) 100vw, 1024px\" \/><figcaption class=\"wp-element-caption\">Diario Digital Nea. Noticias de la regi\u00f3n y el mundo. <\/figcaption><\/figure>\n","protected":false},"excerpt":{"rendered":"<p>Generar\u00e1 850 empleos directos y 4000 indirectos. Renault anunci\u00f3 una inversi\u00f3n de US$ 350 millones en su planta de Santa Isabel, C\u00f3rdoba, para la producci\u00f3n de una pick-up que no se fabrica en otra parte del mundo. Adem\u00e1s podr\u00eda ingresar el proyecto en el marco del RIGI, lo que significar\u00eda una entrada m\u00e1s grande de [&hellip;]<\/p>\n","protected":false},"author":4,"featured_media":15308,"comment_status":"closed","ping_status":"closed","sticky":false,"template":"","format":"standard","meta":{"om_disable_all_campaigns":false,"_monsterinsights_skip_tracking":false,"_monsterinsights_sitenote_active":false,"_monsterinsights_sitenote_note":"","_monsterinsights_sitenote_category":0,"footnotes":""},"categories":[5,95],"tags":[4475,1911],"class_list":["post-15307","post","type-post","status-publish","format-standard","has-post-thumbnail","hentry","category-economia","category-informacion-general","tag-cordoba-2","tag-renault"],"aioseo_notices":[],"amp_enabled":true,"_links":{"self":[{"href":"https:\/\/diariodigitalnea.com\/index.php\/wp-json\/wp\/v2\/posts\/15307","targetHints":{"allow":["GET"]}}],"collection":[{"href":"https:\/\/diariodigitalnea.com\/index.php\/wp-json\/wp\/v2\/posts"}],"about":[{"href":"https:\/\/diariodigitalnea.com\/index.php\/wp-json\/wp\/v2\/types\/post"}],"author":[{"embeddable":true,"href":"https:\/\/diariodigitalnea.com\/index.php\/wp-json\/wp\/v2\/users\/4"}],"replies":[{"embeddable":true,"href":"https:\/\/diariodigitalnea.com\/index.php\/wp-json\/wp\/v2\/comments?post=15307"}],"version-history":[{"count":1,"href":"https:\/\/diariodigitalnea.com\/index.php\/wp-json\/wp\/v2\/posts\/15307\/revisions"}],"predecessor-version":[{"id":15311,"href":"https:\/\/diariodigitalnea.com\/index.php\/wp-json\/wp\/v2\/posts\/15307\/revisions\/15311"}],"wp:featuredmedia":[{"embeddable":true,"href":"https:\/\/diariodigitalnea.com\/index.php\/wp-json\/wp\/v2\/media\/15308"}],"wp:attachment":[{"href":"https:\/\/diariodigitalnea.com\/index.php\/wp-json\/wp\/v2\/media?parent=15307"}],"wp:term":[{"taxonomy":"category","embeddable":true,"href":"https:\/\/diariodigitalnea.com\/index.php\/wp-json\/wp\/v2\/categories?post=15307"},{"taxonomy":"post_tag","embeddable":true,"href":"https:\/\/diariodigitalnea.com\/index.php\/wp-json\/wp\/v2\/tags?post=15307"}],"curies":[{"name":"wp","href":"https:\/\/api.w.org\/{rel}","templated":true}]}}