{"id":15252,"date":"2024-09-13T12:39:00","date_gmt":"2024-09-13T12:39:00","guid":{"rendered":"https:\/\/diariodigitalnea.com\/?p=15252"},"modified":"2024-09-13T12:39:00","modified_gmt":"2024-09-13T12:39:00","slug":"gran-operativo-de-seguridad-en-la-20-pesca-internacional-del-dorado-con-devolucion","status":"publish","type":"post","link":"https:\/\/diariodigitalnea.com\/index.php\/2024\/09\/13\/gran-operativo-de-seguridad-en-la-20-pesca-internacional-del-dorado-con-devolucion\/","title":{"rendered":"Gran operativo de seguridad en la 20\u00b0 Pesca Internacional del Dorado con devoluci\u00f3n"},"content":{"rendered":"\n<p>Efectivos de unidades especiales y administrativas ser\u00e1n afectados para la prevenci\u00f3n y control. ECOM colabor\u00f3 con la instalaci\u00f3n y distribuci\u00f3n de c\u00e1maras.<\/p>\n\n\n\n<p>Desde el Ministerio de Seguridad se dispuso la implementaci\u00f3n del operativo policial para una nueva edici\u00f3n de la Pesca del Dorado. Por ello, el Centro de An\u00e1lisis, Comando y Control Policiales (CEAC) dispuso que los efectivos ser\u00e1n distribuidos desde la madrugada del viernes y hasta la noche del domingo.<\/p>\n\n\n\n<p>Cuatro a\u00f1os pasaron desde la \u00faltima fiesta y por ello, se espera una gran concurrencia. El operativo contar\u00e1 con m\u00e1s de 15 patrulleros, 20 motocicletas y 10 equinos. Adem\u00e1s, estar\u00e1 presente la Divisi\u00f3n Infanter\u00eda y el Cuerpo de Operaciones Especiales.<\/p>\n\n\n\n<figure class=\"wp-block-image size-large\"><img fetchpriority=\"high\" decoding=\"async\" width=\"1024\" height=\"683\" src=\"http:\/\/diariodigitalnea.com\/wp-content\/uploads\/2024\/09\/pesca2-1024x683.jpg\" alt=\"\" class=\"wp-image-15254\" srcset=\"https:\/\/diariodigitalnea.com\/wp-content\/uploads\/2024\/09\/pesca2-1024x683.jpg 1024w, https:\/\/diariodigitalnea.com\/wp-content\/uploads\/2024\/09\/pesca2-300x200.jpg 300w, https:\/\/diariodigitalnea.com\/wp-content\/uploads\/2024\/09\/pesca2-768x512.jpg 768w, https:\/\/diariodigitalnea.com\/wp-content\/uploads\/2024\/09\/pesca2-1536x1024.jpg 1536w, https:\/\/diariodigitalnea.com\/wp-content\/uploads\/2024\/09\/pesca2-900x600.jpg 900w, https:\/\/diariodigitalnea.com\/wp-content\/uploads\/2024\/09\/pesca2.jpg 1600w\" sizes=\"(max-width: 1024px) 100vw, 1024px\" \/><\/figure>\n\n\n\n<p>La diagramaci\u00f3n del operativo abarcar\u00e1 la localidad de La Isla del Cerrito pero tambi\u00e9n alrededores, entre accesos de caminos vecinales y los accesos por Ruta 63 y desde Las Palmas. Habr\u00e1 puestos fijos de Polic\u00eda Caminera que realizar\u00e1n controles de alcoholemia y recorridas preventivas en todo el trayecto.<\/p>\n\n\n\n<h2 class=\"wp-block-heading\">Recomendaciones<\/h2>\n\n\n\n<ul class=\"wp-block-list\">\n<li>Circular con precauci\u00f3n y ante cualquier emergencia comunicarse al 911.<\/li>\n<\/ul>\n\n\n\n<h2 class=\"wp-block-heading\">Polic\u00eda Caminantes y C\u00e1maras de Videovigilancia<\/h2>\n\n\n\n<p>La planta urbana tendr\u00e1 servicio de caminantes adem\u00e1s de c\u00e1maras de seguridad distribuidas por los sectores del evento y que fueron instalados gracias a la empresa ECOM. A esto se sumar\u00e1, equipos de filmaci\u00f3n y drones.<\/p>\n\n\n\n<p>Por su parte, personal de comisar\u00edas aleda\u00f1as y del interior dispondr\u00e1n servicio preventivo y estar\u00e1n apoyadas por unidades especiales: Direcci\u00f3n General Consumos Problem\u00e1ticos, Departamento Bomberos, Departamento Canes, Departamento Investigaciones Complejas, Departamento Medicina Laboral, entre otras.<\/p>\n\n\n\n<figure class=\"wp-block-image size-large\"><img decoding=\"async\" width=\"1024\" height=\"683\" src=\"http:\/\/diariodigitalnea.com\/wp-content\/uploads\/2024\/09\/pesca3-1024x683.jpg\" alt=\"\" class=\"wp-image-15255\" srcset=\"https:\/\/diariodigitalnea.com\/wp-content\/uploads\/2024\/09\/pesca3-1024x683.jpg 1024w, https:\/\/diariodigitalnea.com\/wp-content\/uploads\/2024\/09\/pesca3-300x200.jpg 300w, https:\/\/diariodigitalnea.com\/wp-content\/uploads\/2024\/09\/pesca3-768x512.jpg 768w, https:\/\/diariodigitalnea.com\/wp-content\/uploads\/2024\/09\/pesca3-1536x1024.jpg 1536w, https:\/\/diariodigitalnea.com\/wp-content\/uploads\/2024\/09\/pesca3-900x600.jpg 900w, https:\/\/diariodigitalnea.com\/wp-content\/uploads\/2024\/09\/pesca3.jpg 1600w\" sizes=\"(max-width: 1024px) 100vw, 1024px\" \/><\/figure>\n\n\n\n<p>Desde el Departamento Tecnolog\u00edas de la Informaci\u00f3n y la Comunicaci\u00f3n, se estableci\u00f3 una red para facilitar las comunicaciones entre los diferentes puestos.<\/p>\n\n\n\n<p>Nuestra querida Isla del Cerrito vuelve a ser sede de este gran evento al cual esperamos la presencia masiva de toda la familia.<\/p>\n\n\n\n<h2 class=\"wp-block-heading\">Visit\u00e1 los Stand del Ministerio de Seguridad<\/h2>\n\n\n\n<p>Como en los \u00faltimos eventos de concurrencia masiva y para continuar con la cercan\u00eda con la ciudadan\u00eda estar\u00e1n nuestros stands para que conozcan como trabajan las Direcciones Generales de Consumos Problem\u00e1ticos, Polic\u00eda Caminera, Bomberos y Abordaje Territorial; adem\u00e1s los Departamentos Cibercrimen, Violencia Familiar y de G\u00e9nero y Trata de Personas, sumadas a las Divisiones Escuela de Polic\u00eda, Criminalistica, B\u00fasqueda de Personas y Videovigilancia que monitoreara el evento, todas estas unidades estar\u00e1n acompa\u00f1adas del Stand del Servicio Penitenciario Provincial.<\/p>\n\n\n\n<figure class=\"wp-block-image size-full\"><img decoding=\"async\" width=\"764\" height=\"358\" src=\"http:\/\/diariodigitalnea.com\/wp-content\/uploads\/2024\/09\/pesca4.jpg\" alt=\"\" class=\"wp-image-15256\" srcset=\"https:\/\/diariodigitalnea.com\/wp-content\/uploads\/2024\/09\/pesca4.jpg 764w, https:\/\/diariodigitalnea.com\/wp-content\/uploads\/2024\/09\/pesca4-300x141.jpg 300w\" sizes=\"(max-width: 764px) 100vw, 764px\" \/><\/figure>\n\n\n\n<p>Habr\u00e1 juegos, actividades deportivas, entretenimientos varios para que todos disfruten de la jornada.<\/p>\n","protected":false},"excerpt":{"rendered":"<p>Efectivos de unidades especiales y administrativas ser\u00e1n afectados para la prevenci\u00f3n y control. ECOM colabor\u00f3 con la instalaci\u00f3n y distribuci\u00f3n de c\u00e1maras. Desde el Ministerio de Seguridad se dispuso la implementaci\u00f3n del operativo policial para una nueva edici\u00f3n de la Pesca del Dorado. Por ello, el Centro de An\u00e1lisis, Comando y Control Policiales (CEAC) dispuso [&hellip;]<\/p>\n","protected":false},"author":3,"featured_media":15253,"comment_status":"closed","ping_status":"closed","sticky":false,"template":"","format":"standard","meta":{"om_disable_all_campaigns":false,"_monsterinsights_skip_tracking":false,"_monsterinsights_sitenote_active":false,"_monsterinsights_sitenote_note":"","_monsterinsights_sitenote_category":0,"footnotes":""},"categories":[33,52],"tags":[1855,4466,135],"class_list":["post-15252","post","type-post","status-publish","format-standard","has-post-thumbnail","hentry","category-chaco","category-policiales","tag-isla-del-cerrito","tag-pesca-internacional-del-dorado","tag-seguridad"],"aioseo_notices":[],"amp_enabled":true,"_links":{"self":[{"href":"https:\/\/diariodigitalnea.com\/index.php\/wp-json\/wp\/v2\/posts\/15252","targetHints":{"allow":["GET"]}}],"collection":[{"href":"https:\/\/diariodigitalnea.com\/index.php\/wp-json\/wp\/v2\/posts"}],"about":[{"href":"https:\/\/diariodigitalnea.com\/index.php\/wp-json\/wp\/v2\/types\/post"}],"author":[{"embeddable":true,"href":"https:\/\/diariodigitalnea.com\/index.php\/wp-json\/wp\/v2\/users\/3"}],"replies":[{"embeddable":true,"href":"https:\/\/diariodigitalnea.com\/index.php\/wp-json\/wp\/v2\/comments?post=15252"}],"version-history":[{"count":1,"href":"https:\/\/diariodigitalnea.com\/index.php\/wp-json\/wp\/v2\/posts\/15252\/revisions"}],"predecessor-version":[{"id":15257,"href":"https:\/\/diariodigitalnea.com\/index.php\/wp-json\/wp\/v2\/posts\/15252\/revisions\/15257"}],"wp:featuredmedia":[{"embeddable":true,"href":"https:\/\/diariodigitalnea.com\/index.php\/wp-json\/wp\/v2\/media\/15253"}],"wp:attachment":[{"href":"https:\/\/diariodigitalnea.com\/index.php\/wp-json\/wp\/v2\/media?parent=15252"}],"wp:term":[{"taxonomy":"category","embeddable":true,"href":"https:\/\/diariodigitalnea.com\/index.php\/wp-json\/wp\/v2\/categories?post=15252"},{"taxonomy":"post_tag","embeddable":true,"href":"https:\/\/diariodigitalnea.com\/index.php\/wp-json\/wp\/v2\/tags?post=15252"}],"curies":[{"name":"wp","href":"https:\/\/api.w.org\/{rel}","templated":true}]}}