{"id":15230,"date":"2024-09-10T16:54:31","date_gmt":"2024-09-10T16:54:31","guid":{"rendered":"https:\/\/diariodigitalnea.com\/?p=15230"},"modified":"2024-09-10T16:54:32","modified_gmt":"2024-09-10T16:54:32","slug":"condenaron-a-tres-anos-y-dos-meses-de-prision-efectiva-al-policia-que-asesino-a-diego-barreto","status":"publish","type":"post","link":"https:\/\/diariodigitalnea.com\/index.php\/2024\/09\/10\/condenaron-a-tres-anos-y-dos-meses-de-prision-efectiva-al-policia-que-asesino-a-diego-barreto\/","title":{"rendered":"Condenaron a tres a\u00f1os y dos meses de prisi\u00f3n efectiva al polic\u00eda que asesin\u00f3 a Diego Barreto"},"content":{"rendered":"\n<p>El juez de la C\u00e1mara Tercera en lo Criminal de Resistencia, Ernesto Azcona, dio a conocer la condena contra el oficial ayudante,<strong> Gast\u00f3n Iv\u00e1n Delfino, quien en julio pasado un jurado popular declar\u00f3 culpable por el homicidio culposo de Diego Emanuel Barreto, asfixiado hasta la muerte el 13 de febrero de 2020<\/strong>, en la zona sur de Resistencia. Delfino fue condenado a tres a\u00f1os y dos meses de prisi\u00f3n efectiva y la inhabilitaci\u00f3n especial por el lapso de ocho a\u00f1os para desarrollar cualquier tipo de actividad de seguridad p\u00fablica o privada.<\/p>\n\n\n\n<p>La sentencia se conoci\u00f3 este lunes y fue tras la audiencia de fijaci\u00f3n de pena, conocida como audiencia de \u201ccesura\u201d. Durante dicha audiencia, la querella institucional, a cargo del Comit\u00e9 para la Prevenci\u00f3n de la Tortura del Chaco, representada por Roberto Sotelo, hab\u00eda solicitado la pena m\u00e1xima para este tipo de delitos (cinco a\u00f1os de prisi\u00f3n) y la inhabilitaci\u00f3n especial por diez a\u00f1os, algo en lo que coincidieron tanto la fiscal\u00eda como la querella particular.<\/p>\n\n\n\n<p>Sotelo sostuvo que<strong> el accionar de Delfino fue irracional, desproporcionado, no gradual <\/strong>y cit\u00f3 un antecedente del agente en la localidad de El Sauzalito cuando un padre denunci\u00f3 la desaparici\u00f3n de su hija y el condenado omiti\u00f3 activar el protocolo de b\u00fasqueda.<\/p>\n\n\n\n<figure class=\"wp-block-gallery has-nested-images columns-default is-cropped wp-block-gallery-1 is-layout-flex wp-block-gallery-is-layout-flex\">\n<figure class=\"wp-block-image size-large\"><img fetchpriority=\"high\" decoding=\"async\" width=\"683\" height=\"1024\" data-id=\"15232\" src=\"https:\/\/diariodigitalnea.com\/wp-content\/uploads\/2024\/09\/ema2-683x1024.jpg\" alt=\"\" class=\"wp-image-15232\" srcset=\"https:\/\/diariodigitalnea.com\/wp-content\/uploads\/2024\/09\/ema2-683x1024.jpg 683w, https:\/\/diariodigitalnea.com\/wp-content\/uploads\/2024\/09\/ema2-200x300.jpg 200w, https:\/\/diariodigitalnea.com\/wp-content\/uploads\/2024\/09\/ema2-768x1152.jpg 768w, https:\/\/diariodigitalnea.com\/wp-content\/uploads\/2024\/09\/ema2-1024x1536.jpg 1024w, https:\/\/diariodigitalnea.com\/wp-content\/uploads\/2024\/09\/ema2-1365x2048.jpg 1365w, https:\/\/diariodigitalnea.com\/wp-content\/uploads\/2024\/09\/ema2-scaled.jpg 1707w\" sizes=\"(max-width: 683px) 100vw, 683px\" \/><\/figure>\n\n\n\n<figure class=\"wp-block-image size-large\"><img decoding=\"async\" width=\"1024\" height=\"904\" data-id=\"15233\" src=\"https:\/\/diariodigitalnea.com\/wp-content\/uploads\/2024\/09\/ema3-1024x904.jpg\" alt=\"\" class=\"wp-image-15233\" srcset=\"https:\/\/diariodigitalnea.com\/wp-content\/uploads\/2024\/09\/ema3-1024x904.jpg 1024w, https:\/\/diariodigitalnea.com\/wp-content\/uploads\/2024\/09\/ema3-300x265.jpg 300w, https:\/\/diariodigitalnea.com\/wp-content\/uploads\/2024\/09\/ema3-768x678.jpg 768w, https:\/\/diariodigitalnea.com\/wp-content\/uploads\/2024\/09\/ema3.jpg 1311w\" sizes=\"(max-width: 1024px) 100vw, 1024px\" \/><\/figure>\n<\/figure>\n\n\n\n<p>Agreg\u00f3 la importancia de tener en cuenta la Ley Nacional N\u00ba 27.732, que requiere contemplar a las v\u00edctimas en la fijaci\u00f3n de la pena ya que una morigeraci\u00f3n en la cantidad de a\u00f1os puede ser entendida como \u201cun privilegio\u201d para Delfino por su pertenencia a la fuerza policial.<\/p>\n\n\n\n<p>El asesinato de Emanuel se produjo la ma\u00f1ana del 13 de febrero de 2020, en inmediaciones de la avenida Edison 1395. Fue cuando el oficial ayudante Gast\u00f3n Iv\u00e1n Delfino, el agente Esteban Campos y el subcomisario Armando Diego Barbona, todos de la Comisar\u00eda 7\u00aa, lo \u201credujeron\u201d en un momento donde se encontraba con una excitaci\u00f3n psicomotriz, alterado luego de haber ca\u00eddo a la vereda desde el balc\u00f3n de su departamento y, posteriormente, arrojarse al costado de un autom\u00f3vil que, al ver la situaci\u00f3n, hab\u00eda detenido su marcha para tratar de asistirlo.<\/p>\n\n\n\n<p><strong>Emanuel falleci\u00f3 luego de ser abordado por los funcionarios policiales que lo asfixiaron hasta su muerte<\/strong>, de un modo similar al emblem\u00e1tico caso del afroamericano George Floyd que gener\u00f3 el movimiento \u201cBlack Lives Matter\u201d.<\/p>\n\n\n\n<p>El juicio oral comenz\u00f3 el 1 de julio pasado y concluy\u00f3 el 5 del mismo mes. El jurado popular, conformado por seis hombres y seis mujeres, acord\u00f3 por unanimidad declarar la no culpabilidad del agente Campos y el subcomisario Barbona. En tanto que Delfino fue declarado culpable pero no por el delito de homicidio preterintencional, como hab\u00eda llegado a este juicio, sino por el de homicidio culposo.<\/p>\n\n\n\n<p>El veredicto fue hist\u00f3rico porque fue el primero en la provincia en donde se condena en un juicio por jurados a un integrante de las fuerzas de Seguridad por un caso de muerte en custodia policial.<\/p>\n\n\n\n<p>Si bien la condena no fue la esperada por las querellas ni por el Ministerio P\u00fablico Fiscal, es importante destacar que se logr\u00f3 echar por tierra la teor\u00eda presentada por las defensas de los polic\u00edas. A trav\u00e9s de un perito de parte contratado para este caso, los abogados defensores intentaron convencer al jurado que Emanuel muri\u00f3 por las heridas que se provoc\u00f3 al tirarse del primer piso de su departamento y no por \u201casfixia mec\u00e1nica por compresi\u00f3n extr\u00ednseca del cuello\u201d, tal cual hab\u00eda sido la conclusi\u00f3n de la autopsia realizada por Gabriela Lamparelli, directora del Instituto de Medicina y Ciencias Forenses del Poder Judicial del Chaco.<\/p>\n","protected":false},"excerpt":{"rendered":"<p>El juez de la C\u00e1mara Tercera en lo Criminal de Resistencia, Ernesto Azcona, dio a conocer la condena contra el oficial ayudante, Gast\u00f3n Iv\u00e1n Delfino, quien en julio pasado un jurado popular declar\u00f3 culpable por el homicidio culposo de Diego Emanuel Barreto, asfixiado hasta la muerte el 13 de febrero de 2020, en la zona [&hellip;]<\/p>\n","protected":false},"author":3,"featured_media":15231,"comment_status":"closed","ping_status":"closed","sticky":false,"template":"","format":"standard","meta":{"om_disable_all_campaigns":false,"_monsterinsights_skip_tracking":false,"_monsterinsights_sitenote_active":false,"_monsterinsights_sitenote_note":"","_monsterinsights_sitenote_category":0,"footnotes":""},"categories":[33,52],"tags":[1215,204,4465,4464,176],"class_list":["post-15230","post","type-post","status-publish","format-standard","has-post-thumbnail","hentry","category-chaco","category-policiales","tag-asesinato","tag-asfixia","tag-comite-para-la-prevencion-de-la-tortura-del-chaco","tag-diego-emanuel-barreto","tag-policia"],"aioseo_notices":[],"amp_enabled":true,"_links":{"self":[{"href":"https:\/\/diariodigitalnea.com\/index.php\/wp-json\/wp\/v2\/posts\/15230","targetHints":{"allow":["GET"]}}],"collection":[{"href":"https:\/\/diariodigitalnea.com\/index.php\/wp-json\/wp\/v2\/posts"}],"about":[{"href":"https:\/\/diariodigitalnea.com\/index.php\/wp-json\/wp\/v2\/types\/post"}],"author":[{"embeddable":true,"href":"https:\/\/diariodigitalnea.com\/index.php\/wp-json\/wp\/v2\/users\/3"}],"replies":[{"embeddable":true,"href":"https:\/\/diariodigitalnea.com\/index.php\/wp-json\/wp\/v2\/comments?post=15230"}],"version-history":[{"count":1,"href":"https:\/\/diariodigitalnea.com\/index.php\/wp-json\/wp\/v2\/posts\/15230\/revisions"}],"predecessor-version":[{"id":15234,"href":"https:\/\/diariodigitalnea.com\/index.php\/wp-json\/wp\/v2\/posts\/15230\/revisions\/15234"}],"wp:featuredmedia":[{"embeddable":true,"href":"https:\/\/diariodigitalnea.com\/index.php\/wp-json\/wp\/v2\/media\/15231"}],"wp:attachment":[{"href":"https:\/\/diariodigitalnea.com\/index.php\/wp-json\/wp\/v2\/media?parent=15230"}],"wp:term":[{"taxonomy":"category","embeddable":true,"href":"https:\/\/diariodigitalnea.com\/index.php\/wp-json\/wp\/v2\/categories?post=15230"},{"taxonomy":"post_tag","embeddable":true,"href":"https:\/\/diariodigitalnea.com\/index.php\/wp-json\/wp\/v2\/tags?post=15230"}],"curies":[{"name":"wp","href":"https:\/\/api.w.org\/{rel}","templated":true}]}}