{"id":15153,"date":"2024-08-28T15:21:11","date_gmt":"2024-08-28T15:21:11","guid":{"rendered":"https:\/\/diariodigitalnea.com\/?p=15153"},"modified":"2024-08-28T15:21:12","modified_gmt":"2024-08-28T15:21:12","slug":"caputo-dijo-que-en-septiembre-bajaran-los-precios-por-la-reduccion-del-impuesto-pais","status":"publish","type":"post","link":"https:\/\/diariodigitalnea.com\/index.php\/2024\/08\/28\/caputo-dijo-que-en-septiembre-bajaran-los-precios-por-la-reduccion-del-impuesto-pais\/","title":{"rendered":"Caputo dijo que en septiembre bajar\u00e1n los precios por la reducci\u00f3n del Impuesto PAIS"},"content":{"rendered":"\n<p>Desde el mes que viene, el Gobierno bajar\u00e1 el impuesto PAIS de 17,5% al 7,5% con el fin de lograr una mejora en el sendero de desaceleraci\u00f3n de la inflaci\u00f3n. Caputo conf\u00eda en que obtendr\u00e1 buenos resultados y habl\u00f3 del IPC de agosto.<\/p>\n\n\n\n<p>Tal como se hab\u00eda anticipado, el ministro de Econom\u00eda, Luis Caputo, confirm\u00f3 que el lunes 2 de septiembre el Gobierno bajar\u00e1 el impuesto PAIS de 17,5% al 7,5% augur\u00f3 este mi\u00e9rcoles que espera que se d\u00e9 un descenso de la inflaci\u00f3n a ra\u00edz de la baja del Impuesto PAIS. \u00abCreo que s\u00ed va a implicar una reducci\u00f3n de precios en septiembre\u00bb, defini\u00f3. Asimismo, inform\u00f3 que se junt\u00f3 con muchas c\u00e1maras para transmitirles esto.<\/p>\n\n\n\n<p>\u00abS\u00ed, el lunes baja lo que nosotros en su momento hab\u00edamos subido de 7,5% a 17,5%, que en su momento lo subimos y dije que iba a ser temporario, que iba a ser para ganar poder de negociaci\u00f3n en una situaci\u00f3n en la que nosotros quer\u00edamos pasar la ley Bases y dem\u00e1s\u00bb, dijo en declaraciones radiales.<\/p>\n\n\n\n<p>El ministro confes\u00f3 que la suba que se aplic\u00f3 se debi\u00f3 a que estaban \u00aben inferioridad de condiciones y ten\u00edamos que demostrar de alguna manera que nosotros pod\u00edamos ir a equilibrio fiscal solos y en ese momento esa era la \u00fanica posibilidad\u00bb.<\/p>\n\n\n\n<p>Caputo enfatiz\u00f3 que es clave que se d\u00e9 esta baja de precios con la reducci\u00f3n del tributo \u00abporque si la gente ve que nosotros sacamos el impuesto PAIS y ellos no reciben nada, \u00bfde qu\u00e9 sirvi\u00f3?\u00bb, plante\u00f3 el ministro. Y confi\u00f3 en que los empresarios entienden esto. \u00abLo importante es que comprendan que, entre todos, se tiene que construir un nuevo modelo. No sirve especular porque es pan para hoy, hambre para ma\u00f1ana. La reacci\u00f3n de todos ha sido muy buena as\u00ed que tengo expectativa\u00bb, dijo.<\/p>\n\n\n\n<h2 class=\"wp-block-heading\">Inflaci\u00f3n: la expectativa de Caputo para agosto<\/h2>\n\n\n\n<p>Seg\u00fan explican algunos analistas de la city, en t\u00e9rminos de inflaci\u00f3n, la reducci\u00f3n de este impuesto podr\u00eda ser positiva si genera una baja los precios de los importados.<\/p>\n\n\n\n<p>Sin embargo, es de esperar que ese impacto se vea reci\u00e9n a partir del pr\u00f3ximo mes, pero, en unos quince d\u00edas, el Instituto de Estad\u00edsticas y Censo (INDEC) d\u00e9 a conocer el dato de evoluci\u00f3n de precios de agosto y respecto de en qu\u00e9 nivel se puede ubicar, Caputo anticip\u00f3: \u00abSupongo que va a estar cercano al nivel de julio, ojal\u00e1 un poco m\u00e1s abajo pero va a estar en ese entorno\u00bb.<\/p>\n\n\n\n<p>De acuerdo con la estimaci\u00f3n de la Consultora Eco Go, de Marina Dal Poggetto, los alimentos cerrar\u00edan el mes con un incremento promedio de 3,8%, mientras que el \u00cdndice de Precios al Consumidor (IPC) general se ubicar\u00eda en el 4% mensual. Con mayor pesimismo, en la Fundaci\u00f3n Libertad y Progreso prev\u00e9n una inflaci\u00f3n de 4,4% en agosto por el incremento de los servicios regulados y la n\u00facleo, que no tiene en cuenta ni regulados ni factores estacionales, creci\u00f3 al mismo ritmo que el mes anterior. Por su parte, Analytica estim\u00f3 que los precios acumular\u00e1n un aumento medio del 3,8% en el octavo mes del a\u00f1o.<\/p>\n\n\n\n<h2 class=\"wp-block-heading\">Precios: lo que viene para septiembre<\/h2>\n\n\n\n<p>Para septiembre, son un poco m\u00e1s optimistas por el recorte del impuesto PAIS, al igual que Caputo, quien dijo que va a bajar por la reducci\u00f3n de ese tributo y \u00abporque estamos tomando m\u00e1s medidas que van a contribuir reducir el costo argentino\u00bb.<\/p>\n\n\n\n<p>As\u00ed, ratific\u00f3 que \u00abseptiembre va a ser un mes en el que debi\u00e9ramos ver una baja\u00bb y vaticin\u00f3 que \u00abmientras nos mantengamos en el orden macro, esa tendencia va a continuar\u00bb.<\/p>\n","protected":false},"excerpt":{"rendered":"<p>Desde el mes que viene, el Gobierno bajar\u00e1 el impuesto PAIS de 17,5% al 7,5% con el fin de lograr una mejora en el sendero de desaceleraci\u00f3n de la inflaci\u00f3n. Caputo conf\u00eda en que obtendr\u00e1 buenos resultados y habl\u00f3 del IPC de agosto. Tal como se hab\u00eda anticipado, el ministro de Econom\u00eda, Luis Caputo, confirm\u00f3 [&hellip;]<\/p>\n","protected":false},"author":3,"featured_media":15154,"comment_status":"closed","ping_status":"closed","sticky":false,"template":"","format":"standard","meta":{"om_disable_all_campaigns":false,"_monsterinsights_skip_tracking":false,"_monsterinsights_sitenote_active":false,"_monsterinsights_sitenote_note":"","_monsterinsights_sitenote_category":0,"footnotes":""},"categories":[5,90],"tags":[3737,89,3196,15],"class_list":["post-15153","post","type-post","status-publish","format-standard","has-post-thumbnail","hentry","category-economia","category-nacionales","tag-caputo","tag-economia","tag-impuesto-pais","tag-inflacion"],"aioseo_notices":[],"amp_enabled":true,"_links":{"self":[{"href":"https:\/\/diariodigitalnea.com\/index.php\/wp-json\/wp\/v2\/posts\/15153","targetHints":{"allow":["GET"]}}],"collection":[{"href":"https:\/\/diariodigitalnea.com\/index.php\/wp-json\/wp\/v2\/posts"}],"about":[{"href":"https:\/\/diariodigitalnea.com\/index.php\/wp-json\/wp\/v2\/types\/post"}],"author":[{"embeddable":true,"href":"https:\/\/diariodigitalnea.com\/index.php\/wp-json\/wp\/v2\/users\/3"}],"replies":[{"embeddable":true,"href":"https:\/\/diariodigitalnea.com\/index.php\/wp-json\/wp\/v2\/comments?post=15153"}],"version-history":[{"count":1,"href":"https:\/\/diariodigitalnea.com\/index.php\/wp-json\/wp\/v2\/posts\/15153\/revisions"}],"predecessor-version":[{"id":15155,"href":"https:\/\/diariodigitalnea.com\/index.php\/wp-json\/wp\/v2\/posts\/15153\/revisions\/15155"}],"wp:featuredmedia":[{"embeddable":true,"href":"https:\/\/diariodigitalnea.com\/index.php\/wp-json\/wp\/v2\/media\/15154"}],"wp:attachment":[{"href":"https:\/\/diariodigitalnea.com\/index.php\/wp-json\/wp\/v2\/media?parent=15153"}],"wp:term":[{"taxonomy":"category","embeddable":true,"href":"https:\/\/diariodigitalnea.com\/index.php\/wp-json\/wp\/v2\/categories?post=15153"},{"taxonomy":"post_tag","embeddable":true,"href":"https:\/\/diariodigitalnea.com\/index.php\/wp-json\/wp\/v2\/tags?post=15153"}],"curies":[{"name":"wp","href":"https:\/\/api.w.org\/{rel}","templated":true}]}}