{"id":15151,"date":"2024-08-28T14:52:43","date_gmt":"2024-08-28T14:52:43","guid":{"rendered":"https:\/\/diariodigitalnea.com\/?p=15151"},"modified":"2024-08-28T14:52:43","modified_gmt":"2024-08-28T14:52:43","slug":"dictan-conciliacion-obligatoria-y-se-espera-que-se-levante-el-paro-de-colectivos","status":"publish","type":"post","link":"https:\/\/diariodigitalnea.com\/index.php\/2024\/08\/28\/dictan-conciliacion-obligatoria-y-se-espera-que-se-levante-el-paro-de-colectivos\/","title":{"rendered":"Dictan conciliaci\u00f3n obligatoria y se espera que se levante el paro de colectivos"},"content":{"rendered":"\n<p>Hugo Dom\u00ednguez, ministro de Infraestrutura, Obras y Servicios P\u00fablicos del Chaco, inform\u00f3 que se estableci\u00f3 el requerimiento hecho desde el gobierno provincial a los empresarios que har\u00eda que se reanude el servicio de transporte p\u00fablico.<\/p>\n\n\n\n<p>La Uni\u00f3n Tranviarios Automotor (UTA) Chaco convoc\u00f3 a un paro de 48 horas en toda la provincia, tras no llegar a un acuerdo salarial durante las reuniones que se llevaron a cabo este martes. Lo que piden es que el salario se equipare con el que reciben los choferes del AMBA.<\/p>\n\n\n\n<p>\u201cYa hay un pedido de conciliaci\u00f3n obligatoria que orden\u00e9 que lo aceleren. Estimo que en el transcurso de la ma\u00f1ana podr\u00eda estar saliendo, esto obligar\u00eda a que los colectivos vuelvan a la calle\u201d anunci\u00f3 Dom\u00ednguez, \u201cimagino que tambi\u00e9n volver\u00e1 la negociaci\u00f3n entre las empresas y los choferes\u201d.<\/p>\n\n\n\n<p>El ministro de Infraestructura resalt\u00f3 que los empresarios no pueden depender del Estado y que el gobierno hace un aporte al sistema que es m\u00e1s que significativo que, seg\u00fan detall\u00f3, el mes pasado fue de m\u00e1s de 1.400 millones de pesos. \u201cTienen que ser rentables, no queda otra, ya no hay subsidios nacionales ni nada. Hemos convocado a una audiencia p\u00fablica para ajustar el costo del pasaje, es lo que podemos hacer\u201d.<\/p>\n\n\n\n<figure class=\"wp-block-image size-full\"><img fetchpriority=\"high\" decoding=\"async\" width=\"653\" height=\"443\" src=\"http:\/\/diariodigitalnea.com\/wp-content\/uploads\/2022\/12\/colectivo.jpg\" alt=\"\" class=\"wp-image-4724\" srcset=\"https:\/\/diariodigitalnea.com\/wp-content\/uploads\/2022\/12\/colectivo.jpg 653w, https:\/\/diariodigitalnea.com\/wp-content\/uploads\/2022\/12\/colectivo-300x204.jpg 300w\" sizes=\"(max-width: 653px) 100vw, 653px\" \/><\/figure>\n\n\n\n<p>\u201cEsto amerita el esfuerzo de todas las areas. Hay que hacer que el sistema funcione con las leyes que tenemos. No se puede tener en vilo a la gente por si hay paro o no, deben ponerse de acuerdo y hacer funcionar el servicio\u201d reclam\u00f3.<\/p>\n\n\n\n<p>Dom\u00ednguez dice que entienden que los empresarios est\u00e1n en condiciones de enfrentar la diferencia que piden los gremios y que no cabe duda de que no habr\u00e1 ayuda desde Naci\u00f3n. \u201cHay que poner el valor real del pasaje con un salario que se pueda pagar; si no, que digan que no es rentable, dejen el servicio y venga otro que lo pueda hacer\u201d.<\/p>\n","protected":false},"excerpt":{"rendered":"<p>Hugo Dom\u00ednguez, ministro de Infraestrutura, Obras y Servicios P\u00fablicos del Chaco, inform\u00f3 que se estableci\u00f3 el requerimiento hecho desde el gobierno provincial a los empresarios que har\u00eda que se reanude el servicio de transporte p\u00fablico. La Uni\u00f3n Tranviarios Automotor (UTA) Chaco convoc\u00f3 a un paro de 48 horas en toda la provincia, tras no llegar [&hellip;]<\/p>\n","protected":false},"author":3,"featured_media":8491,"comment_status":"closed","ping_status":"closed","sticky":false,"template":"","format":"standard","meta":{"om_disable_all_campaigns":false,"_monsterinsights_skip_tracking":false,"_monsterinsights_sitenote_active":false,"_monsterinsights_sitenote_note":"","_monsterinsights_sitenote_category":0,"footnotes":""},"categories":[33],"tags":[87,4447,3759,728],"class_list":["post-15151","post","type-post","status-publish","format-standard","has-post-thumbnail","hentry","category-chaco","tag-colectivos","tag-conciliacion-obligatoria","tag-ministerio-de-infraestructura","tag-uta"],"aioseo_notices":[],"amp_enabled":true,"_links":{"self":[{"href":"https:\/\/diariodigitalnea.com\/index.php\/wp-json\/wp\/v2\/posts\/15151","targetHints":{"allow":["GET"]}}],"collection":[{"href":"https:\/\/diariodigitalnea.com\/index.php\/wp-json\/wp\/v2\/posts"}],"about":[{"href":"https:\/\/diariodigitalnea.com\/index.php\/wp-json\/wp\/v2\/types\/post"}],"author":[{"embeddable":true,"href":"https:\/\/diariodigitalnea.com\/index.php\/wp-json\/wp\/v2\/users\/3"}],"replies":[{"embeddable":true,"href":"https:\/\/diariodigitalnea.com\/index.php\/wp-json\/wp\/v2\/comments?post=15151"}],"version-history":[{"count":1,"href":"https:\/\/diariodigitalnea.com\/index.php\/wp-json\/wp\/v2\/posts\/15151\/revisions"}],"predecessor-version":[{"id":15152,"href":"https:\/\/diariodigitalnea.com\/index.php\/wp-json\/wp\/v2\/posts\/15151\/revisions\/15152"}],"wp:featuredmedia":[{"embeddable":true,"href":"https:\/\/diariodigitalnea.com\/index.php\/wp-json\/wp\/v2\/media\/8491"}],"wp:attachment":[{"href":"https:\/\/diariodigitalnea.com\/index.php\/wp-json\/wp\/v2\/media?parent=15151"}],"wp:term":[{"taxonomy":"category","embeddable":true,"href":"https:\/\/diariodigitalnea.com\/index.php\/wp-json\/wp\/v2\/categories?post=15151"},{"taxonomy":"post_tag","embeddable":true,"href":"https:\/\/diariodigitalnea.com\/index.php\/wp-json\/wp\/v2\/tags?post=15151"}],"curies":[{"name":"wp","href":"https:\/\/api.w.org\/{rel}","templated":true}]}}