{"id":15131,"date":"2024-08-27T16:39:42","date_gmt":"2024-08-27T16:39:42","guid":{"rendered":"https:\/\/diariodigitalnea.com\/?p=15131"},"modified":"2024-08-27T16:39:43","modified_gmt":"2024-08-27T16:39:43","slug":"quien-es-franco-colapinto-el-joven-piloto-argentino-que-correra-en-la-formula-1","status":"publish","type":"post","link":"https:\/\/diariodigitalnea.com\/index.php\/2024\/08\/27\/quien-es-franco-colapinto-el-joven-piloto-argentino-que-correra-en-la-formula-1\/","title":{"rendered":"Qui\u00e9n es Franco Colapinto, el joven piloto argentino que correr\u00e1 en la F\u00f3rmula 1"},"content":{"rendered":"\n<p>El piloto oriundo de Pilar corre hace algunos a\u00f1os en las categor\u00edas inferiores y este fin de semana le llegar\u00e1 su turno de pegar el gran salto en la F\u00f3rmula 1.<\/p>\n\n\n\n<p>n d\u00eda hist\u00f3rico para la F\u00f3rmula 1 en Argentina se vivi\u00f3 con el anuncio de que Franco Colapinto correr\u00e1 en Williams en el pr\u00f3ximo Gran Premio de Silverstone, uno de los circuitos m\u00e1s emblem\u00e1ticos de la categor\u00eda.<\/p>\n\n\n\n<h2 class=\"wp-block-heading\"><strong><em>Qui\u00e9n es Franco Colapinto, la joven estrella argentina que lleg\u00f3 a la F\u00f3rmula 1<\/em><\/strong><\/h2>\n\n\n\n<p>Franco Colapinto naci\u00f3 el 27 de mayo de 2003 en Pilar y desde chico mostr\u00f3 su inter\u00e9s por el automovilismo, impulsado por su padre An\u00edbal.<\/p>\n\n\n\n<p>Colapinto se destac\u00f3&nbsp; en la F\u00f3rmula 3 durante dos a\u00f1os y por sus buenas actuaciones ascendi\u00f3 a la F\u00f3rmula 2, la categor\u00eda previa a la F\u00f3rmula 1 donde compiten los mejores pilotos del mundo.<\/p>\n\n\n\n<figure class=\"wp-block-image size-full\"><img fetchpriority=\"high\" decoding=\"async\" width=\"474\" height=\"316\" src=\"http:\/\/diariodigitalnea.com\/wp-content\/uploads\/2024\/08\/piloto3.jpg\" alt=\"\" class=\"wp-image-15134\" srcset=\"https:\/\/diariodigitalnea.com\/wp-content\/uploads\/2024\/08\/piloto3.jpg 474w, https:\/\/diariodigitalnea.com\/wp-content\/uploads\/2024\/08\/piloto3-300x200.jpg 300w\" sizes=\"(max-width: 474px) 100vw, 474px\" \/><\/figure>\n\n\n\n<p>El joven argentino se uni\u00f3 a uno de los mejores equipos de la F\u00f3rmula 2, ya que, hasta la fecha el MP Motorsport que consigui\u00f3 m\u00e1s de 13 triunfos y 30 podios, adem\u00e1s de haberse quedado con el t\u00edtulo de equipos y pilotos en 2022.<\/p>\n\n\n\n<p>En la actual temporada, el piloto argentino ocupa la cuarta posici\u00f3n con 75 puntos en donde se destacan sus tres podios con una victoria y dos segundos lugares.<\/p>\n\n\n\n<p>Por otro lado, el piloto est\u00e1 vinculado a la Academia del equipo Williams y lo que le permite abrirse una puerta muy importante a la categor\u00eda de oro del automovilismo. Colapinto ya tuvo pr\u00e1cticas en simuladores en Bahrein, Barcelona y Austin por lo que su expertise aumenta cada vez m\u00e1s.<\/p>\n\n\n\n<figure class=\"wp-block-image size-full\"><img decoding=\"async\" width=\"474\" height=\"266\" src=\"http:\/\/diariodigitalnea.com\/wp-content\/uploads\/2024\/08\/piloto2.jpg\" alt=\"\" class=\"wp-image-15133\" srcset=\"https:\/\/diariodigitalnea.com\/wp-content\/uploads\/2024\/08\/piloto2.jpg 474w, https:\/\/diariodigitalnea.com\/wp-content\/uploads\/2024\/08\/piloto2-300x168.jpg 300w\" sizes=\"(max-width: 474px) 100vw, 474px\" \/><\/figure>\n\n\n\n<p>En caso de que Logan Sargeant, quien parece tener todos los n\u00fameros para no continuar en Williams debido a sus flojos rendimientos o Alexander Albon no corran m\u00e1s en la m\u00edtica escuder\u00eda, el principal apuntado para ocupar alguno de sus asientos es Franco Colapinto, quien est\u00e1 a la expectativa de participar en la m\u00e1xima categor\u00eda.<\/p>\n\n\n\n<h2 class=\"wp-block-heading\">Patrocinado por Bizzarrap<\/h2>\n\n\n\n<p>Bizarrap lo respalda econ\u00f3micamente para poder competir en la actual temporada de F\u00f3rmula 2. Incluso, luci\u00f3 la emblem\u00e1tica gorra del DJ durante todo a\u00f1o y un dise\u00f1o especial en su casco, dedicado al compositor musical.<\/p>\n\n\n\n<figure class=\"wp-block-image size-full\"><img decoding=\"async\" width=\"536\" height=\"708\" src=\"http:\/\/diariodigitalnea.com\/wp-content\/uploads\/2024\/08\/piloto.jpg\" alt=\"\" class=\"wp-image-15132\" srcset=\"https:\/\/diariodigitalnea.com\/wp-content\/uploads\/2024\/08\/piloto.jpg 536w, https:\/\/diariodigitalnea.com\/wp-content\/uploads\/2024\/08\/piloto-227x300.jpg 227w, https:\/\/diariodigitalnea.com\/wp-content\/uploads\/2024\/08\/piloto-450x595.jpg 450w\" sizes=\"(max-width: 536px) 100vw, 536px\" \/><\/figure>\n\n\n\n<p>Estoy muy contento de tener a Biza a bordo! Es un tipo genial que ha logrado un \u00e9xito incre\u00edble a una edad tan temprana. Admiro su duro trabajo y, a pesar de toda la fama, es un pibe muy agradable al que puedo llamar amigo. Le estoy muy agradecido por su apoyo. Por supuesto, siempre es bienvenido a las carreras, y espero poder asistir pronto a uno de sus conciertos. Al fin y al cabo, s\u00f3lo somos dos chicos argentinos persiguiendo un sue\u00f1o\u00bb, coment\u00f3 el corredor.&nbsp;<\/p>\n","protected":false},"excerpt":{"rendered":"<p>El piloto oriundo de Pilar corre hace algunos a\u00f1os en las categor\u00edas inferiores y este fin de semana le llegar\u00e1 su turno de pegar el gran salto en la F\u00f3rmula 1. n d\u00eda hist\u00f3rico para la F\u00f3rmula 1 en Argentina se vivi\u00f3 con el anuncio de que Franco Colapinto correr\u00e1 en Williams en el pr\u00f3ximo [&hellip;]<\/p>\n","protected":false},"author":3,"featured_media":15135,"comment_status":"closed","ping_status":"closed","sticky":false,"template":"","format":"standard","meta":{"om_disable_all_campaigns":false,"_monsterinsights_skip_tracking":false,"_monsterinsights_sitenote_active":false,"_monsterinsights_sitenote_note":"","_monsterinsights_sitenote_category":0,"footnotes":""},"categories":[6],"tags":[689,4444,4037,4443,4442],"class_list":["post-15131","post","type-post","status-publish","format-standard","has-post-thumbnail","hentry","category-deporte","tag-automovilismo","tag-bizzarrap","tag-deporte","tag-formula-1","tag-franco-colapinto"],"aioseo_notices":[],"amp_enabled":true,"_links":{"self":[{"href":"https:\/\/diariodigitalnea.com\/index.php\/wp-json\/wp\/v2\/posts\/15131","targetHints":{"allow":["GET"]}}],"collection":[{"href":"https:\/\/diariodigitalnea.com\/index.php\/wp-json\/wp\/v2\/posts"}],"about":[{"href":"https:\/\/diariodigitalnea.com\/index.php\/wp-json\/wp\/v2\/types\/post"}],"author":[{"embeddable":true,"href":"https:\/\/diariodigitalnea.com\/index.php\/wp-json\/wp\/v2\/users\/3"}],"replies":[{"embeddable":true,"href":"https:\/\/diariodigitalnea.com\/index.php\/wp-json\/wp\/v2\/comments?post=15131"}],"version-history":[{"count":1,"href":"https:\/\/diariodigitalnea.com\/index.php\/wp-json\/wp\/v2\/posts\/15131\/revisions"}],"predecessor-version":[{"id":15136,"href":"https:\/\/diariodigitalnea.com\/index.php\/wp-json\/wp\/v2\/posts\/15131\/revisions\/15136"}],"wp:featuredmedia":[{"embeddable":true,"href":"https:\/\/diariodigitalnea.com\/index.php\/wp-json\/wp\/v2\/media\/15135"}],"wp:attachment":[{"href":"https:\/\/diariodigitalnea.com\/index.php\/wp-json\/wp\/v2\/media?parent=15131"}],"wp:term":[{"taxonomy":"category","embeddable":true,"href":"https:\/\/diariodigitalnea.com\/index.php\/wp-json\/wp\/v2\/categories?post=15131"},{"taxonomy":"post_tag","embeddable":true,"href":"https:\/\/diariodigitalnea.com\/index.php\/wp-json\/wp\/v2\/tags?post=15131"}],"curies":[{"name":"wp","href":"https:\/\/api.w.org\/{rel}","templated":true}]}}