{"id":15064,"date":"2024-08-20T12:56:16","date_gmt":"2024-08-20T12:56:16","guid":{"rendered":"https:\/\/diariodigitalnea.com\/?p=15064"},"modified":"2024-08-20T15:02:23","modified_gmt":"2024-08-20T15:02:23","slug":"un-piloto-chaqueno-desaparecio-con-su-avion-hidrante-mientras-combatia-incendios-en-la-rioja","status":"publish","type":"post","link":"https:\/\/diariodigitalnea.com\/index.php\/2024\/08\/20\/un-piloto-chaqueno-desaparecio-con-su-avion-hidrante-mientras-combatia-incendios-en-la-rioja\/","title":{"rendered":"Un piloto chaque\u00f1o desapareci\u00f3 con su avi\u00f3n hidrante mientras combat\u00eda incendios en La Rioja"},"content":{"rendered":"\n<p>La aeronave, manejada por un piloto de Corzuela, pertenece a una empresa privada y no se la encuentra desde el lunes al mediod\u00eda.<\/p>\n\n\n\n<p><\/p>\n\n\n\n<p>La provincia de La Rioja est\u00e1 siendo azotada por un feroz incendio hace m\u00e1s de 10 d\u00edas. El incendio se inici\u00f3 en el Cerro La Cruz, en el cual est\u00e1n todas las antenas repetidoras de los medios de comunicaci\u00f3n, como as\u00ed tambi\u00e9n las empresas telef\u00f3nicas, lo que genera p\u00e9rdidas millonarias.<\/p>\n\n\n\n<figure class=\"wp-block-image size-large\"><img fetchpriority=\"high\" decoding=\"async\" width=\"1024\" height=\"513\" src=\"http:\/\/diariodigitalnea.com\/wp-content\/uploads\/2023\/05\/ENCUENTRO-IG-Verde-copy-1024x513.jpg\" alt=\"PUBLICIDAD\" class=\"wp-image-8132\" srcset=\"https:\/\/diariodigitalnea.com\/wp-content\/uploads\/2023\/05\/ENCUENTRO-IG-Verde-copy-1024x513.jpg 1024w, https:\/\/diariodigitalnea.com\/wp-content\/uploads\/2023\/05\/ENCUENTRO-IG-Verde-copy-300x150.jpg 300w, https:\/\/diariodigitalnea.com\/wp-content\/uploads\/2023\/05\/ENCUENTRO-IG-Verde-copy-768x385.jpg 768w, https:\/\/diariodigitalnea.com\/wp-content\/uploads\/2023\/05\/ENCUENTRO-IG-Verde-copy-1536x769.jpg 1536w, https:\/\/diariodigitalnea.com\/wp-content\/uploads\/2023\/05\/ENCUENTRO-IG-Verde-copy-2048x1026.jpg 2048w\" sizes=\"(max-width: 1024px) 100vw, 1024px\" \/><figcaption class=\"wp-element-caption\">Publicidad: Encuentro Tienda de Bebidas, Chile 190 Local 4 \u2013 Tel: 3624386655 &#8211; Gral San Mart\u00edn<\/figcaption><\/figure>\n\n\n\n<p>Para poder combatir las llamas, desde la mencionada provincia sumaron a sus filas un avi\u00f3n hidrante perteneciente a una firma del sur de C\u00f3rdoba contratada por el Plan Nacional del Fuego, sin embargo, desde las 13 del d\u00eda lunes est\u00e1 desaparecido.<\/p>\n\n\n\n<p><\/p>\n\n\n\n<p>La persona que conduc\u00eda el avi\u00f3n es un piloto de Corzuela conocido como \u00abRoly\u00bb Rassmusen. La aeronave se perdi\u00f3 en la zona sur de la capital, espec\u00edficamente en el cord\u00f3n monta\u00f1oso del Velasco y seg\u00fan el reporte oficial, se realizaron sobrevuelos con helic\u00f3pteros en dos oportunidades, pero debido a la baja visibilidad, se opt\u00f3 por una b\u00fasqueda terrestre utilizando un GPS emitido desde el avi\u00f3n.<\/p>\n\n\n\n<figure class=\"wp-block-image size-full\"><img decoding=\"async\" width=\"980\" height=\"640\" src=\"https:\/\/diariodigitalnea.com\/wp-content\/uploads\/2024\/08\/MU37DDGOFJAJHBAFVXLY65HMJQ.jpg\" alt=\"\" class=\"wp-image-15066\" srcset=\"https:\/\/diariodigitalnea.com\/wp-content\/uploads\/2024\/08\/MU37DDGOFJAJHBAFVXLY65HMJQ.jpg 980w, https:\/\/diariodigitalnea.com\/wp-content\/uploads\/2024\/08\/MU37DDGOFJAJHBAFVXLY65HMJQ-300x196.jpg 300w, https:\/\/diariodigitalnea.com\/wp-content\/uploads\/2024\/08\/MU37DDGOFJAJHBAFVXLY65HMJQ-768x502.jpg 768w\" sizes=\"(max-width: 980px) 100vw, 980px\" \/><\/figure>\n\n\n\n<p>El procedimiento est\u00e1 siendo coordinado por la vicegobernadora de La Rioja, Teresita Madera, debido a que el gobernador se encuentra en Roma. Integrantes de una divisi\u00f3n especial de la polic\u00eda est\u00e1n subiendo hac\u00eda el lugar para saber qu\u00e9 sucedi\u00f3 con el avi\u00f3n hidrante.<\/p>\n\n\n\n<figure class=\"wp-block-image size-large\"><img decoding=\"async\" width=\"1024\" height=\"607\" src=\"http:\/\/diariodigitalnea.com\/wp-content\/uploads\/2023\/11\/DDN-FOTO-PC-Y-CEL-1024x607.jpg\" alt=\"publicidad\" class=\"wp-image-11794\" srcset=\"https:\/\/diariodigitalnea.com\/wp-content\/uploads\/2023\/11\/DDN-FOTO-PC-Y-CEL-1024x607.jpg 1024w, https:\/\/diariodigitalnea.com\/wp-content\/uploads\/2023\/11\/DDN-FOTO-PC-Y-CEL-300x178.jpg 300w, https:\/\/diariodigitalnea.com\/wp-content\/uploads\/2023\/11\/DDN-FOTO-PC-Y-CEL-768x455.jpg 768w, https:\/\/diariodigitalnea.com\/wp-content\/uploads\/2023\/11\/DDN-FOTO-PC-Y-CEL-1536x910.jpg 1536w, https:\/\/diariodigitalnea.com\/wp-content\/uploads\/2023\/11\/DDN-FOTO-PC-Y-CEL.jpg 2000w\" sizes=\"(max-width: 1024px) 100vw, 1024px\" \/><figcaption class=\"wp-element-caption\">Diario Digital Nea. Noticias de la regi\u00f3n y el mundo. <\/figcaption><\/figure>\n","protected":false},"excerpt":{"rendered":"<p>La aeronave, manejada por un piloto de Corzuela, pertenece a una empresa privada y no se la encuentra desde el lunes al mediod\u00eda. La provincia de La Rioja est\u00e1 siendo azotada por un feroz incendio hace m\u00e1s de 10 d\u00edas. El incendio se inici\u00f3 en el Cerro La Cruz, en el cual est\u00e1n todas las [&hellip;]<\/p>\n","protected":false},"author":4,"featured_media":15065,"comment_status":"closed","ping_status":"closed","sticky":false,"template":"","format":"standard","meta":{"om_disable_all_campaigns":false,"_monsterinsights_skip_tracking":false,"_monsterinsights_sitenote_active":false,"_monsterinsights_sitenote_note":"","_monsterinsights_sitenote_category":0,"footnotes":""},"categories":[90,52],"tags":[],"class_list":["post-15064","post","type-post","status-publish","format-standard","has-post-thumbnail","hentry","category-nacionales","category-policiales"],"aioseo_notices":[],"amp_enabled":true,"_links":{"self":[{"href":"https:\/\/diariodigitalnea.com\/index.php\/wp-json\/wp\/v2\/posts\/15064","targetHints":{"allow":["GET"]}}],"collection":[{"href":"https:\/\/diariodigitalnea.com\/index.php\/wp-json\/wp\/v2\/posts"}],"about":[{"href":"https:\/\/diariodigitalnea.com\/index.php\/wp-json\/wp\/v2\/types\/post"}],"author":[{"embeddable":true,"href":"https:\/\/diariodigitalnea.com\/index.php\/wp-json\/wp\/v2\/users\/4"}],"replies":[{"embeddable":true,"href":"https:\/\/diariodigitalnea.com\/index.php\/wp-json\/wp\/v2\/comments?post=15064"}],"version-history":[{"count":1,"href":"https:\/\/diariodigitalnea.com\/index.php\/wp-json\/wp\/v2\/posts\/15064\/revisions"}],"predecessor-version":[{"id":15067,"href":"https:\/\/diariodigitalnea.com\/index.php\/wp-json\/wp\/v2\/posts\/15064\/revisions\/15067"}],"wp:featuredmedia":[{"embeddable":true,"href":"https:\/\/diariodigitalnea.com\/index.php\/wp-json\/wp\/v2\/media\/15065"}],"wp:attachment":[{"href":"https:\/\/diariodigitalnea.com\/index.php\/wp-json\/wp\/v2\/media?parent=15064"}],"wp:term":[{"taxonomy":"category","embeddable":true,"href":"https:\/\/diariodigitalnea.com\/index.php\/wp-json\/wp\/v2\/categories?post=15064"},{"taxonomy":"post_tag","embeddable":true,"href":"https:\/\/diariodigitalnea.com\/index.php\/wp-json\/wp\/v2\/tags?post=15064"}],"curies":[{"name":"wp","href":"https:\/\/api.w.org\/{rel}","templated":true}]}}