{"id":15009,"date":"2024-08-14T14:11:21","date_gmt":"2024-08-14T14:11:21","guid":{"rendered":"https:\/\/diariodigitalnea.com\/?p=15009"},"modified":"2024-08-14T14:20:10","modified_gmt":"2024-08-14T14:20:10","slug":"el-presidente-elabora-un-presupuesto-a-prueba-de-cambios-macroeconomicos","status":"publish","type":"post","link":"https:\/\/diariodigitalnea.com\/index.php\/2024\/08\/14\/el-presidente-elabora-un-presupuesto-a-prueba-de-cambios-macroeconomicos\/","title":{"rendered":"El presidente elabora un presupuesto a prueba de cambios macroecon\u00f3micos"},"content":{"rendered":"\n<p>Aseguran que Javier Milei se encuentra personalmente confeccionando el proyecto que prev\u00e9 enviar al Congreso antes del 15 de septiembre pr\u00f3ximo.<\/p>\n\n\n\n<p>\u00abDise\u00f1\u00e9 un formato que no sea vulnerable a los cambios de la macro (econom\u00eda)\u00bb, se\u00f1al\u00f3 el presidente Javier Milei a su entorno en referencia a la elaboraci\u00f3n del proyecto de presupuesto nacional para 2025, seg\u00fan le coment\u00f3 a \u00c1mbito una alta fuente oficial. El primer mandatario se encuentra personalmente involucrado en la confecci\u00f3n de este proyecto que prev\u00e9 enviar al Congreso antes del 15 de septiembre pr\u00f3ximo.<\/p>\n\n\n\n<p>Desde este punto de vista, explican que la intenci\u00f3n del primer mandatario es que, si por alguna raz\u00f3n los ingresos resultaran subestimados y en la pr\u00e1ctica los recursos del Estado fueran superiores a los previstos, estos excedentes se destinar\u00e1n a bajar impuestos y no a aumentar el gasto, como se hizo hist\u00f3ricamente.<\/p>\n\n\n\n<p>En el escenario contrario, es decir que la estimaci\u00f3n de ingresos resulte inferior a la real, la decisi\u00f3n ser\u00e1 recortar partidas porque, por supuesto, mantener en cero el d\u00e9ficit financiero (incluyendo el pago de intereses de la deuda) es un objetivo central, se\u00f1alan en medios oficiales.<\/p>\n\n\n\n<p>Pero adelantan que estos eventuales recortes no afectar\u00e1n erogaciones que en el Gobierno consideran \u00abr\u00edgidas\u00bb, como, por ejemplo, las jubilaciones para los sectores m\u00e1s necesitados.<\/p>\n\n\n\n<p>El \u00abno hay m\u00e1s plata\u00bb no fue s\u00f3lo un slogan de campa\u00f1a. Seg\u00fan suelen comentar los funcionarios, por ejemplo, en la reuni\u00f3n de Gabinete de este martes ante algunos pedidos de aumentos de partidas, la respuesta categ\u00f3rica del presidente, Milei fue \u00abel que tiene la \u00faltima palabra es Toto Caputo\u00bb.<\/p>\n\n\n\n<p>De esta manera, el jefe de Estado quiebra una vieja tradici\u00f3n en la pol\u00edtica: los pedidos de plata que eran negados en el Palacio de Hacienda muchas veces lograban la aprobaci\u00f3n presidencial.<\/p>\n\n\n\n<p>A\u00fan no se conocen las estimaciones oficiales de crecimiento e inflaci\u00f3n, entre otras variables econ\u00f3micas, pero las proyecciones privadas hablan de un crecimiento en torno al 5% y una inflaci\u00f3n para el a\u00f1o del 45\/50%.<\/p>\n\n\n\n<h2 class=\"wp-block-heading\">Reservas<\/h2>\n\n\n\n<p>Respecto a la pol\u00edtica cambiaria, la prioridad no ser\u00e1 la acumulaci\u00f3n de reservas en desmedro de otras pol\u00edticas. \u00c9stas ser\u00e1n resultado del super\u00e1vit comercial. Algunos especialistas estiman que puede llegar a darse un ingreso considerable de divisas producto del RIGI o mismo del blanqueo que podr\u00eda provocar una apreciaci\u00f3n del peso.<\/p>\n\n\n\n<p>La intenci\u00f3n del Ejecutivo es no emitir para convalidar dicho ingreso sino permitir la circulaci\u00f3n de otras divisas, en lo que el Presidente suele denominar \u00abcompetencia de monedas\u00bb.<\/p>\n\n\n\n<p>Es decir, se podr\u00e1n usar otras monedas para los pagos una pr\u00e1ctica que no resulta extra\u00f1a en un pa\u00eds que hist\u00f3ricamente atesora d\u00f3lares como un resguardo para sus ahorros.<\/p>\n\n\n\n<p>La iniciativa del Ejecutivo \u00abplantear\u00e1 metas fiscales que se basan en el mantenimiento de las pol\u00edticas que apuntalan la demanda agregada y un incremento de los recursos fiscales de la mano de un aumento de la actividad, del empleo y de los ingresos reales, dando sostenibilidad al sendero de crecimiento en un contexto de reducci\u00f3n de d\u00e9ficit fiscal\u00bb, seg\u00fan se inform\u00f3 a comienzos del mes pasado en el Informe de Avance sobre la Elaboraci\u00f3n del Proyecto de Ley de Presupuesto General de la Administraci\u00f3n Nacional correspondiente al Ejercicio Fiscal 2025.<\/p>\n\n\n\n<h2 class=\"wp-block-heading\">Criterios<\/h2>\n\n\n\n<p>El Gobierno se encuentra elaborando su previsi\u00f3n de ingresos y gastos para el a\u00f1o pr\u00f3ximo tomando en cuenta cuatro criterios fundamentales: el mantenimiento del equilibrio fiscal, el otorgamiento de planes sociales sin intermediarios, la modernizaci\u00f3n y simplificaci\u00f3n del Estado, y un aumento en las partidas para defensa y seguridad.<\/p>\n\n\n\n<p>Las proyecciones de la Casa Rosada contemplan el equilibrio fiscal sostenido, la desaceleraci\u00f3n de la inflaci\u00f3n, la mejora del balance del Banco Central y el fortalecimiento de las reservas internacionales.<\/p>\n\n\n\n<p>Se aspira que en el a\u00f1o pr\u00f3ximo \u00abse mantengan las condiciones de estabilidad macroecon\u00f3mica que permitan el despegue definitivo de las potencialidades productivas del pa\u00eds, generando un ambiente favorable para el incremento de la inversi\u00f3n privada, una mejora de la productividad, y el crecimiento de la actividad, del empleo y los ingresos\u00bb.<\/p>\n\n\n\n<p>Las autoridades se\u00f1alan que es prioritario continuar con la pol\u00edtica de d\u00e9ficit cero, fortaleciendo la eficacia y eficiencia del gasto p\u00fablico y haciendo \u00e9nfasis en la reducci\u00f3n del gasto pol\u00edtico para dar prioridad al sostenimiento de ingresos de los sectores de mayor vulnerabilidad.<\/p>\n\n\n\n<p>En este sentido, el Ejecutivo ratifica las pol\u00edticas dise\u00f1adas desde el Ministerio de Capital Humano, que conduce Sandra Pettovello, orientadas a eliminar la intermediaci\u00f3n en los planes, ampliar la asistencia social a madres y ni\u00f1os de los sectores m\u00e1s vulnerables y proteger el poder adquisitivo de las jubilaciones y pensiones.<\/p>\n\n\n\n<p>En cuanto al rol del Estado, la estrategia oficial se orienta a \u00abhacer un Estado moderno, eficaz, eficiente, simple y \u00fatil para los ciudadanos, ocupado en sus funciones esenciales para no entorpecer las condiciones para el desarrollo del sector privado, favoreciendo la libre empresa\u00bb.<\/p>\n\n\n\n<p>En tal sentido, se inscriben las tareas que realiza el Ministerio de Desregulaci\u00f3n y Transformaci\u00f3n del Estado, comandado por Federico Sturzenegger, que buscan simplificar acciones y procesos, digitalizando y simplificando tr\u00e1mites, desburocratizando y eliminando intermediarios.<\/p>\n\n\n\n<p>En cuanto a las fuerzas de seguridad y defensa, se apunta a mejorar el equipamiento tanto para sostener la soberan\u00eda territorial como para mejorar la seguridad interior fortaleciendo la prevenci\u00f3n del delito y la investigaci\u00f3n del crimen organizado.<\/p>\n\n\n\n<p>Las autoridades se encuentran elaborando adem\u00e1s los datos cuantitativos que contendr\u00e1 el proyecto (inflaci\u00f3n y crecimiento, entre otros). En fuentes oficiales se se\u00f1ala que, con el antecedente de los logros alcanzados en materia fiscal en los \u00faltimos meses, el presupuesto 2025 \u00abser\u00e1 por primera vez en muchos a\u00f1os una verdadera hoja de ruta\u00bb.<\/p>\n","protected":false},"excerpt":{"rendered":"<p>Aseguran que Javier Milei se encuentra personalmente confeccionando el proyecto que prev\u00e9 enviar al Congreso antes del 15 de septiembre pr\u00f3ximo. \u00abDise\u00f1\u00e9 un formato que no sea vulnerable a los cambios de la macro (econom\u00eda)\u00bb, se\u00f1al\u00f3 el presidente Javier Milei a su entorno en referencia a la elaboraci\u00f3n del proyecto de presupuesto nacional para 2025, [&hellip;]<\/p>\n","protected":false},"author":3,"featured_media":15010,"comment_status":"closed","ping_status":"closed","sticky":false,"template":"","format":"standard","meta":{"om_disable_all_campaigns":false,"_monsterinsights_skip_tracking":false,"_monsterinsights_sitenote_active":false,"_monsterinsights_sitenote_note":"","_monsterinsights_sitenote_category":0,"footnotes":""},"categories":[5,90],"tags":[3737,2784,3873,3992],"class_list":["post-15009","post","type-post","status-publish","format-standard","has-post-thumbnail","hentry","category-economia","category-nacionales","tag-caputo","tag-javier-milei","tag-macroeconomia","tag-presupuesto"],"aioseo_notices":[],"amp_enabled":true,"_links":{"self":[{"href":"https:\/\/diariodigitalnea.com\/index.php\/wp-json\/wp\/v2\/posts\/15009","targetHints":{"allow":["GET"]}}],"collection":[{"href":"https:\/\/diariodigitalnea.com\/index.php\/wp-json\/wp\/v2\/posts"}],"about":[{"href":"https:\/\/diariodigitalnea.com\/index.php\/wp-json\/wp\/v2\/types\/post"}],"author":[{"embeddable":true,"href":"https:\/\/diariodigitalnea.com\/index.php\/wp-json\/wp\/v2\/users\/3"}],"replies":[{"embeddable":true,"href":"https:\/\/diariodigitalnea.com\/index.php\/wp-json\/wp\/v2\/comments?post=15009"}],"version-history":[{"count":1,"href":"https:\/\/diariodigitalnea.com\/index.php\/wp-json\/wp\/v2\/posts\/15009\/revisions"}],"predecessor-version":[{"id":15011,"href":"https:\/\/diariodigitalnea.com\/index.php\/wp-json\/wp\/v2\/posts\/15009\/revisions\/15011"}],"wp:featuredmedia":[{"embeddable":true,"href":"https:\/\/diariodigitalnea.com\/index.php\/wp-json\/wp\/v2\/media\/15010"}],"wp:attachment":[{"href":"https:\/\/diariodigitalnea.com\/index.php\/wp-json\/wp\/v2\/media?parent=15009"}],"wp:term":[{"taxonomy":"category","embeddable":true,"href":"https:\/\/diariodigitalnea.com\/index.php\/wp-json\/wp\/v2\/categories?post=15009"},{"taxonomy":"post_tag","embeddable":true,"href":"https:\/\/diariodigitalnea.com\/index.php\/wp-json\/wp\/v2\/tags?post=15009"}],"curies":[{"name":"wp","href":"https:\/\/api.w.org\/{rel}","templated":true}]}}