{"id":14970,"date":"2024-08-13T00:05:02","date_gmt":"2024-08-13T00:05:02","guid":{"rendered":"https:\/\/diariodigitalnea.com\/?p=14970"},"modified":"2024-08-13T12:26:08","modified_gmt":"2024-08-13T12:26:08","slug":"fabiola-yanez-acuso-a-alberto-fernandez-de-presionarla-para-abortar-en-2016","status":"publish","type":"post","link":"https:\/\/diariodigitalnea.com\/index.php\/2024\/08\/13\/fabiola-yanez-acuso-a-alberto-fernandez-de-presionarla-para-abortar-en-2016\/","title":{"rendered":"Fabiola Ya\u00f1ez acus\u00f3 a Alberto Fern\u00e1ndez de \u00abhostigarla y despreciarla\u00bb para que aborte en 2016"},"content":{"rendered":"\n<p>Lo relat\u00f3 en el escrito en el que pide presentarse como querellante y agravar los cargos contra el expresidente a ra\u00edz del hostigamiento y las lesiones que denuncia haber sufrido.<\/p>\n\n\n\n<p><br>En un giro dentro de la denuncia por violencia de g\u00e9nero que present\u00f3 contra el expresidente Alberto Fern\u00e1ndez, Fabiola Ya\u00f1ez revel\u00f3 detalles impactantes sobre su relaci\u00f3n con el exmandatario. A trav\u00e9s de un escrito presentado ante el fiscal Ramiro Gonz\u00e1lez, la ex primera dama asegur\u00f3 que en 2016 estuvo embarazada y que Fern\u00e1ndez la presion\u00f3 para que abortara. \u00abTen\u00e9s que resolverlo, ten\u00e9s que abortar\u00bb, habr\u00eda sido la frase que, seg\u00fan Ya\u00f1ez, le dijo el entonces expresidente.<\/p>\n\n\n\n<figure class=\"wp-block-image size-large\"><img fetchpriority=\"high\" decoding=\"async\" width=\"1024\" height=\"513\" src=\"http:\/\/diariodigitalnea.com\/wp-content\/uploads\/2023\/05\/ENCUENTRO-IG-Verde-copy-1024x513.jpg\" alt=\"PUBLICIDAD\" class=\"wp-image-8132\" srcset=\"https:\/\/diariodigitalnea.com\/wp-content\/uploads\/2023\/05\/ENCUENTRO-IG-Verde-copy-1024x513.jpg 1024w, https:\/\/diariodigitalnea.com\/wp-content\/uploads\/2023\/05\/ENCUENTRO-IG-Verde-copy-300x150.jpg 300w, https:\/\/diariodigitalnea.com\/wp-content\/uploads\/2023\/05\/ENCUENTRO-IG-Verde-copy-768x385.jpg 768w, https:\/\/diariodigitalnea.com\/wp-content\/uploads\/2023\/05\/ENCUENTRO-IG-Verde-copy-1536x769.jpg 1536w, https:\/\/diariodigitalnea.com\/wp-content\/uploads\/2023\/05\/ENCUENTRO-IG-Verde-copy-2048x1026.jpg 2048w\" sizes=\"(max-width: 1024px) 100vw, 1024px\" \/><figcaption class=\"wp-element-caption\">Publicidad: Encuentro Tienda de Bebidas, Chile 190 Local 4 \u2013 Tel: 3624386655 &#8211; Gral San Mart\u00edn<\/figcaption><\/figure>\n\n\n\n<p>El escrito relata que, tras la presi\u00f3n de Fern\u00e1ndez, Ya\u00f1ez finalmente interrumpi\u00f3 el embarazo. Luego de este episodio, la pareja se separ\u00f3 por un tiempo, aunque eventualmente se reconciliaron. Esta informaci\u00f3n fue reconstruida por TN a trav\u00e9s de fuentes con acceso a la causa.<\/p>\n\n\n\n<p><\/p>\n\n\n\n<p>En 2016, unos meses antes de este suceso, la pareja se hab\u00eda comprometido y comenzado a convivir. Sin embargo, seg\u00fan trascendi\u00f3, el embarazo de Ya\u00f1ez no fue bien recibido por Fern\u00e1ndez, quien, de acuerdo con el relato de la denunciante, \u00abcomenz\u00f3 a hostigarla y despreciarla\u00bb. El escrito tambi\u00e9n menciona que Fern\u00e1ndez le prohibi\u00f3 a Ya\u00f1ez contarle a nadie sobre el embarazo, aumentando la presi\u00f3n emocional sobre ella.<\/p>\n\n\n\n<figure class=\"wp-block-image size-full\"><img decoding=\"async\" width=\"977\" height=\"578\" src=\"https:\/\/diariodigitalnea.com\/wp-content\/uploads\/2024\/08\/alberto-fabiola2.jpg\" alt=\"\" class=\"wp-image-14971\" srcset=\"https:\/\/diariodigitalnea.com\/wp-content\/uploads\/2024\/08\/alberto-fabiola2.jpg 977w, https:\/\/diariodigitalnea.com\/wp-content\/uploads\/2024\/08\/alberto-fabiola2-300x177.jpg 300w, https:\/\/diariodigitalnea.com\/wp-content\/uploads\/2024\/08\/alberto-fabiola2-768x454.jpg 768w\" sizes=\"(max-width: 977px) 100vw, 977px\" \/><\/figure>\n\n\n\n<p>LA DENUNCIA DE FABIOLA Y\u00c1\u00d1EZ CONTRA ALBERTO FERN\u00c1NDEZ<br>Este lunes, Fabiola Ya\u00f1ez present\u00f3 un escrito ante la Justicia para ratificar la denuncia de violencia contra Alberto Fern\u00e1ndez y solicit\u00f3 ser aceptada como querellante en la causa. En un documento de m\u00e1s de 20 p\u00e1ginas, la ex primera dama detall\u00f3 el maltrato que sufri\u00f3 desde 2016 y agrav\u00f3 las acusaciones contra el exmandatario.<\/p>\n\n\n\n<p><\/p>\n\n\n\n<p>Seg\u00fan informaci\u00f3n obtenida por TN, Ya\u00f1ez tambi\u00e9n se\u00f1al\u00f3 a una funcionaria del gabinete a quien acudi\u00f3 en busca de ayuda durante el tiempo que vivi\u00f3 la violencia, pero que no respondi\u00f3 adecuadamente a su situaci\u00f3n. Se trata de la exministra de la Mujer, Ayel\u00e9n Mazzina.<\/p>\n\n\n\n<figure class=\"wp-block-image size-large\"><img decoding=\"async\" width=\"1024\" height=\"513\" src=\"http:\/\/diariodigitalnea.com\/wp-content\/uploads\/2024\/04\/publi-GEMA-1024x513.jpg\" alt=\"publicidad\" class=\"wp-image-13586\" srcset=\"https:\/\/diariodigitalnea.com\/wp-content\/uploads\/2024\/04\/publi-GEMA-1024x513.jpg 1024w, https:\/\/diariodigitalnea.com\/wp-content\/uploads\/2024\/04\/publi-GEMA-300x150.jpg 300w, https:\/\/diariodigitalnea.com\/wp-content\/uploads\/2024\/04\/publi-GEMA-768x385.jpg 768w, https:\/\/diariodigitalnea.com\/wp-content\/uploads\/2024\/04\/publi-GEMA-1536x769.jpg 1536w, https:\/\/diariodigitalnea.com\/wp-content\/uploads\/2024\/04\/publi-GEMA.jpg 1977w\" sizes=\"(max-width: 1024px) 100vw, 1024px\" \/><figcaption class=\"wp-element-caption\">Publicidad: Gema Oufit @gemahoufit Rcia \u2013 Contacto: 3624391672<\/figcaption><\/figure>\n\n\n\n<p>La ma\u00f1ana del lunes, Ya\u00f1ez visit\u00f3 el consulado argentino en Madrid, acompa\u00f1ada por su nueva abogada, Mariana Gallego. All\u00ed, certific\u00f3 su firma y avanz\u00f3 con los tr\u00e1mites formales en el expediente abierto contra Fern\u00e1ndez por violencia de g\u00e9nero.<\/p>\n\n\n\n<p><\/p>\n\n\n\n<p>En su denuncia, Ya\u00f1ez afirm\u00f3 haber sido v\u00edctima de \u00ablesiones graves doblemente calificadas por el v\u00ednculo y perpetradas en el marco de violencia de g\u00e9nero con abuso de poder y de autoridad\u00bb. Adem\u00e1s, acus\u00f3 al expresidente de haberla sometido a amenazas coactivas y \u00abviolencia reproductiva\u00bb.<\/p>\n\n\n\n<figure class=\"wp-block-image size-large\"><img loading=\"lazy\" decoding=\"async\" width=\"1024\" height=\"607\" src=\"http:\/\/diariodigitalnea.com\/wp-content\/uploads\/2023\/11\/DDN-FOTO-PC-Y-CEL-1024x607.jpg\" alt=\"publicidad\" class=\"wp-image-11794\" srcset=\"https:\/\/diariodigitalnea.com\/wp-content\/uploads\/2023\/11\/DDN-FOTO-PC-Y-CEL-1024x607.jpg 1024w, https:\/\/diariodigitalnea.com\/wp-content\/uploads\/2023\/11\/DDN-FOTO-PC-Y-CEL-300x178.jpg 300w, https:\/\/diariodigitalnea.com\/wp-content\/uploads\/2023\/11\/DDN-FOTO-PC-Y-CEL-768x455.jpg 768w, https:\/\/diariodigitalnea.com\/wp-content\/uploads\/2023\/11\/DDN-FOTO-PC-Y-CEL-1536x910.jpg 1536w, https:\/\/diariodigitalnea.com\/wp-content\/uploads\/2023\/11\/DDN-FOTO-PC-Y-CEL.jpg 2000w\" sizes=\"(max-width: 1024px) 100vw, 1024px\" \/><figcaption class=\"wp-element-caption\">Diario Digital Nea. Noticias de la regi\u00f3n y el mundo. <\/figcaption><\/figure>\n","protected":false},"excerpt":{"rendered":"<p>Lo relat\u00f3 en el escrito en el que pide presentarse como querellante y agravar los cargos contra el expresidente a ra\u00edz del hostigamiento y las lesiones que denuncia haber sufrido. En un giro dentro de la denuncia por violencia de g\u00e9nero que present\u00f3 contra el expresidente Alberto Fern\u00e1ndez, Fabiola Ya\u00f1ez revel\u00f3 detalles impactantes sobre su [&hellip;]<\/p>\n","protected":false},"author":4,"featured_media":14972,"comment_status":"closed","ping_status":"closed","sticky":false,"template":"","format":"standard","meta":{"om_disable_all_campaigns":false,"_monsterinsights_skip_tracking":false,"_monsterinsights_sitenote_active":false,"_monsterinsights_sitenote_note":"","_monsterinsights_sitenote_category":0,"footnotes":""},"categories":[90,4],"tags":[],"class_list":["post-14970","post","type-post","status-publish","format-standard","has-post-thumbnail","hentry","category-nacionales","category-politica"],"aioseo_notices":[],"amp_enabled":true,"_links":{"self":[{"href":"https:\/\/diariodigitalnea.com\/index.php\/wp-json\/wp\/v2\/posts\/14970","targetHints":{"allow":["GET"]}}],"collection":[{"href":"https:\/\/diariodigitalnea.com\/index.php\/wp-json\/wp\/v2\/posts"}],"about":[{"href":"https:\/\/diariodigitalnea.com\/index.php\/wp-json\/wp\/v2\/types\/post"}],"author":[{"embeddable":true,"href":"https:\/\/diariodigitalnea.com\/index.php\/wp-json\/wp\/v2\/users\/4"}],"replies":[{"embeddable":true,"href":"https:\/\/diariodigitalnea.com\/index.php\/wp-json\/wp\/v2\/comments?post=14970"}],"version-history":[{"count":2,"href":"https:\/\/diariodigitalnea.com\/index.php\/wp-json\/wp\/v2\/posts\/14970\/revisions"}],"predecessor-version":[{"id":14975,"href":"https:\/\/diariodigitalnea.com\/index.php\/wp-json\/wp\/v2\/posts\/14970\/revisions\/14975"}],"wp:featuredmedia":[{"embeddable":true,"href":"https:\/\/diariodigitalnea.com\/index.php\/wp-json\/wp\/v2\/media\/14972"}],"wp:attachment":[{"href":"https:\/\/diariodigitalnea.com\/index.php\/wp-json\/wp\/v2\/media?parent=14970"}],"wp:term":[{"taxonomy":"category","embeddable":true,"href":"https:\/\/diariodigitalnea.com\/index.php\/wp-json\/wp\/v2\/categories?post=14970"},{"taxonomy":"post_tag","embeddable":true,"href":"https:\/\/diariodigitalnea.com\/index.php\/wp-json\/wp\/v2\/tags?post=14970"}],"curies":[{"name":"wp","href":"https:\/\/api.w.org\/{rel}","templated":true}]}}