{"id":14948,"date":"2024-08-10T17:48:18","date_gmt":"2024-08-10T17:48:18","guid":{"rendered":"https:\/\/diariodigitalnea.com\/?p=14948"},"modified":"2024-08-10T17:48:19","modified_gmt":"2024-08-10T17:48:19","slug":"luciana-milessi-anuncio-que-nathan-bercovich-fue-liberado","status":"publish","type":"post","link":"https:\/\/diariodigitalnea.com\/index.php\/2024\/08\/10\/luciana-milessi-anuncio-que-nathan-bercovich-fue-liberado\/","title":{"rendered":"Luciana Milessi anunci\u00f3 que Nathan Bercovich fue liberado"},"content":{"rendered":"\n<p>La joven influencer utiliz\u00f3 sus redes sociales para contar la decisi\u00f3n de la Justicia y para resguardarse, por cualquier otro tipo de agresi\u00f3n contra ella y su familia.<\/p>\n\n\n\n<p>Este viernes, la influencer chaque\u00f1a Luciana Milessi, utiliz\u00f3 sus redes sociales para anunciar que Nathan Bercovich fue liberado, tras haber sido detenido por la denuncia por violencia de g\u00e9nero que present\u00f3 semanas atr\u00e1s.<\/p>\n\n\n\n<p>La joven indic\u00f3 que el empresario tendr\u00e1 una libertad condicional bajo palabra. \u00abClaramente, se tomaron medidas para resguardarme, como un dispositivo dual, donde no se puede acercar a mi ni tener contacto; y un bot\u00f3n antip\u00e1nico\u00bb, dijo.<\/p>\n\n\n\n<p>\u00abNo solo me agredi\u00f3 f\u00edsica, verbal y psicol\u00f3gicamente, sino que tambi\u00e9n agredi\u00f3 a mis mascotas\u00bb, remarc\u00f3.<\/p>\n\n\n\n<p>Asimismo, indic\u00f3 que \u00abesta persona se va a encontrar libre, en la calle, hasta que llegue el d\u00eda del juicio; pero no me van a callar\u00bb.<\/p>\n\n\n\n<p>\u00abTe invito a que si vos o alguna conocida tuya est\u00e1 sufriendo violencia de g\u00e9nero, a hacer la denuncia en la L\u00ednea 144\u00bb, convoc\u00f3.<\/p>\n\n\n\n<p>Por otro lado, aclar\u00f3 que subi\u00f3 el video, porque necesita resguardarse y tambi\u00e9n a su familia. \u00abGente violenta con poder es capaz de cualquier cosa y m\u00e1s suelta por la calle. No me sorprender\u00eda que tapen todo en unas semanas, como siempre se manejaron, pero no me van a callar y nada de lo que nos hicieron pasar va a quedar impune\u00bb, expres\u00f3.<\/p>\n\n\n\n<p>\u00abPor eso, les pido de todo coraz\u00f3n que lo compartan, que lo difundan y lo m\u00e1s importante, que nos cuidemos entre nosotras. Que se haga justicia\u00bb, concluy\u00f3.<\/p>\n","protected":false},"excerpt":{"rendered":"<p>La joven influencer utiliz\u00f3 sus redes sociales para contar la decisi\u00f3n de la Justicia y para resguardarse, por cualquier otro tipo de agresi\u00f3n contra ella y su familia. Este viernes, la influencer chaque\u00f1a Luciana Milessi, utiliz\u00f3 sus redes sociales para anunciar que Nathan Bercovich fue liberado, tras haber sido detenido por la denuncia por violencia [&hellip;]<\/p>\n","protected":false},"author":3,"featured_media":14949,"comment_status":"closed","ping_status":"closed","sticky":false,"template":"","format":"standard","meta":{"om_disable_all_campaigns":false,"_monsterinsights_skip_tracking":false,"_monsterinsights_sitenote_active":false,"_monsterinsights_sitenote_note":"","_monsterinsights_sitenote_category":0,"footnotes":""},"categories":[33,52],"tags":[4411,4412,585],"class_list":["post-14948","post","type-post","status-publish","format-standard","has-post-thumbnail","hentry","category-chaco","category-policiales","tag-luciana-milessi","tag-nathan-bercovich","tag-violencia-de-genero"],"aioseo_notices":[],"amp_enabled":true,"_links":{"self":[{"href":"https:\/\/diariodigitalnea.com\/index.php\/wp-json\/wp\/v2\/posts\/14948","targetHints":{"allow":["GET"]}}],"collection":[{"href":"https:\/\/diariodigitalnea.com\/index.php\/wp-json\/wp\/v2\/posts"}],"about":[{"href":"https:\/\/diariodigitalnea.com\/index.php\/wp-json\/wp\/v2\/types\/post"}],"author":[{"embeddable":true,"href":"https:\/\/diariodigitalnea.com\/index.php\/wp-json\/wp\/v2\/users\/3"}],"replies":[{"embeddable":true,"href":"https:\/\/diariodigitalnea.com\/index.php\/wp-json\/wp\/v2\/comments?post=14948"}],"version-history":[{"count":1,"href":"https:\/\/diariodigitalnea.com\/index.php\/wp-json\/wp\/v2\/posts\/14948\/revisions"}],"predecessor-version":[{"id":14950,"href":"https:\/\/diariodigitalnea.com\/index.php\/wp-json\/wp\/v2\/posts\/14948\/revisions\/14950"}],"wp:featuredmedia":[{"embeddable":true,"href":"https:\/\/diariodigitalnea.com\/index.php\/wp-json\/wp\/v2\/media\/14949"}],"wp:attachment":[{"href":"https:\/\/diariodigitalnea.com\/index.php\/wp-json\/wp\/v2\/media?parent=14948"}],"wp:term":[{"taxonomy":"category","embeddable":true,"href":"https:\/\/diariodigitalnea.com\/index.php\/wp-json\/wp\/v2\/categories?post=14948"},{"taxonomy":"post_tag","embeddable":true,"href":"https:\/\/diariodigitalnea.com\/index.php\/wp-json\/wp\/v2\/tags?post=14948"}],"curies":[{"name":"wp","href":"https:\/\/api.w.org\/{rel}","templated":true}]}}