{"id":14945,"date":"2024-08-10T17:32:44","date_gmt":"2024-08-10T17:32:44","guid":{"rendered":"https:\/\/diariodigitalnea.com\/?p=14945"},"modified":"2024-08-10T17:32:44","modified_gmt":"2024-08-10T17:32:44","slug":"hablo-fabiola-mucha-gente-sabia-que-esto-pasaba","status":"publish","type":"post","link":"https:\/\/diariodigitalnea.com\/index.php\/2024\/08\/10\/hablo-fabiola-mucha-gente-sabia-que-esto-pasaba\/","title":{"rendered":"Habl\u00f3 Fabiola: \u00abMucha gente sab\u00eda que esto pasaba\u00bb"},"content":{"rendered":"\n<p>Fabiola Ya\u00f1ez cont\u00f3 que estuvo semanas encerrada en Olivos y que recibi\u00f3 golpizas incluso durante su embarazo.<\/p>\n\n\n\n<p>Despu\u00e9s de la denuncia por violencia de g\u00e9nero contra el expresidente Alberto Fern\u00e1ndez, Fabiola Ya\u00f1ez declar\u00f3 ante la Direcci\u00f3n de Protecci\u00f3n a las V\u00edctimas. La ex primera dama apunt\u00f3 afirm\u00f3 que \u00abmucha gente sab\u00eda que esto pasaba\u00bb. Fabiola Ya\u00f1ez declar\u00f3 en la fiscal\u00eda nacional en lo Criminal y Correccional Federal N\u00b06 y la Unidad Fiscal Especializada en Violencia contra las Mujeres (UFEM) y revel\u00f3 detalles sobre la situaci\u00f3n que viv\u00eda.<\/p>\n\n\n\n<blockquote class=\"wp-block-quote is-layout-flow wp-block-quote-is-layout-flow\">\n<p> <strong>\u00abFueron muchas agresiones verbales y f\u00edsicas, incluso cuando estaba embarazada\u00bb<\/strong>. Fabiola Ya\u00f1ez<\/p>\n<\/blockquote>\n\n\n\n<p>Fabiola Ya\u00f1ez cont\u00f3 que se quer\u00eda separar y que \u00abfueron muchas agresiones verbales y f\u00edsicas, incluso cuando estaba embarazada\u00bb. De acuerdo con la declaraci\u00f3n, asegur\u00f3 que \u00abpor el golpe en la cabeza estuve varias semanas encerrada en la casa de hu\u00e9spedes de Olivos\u00bb y cont\u00f3 que fue agredida \u00aben el piso\u00bb cuando estaba transitando su embarazo.<\/p>\n\n\n\n<p>Fabiola Ya\u00f1ez sostuvo que \u00abno tiene sentido hablar de crisis, cualquier discusi\u00f3n terminaba en violencia\u00bb. La ex primera dama afirm\u00f3 que tiene guardado en su tel\u00e9fono \u201cgritos y mensajes\u201d del expresidente \u201csiendo agresivo\u201d con ella, aunque todav\u00eda no ha aportado su dispositivo a la causa.<\/p>\n\n\n\n<h2 class=\"wp-block-heading\">Alberto Fern\u00e1ndez hablar\u00e1<\/h2>\n\n\n\n<p>Los periodistas Mar Centenera y Mart\u00edn Sivak se reunieron con el ex presidente y le hicieron un extenso reportaje para el diario El Pa\u00eds de Espa\u00f1a. \u00bfQu\u00e9 dir\u00e1 Alberto Fern\u00e1ndez en su defensa?<\/p>\n\n\n\n<p>Los periodistas Mart\u00edn Sivak y Mar Centenera (corresponsal de El Pa\u00eds en Buenos Aires) estuvieron reunidos durante una hora y cuarto con Fern\u00e1ndez. En la entrevista, que fue extensa, el exmandatario cont\u00f3 su verdad respecto de la seria acusaci\u00f3n de Ya\u00f1ez.<\/p>\n","protected":false},"excerpt":{"rendered":"<p>Fabiola Ya\u00f1ez cont\u00f3 que estuvo semanas encerrada en Olivos y que recibi\u00f3 golpizas incluso durante su embarazo. Despu\u00e9s de la denuncia por violencia de g\u00e9nero contra el expresidente Alberto Fern\u00e1ndez, Fabiola Ya\u00f1ez declar\u00f3 ante la Direcci\u00f3n de Protecci\u00f3n a las V\u00edctimas. La ex primera dama apunt\u00f3 afirm\u00f3 que \u00abmucha gente sab\u00eda que esto pasaba\u00bb. Fabiola [&hellip;]<\/p>\n","protected":false},"author":3,"featured_media":14946,"comment_status":"closed","ping_status":"closed","sticky":false,"template":"","format":"standard","meta":{"om_disable_all_campaigns":false,"_monsterinsights_skip_tracking":false,"_monsterinsights_sitenote_active":false,"_monsterinsights_sitenote_note":"","_monsterinsights_sitenote_category":0,"footnotes":""},"categories":[90],"tags":[421,4409,4410,2557,585],"class_list":["post-14945","post","type-post","status-publish","format-standard","has-post-thumbnail","hentry","category-nacionales","tag-alberto-fernandez","tag-ex-presidente","tag-fabiola-yanez","tag-pandemia","tag-violencia-de-genero"],"aioseo_notices":[],"amp_enabled":true,"_links":{"self":[{"href":"https:\/\/diariodigitalnea.com\/index.php\/wp-json\/wp\/v2\/posts\/14945","targetHints":{"allow":["GET"]}}],"collection":[{"href":"https:\/\/diariodigitalnea.com\/index.php\/wp-json\/wp\/v2\/posts"}],"about":[{"href":"https:\/\/diariodigitalnea.com\/index.php\/wp-json\/wp\/v2\/types\/post"}],"author":[{"embeddable":true,"href":"https:\/\/diariodigitalnea.com\/index.php\/wp-json\/wp\/v2\/users\/3"}],"replies":[{"embeddable":true,"href":"https:\/\/diariodigitalnea.com\/index.php\/wp-json\/wp\/v2\/comments?post=14945"}],"version-history":[{"count":1,"href":"https:\/\/diariodigitalnea.com\/index.php\/wp-json\/wp\/v2\/posts\/14945\/revisions"}],"predecessor-version":[{"id":14947,"href":"https:\/\/diariodigitalnea.com\/index.php\/wp-json\/wp\/v2\/posts\/14945\/revisions\/14947"}],"wp:featuredmedia":[{"embeddable":true,"href":"https:\/\/diariodigitalnea.com\/index.php\/wp-json\/wp\/v2\/media\/14946"}],"wp:attachment":[{"href":"https:\/\/diariodigitalnea.com\/index.php\/wp-json\/wp\/v2\/media?parent=14945"}],"wp:term":[{"taxonomy":"category","embeddable":true,"href":"https:\/\/diariodigitalnea.com\/index.php\/wp-json\/wp\/v2\/categories?post=14945"},{"taxonomy":"post_tag","embeddable":true,"href":"https:\/\/diariodigitalnea.com\/index.php\/wp-json\/wp\/v2\/tags?post=14945"}],"curies":[{"name":"wp","href":"https:\/\/api.w.org\/{rel}","templated":true}]}}