{"id":14942,"date":"2024-08-09T22:42:05","date_gmt":"2024-08-09T22:42:05","guid":{"rendered":"https:\/\/diariodigitalnea.com\/?p=14942"},"modified":"2024-08-09T22:42:27","modified_gmt":"2024-08-09T22:42:27","slug":"caso-loan-que-declaro-la-abuela-catalina-y-cual-es-la-pista-del-americano","status":"publish","type":"post","link":"https:\/\/diariodigitalnea.com\/index.php\/2024\/08\/09\/caso-loan-que-declaro-la-abuela-catalina-y-cual-es-la-pista-del-americano\/","title":{"rendered":"Caso Loan: qu\u00e9 declar\u00f3 la abuela Catalina y cu\u00e1l es la pista del \u00abamericano\u00bb"},"content":{"rendered":"\n<p>La abuela del menor se reuni\u00f3 con la jueza de la causa y dio detalles sobre la interna familiar. Tambi\u00e9n habr\u00eda planteado que fue amenazada para mentir sobre el accidente del nene y apunt\u00f3 a un posible ciudadano americano.<\/p>\n\n\n\n<p><\/p>\n\n\n\n<p>Por la desaparici\u00f3n deLoan Danilo Pe\u00f1a, se present\u00f3 ante la jueza federal Cristina Pozzer Penzo, la abuela Catalina. Entre algunos detalles de las propiedades de la familia, la testigo tambi\u00e9n habr\u00eda hablado de un ciudadano americano y abri\u00f3 una nueva l\u00ednea de investigaci\u00f3n.<\/p>\n\n\n\n<figure class=\"wp-block-embed is-type-video is-provider-youtube wp-block-embed-youtube wp-embed-aspect-16-9 wp-has-aspect-ratio\"><div class=\"wp-block-embed__wrapper\">\n<iframe title=\"Termin\u00f3 de declarar la Abuela de Loan Catalina\" width=\"1200\" height=\"675\" src=\"https:\/\/www.youtube.com\/embed\/AVHlyvIOzzY?feature=oembed\" frameborder=\"0\" allow=\"accelerometer; autoplay; clipboard-write; encrypted-media; gyroscope; picture-in-picture; web-share\" referrerpolicy=\"strict-origin-when-cross-origin\" allowfullscreen><\/iframe>\n<\/div><\/figure>\n\n\n\n<p><br>En A24 se dio informaci\u00f3n que la abuela Catalina cont\u00f3 que tres hombres le habr\u00edan pedido que mienta en cuanto a la supuesta versi\u00f3n del accidente declarada por Laudelina ante la justicia correntina.<\/p>\n\n\n\n<figure class=\"wp-block-image size-large\"><img fetchpriority=\"high\" decoding=\"async\" width=\"1024\" height=\"513\" src=\"http:\/\/diariodigitalnea.com\/wp-content\/uploads\/2023\/05\/ENCUENTRO-IG-Verde-copy-1024x513.jpg\" alt=\"PUBLICIDAD\" class=\"wp-image-8132\" srcset=\"https:\/\/diariodigitalnea.com\/wp-content\/uploads\/2023\/05\/ENCUENTRO-IG-Verde-copy-1024x513.jpg 1024w, https:\/\/diariodigitalnea.com\/wp-content\/uploads\/2023\/05\/ENCUENTRO-IG-Verde-copy-300x150.jpg 300w, https:\/\/diariodigitalnea.com\/wp-content\/uploads\/2023\/05\/ENCUENTRO-IG-Verde-copy-768x385.jpg 768w, https:\/\/diariodigitalnea.com\/wp-content\/uploads\/2023\/05\/ENCUENTRO-IG-Verde-copy-1536x769.jpg 1536w, https:\/\/diariodigitalnea.com\/wp-content\/uploads\/2023\/05\/ENCUENTRO-IG-Verde-copy-2048x1026.jpg 2048w\" sizes=\"(max-width: 1024px) 100vw, 1024px\" \/><figcaption class=\"wp-element-caption\">Publicidad: Encuentro Tienda de Bebidas, Chile 190 Local 4 \u2013 Tel: 3624386655 &#8211; Gral San Mart\u00edn<\/figcaption><\/figure>\n\n\n\n<p><br>A su vez, uno de esos hombres ser\u00eda un ciudadano americano que se distingu\u00eda un tatuaje. De esta manera Catalina ratific\u00f3 sus dichos sobre el americano y la teor\u00eda del apriete para que mienta.<\/p>\n\n\n\n<p><br>Tambi\u00e9n, Catalina habl\u00f3 sobre las llamadas y cont\u00f3 que su celular lo usaba Laudelina, adem\u00e1s de dar detalles sobre la interna familiar por el campo.<\/p>\n\n\n\n<figure class=\"wp-block-image size-large\"><img decoding=\"async\" width=\"1024\" height=\"607\" src=\"http:\/\/diariodigitalnea.com\/wp-content\/uploads\/2023\/11\/DDN-FOTO-PC-Y-CEL-1024x607.jpg\" alt=\"publicidad\" class=\"wp-image-11794\" srcset=\"https:\/\/diariodigitalnea.com\/wp-content\/uploads\/2023\/11\/DDN-FOTO-PC-Y-CEL-1024x607.jpg 1024w, https:\/\/diariodigitalnea.com\/wp-content\/uploads\/2023\/11\/DDN-FOTO-PC-Y-CEL-300x178.jpg 300w, https:\/\/diariodigitalnea.com\/wp-content\/uploads\/2023\/11\/DDN-FOTO-PC-Y-CEL-768x455.jpg 768w, https:\/\/diariodigitalnea.com\/wp-content\/uploads\/2023\/11\/DDN-FOTO-PC-Y-CEL-1536x910.jpg 1536w, https:\/\/diariodigitalnea.com\/wp-content\/uploads\/2023\/11\/DDN-FOTO-PC-Y-CEL.jpg 2000w\" sizes=\"(max-width: 1024px) 100vw, 1024px\" \/><figcaption class=\"wp-element-caption\">Diario Digital Nea. Noticias de la regi\u00f3n y el mundo. <\/figcaption><\/figure>\n","protected":false},"excerpt":{"rendered":"<p>La abuela del menor se reuni\u00f3 con la jueza de la causa y dio detalles sobre la interna familiar. Tambi\u00e9n habr\u00eda planteado que fue amenazada para mentir sobre el accidente del nene y apunt\u00f3 a un posible ciudadano americano. Por la desaparici\u00f3n deLoan Danilo Pe\u00f1a, se present\u00f3 ante la jueza federal Cristina Pozzer Penzo, la [&hellip;]<\/p>\n","protected":false},"author":4,"featured_media":14943,"comment_status":"closed","ping_status":"closed","sticky":false,"template":"","format":"standard","meta":{"om_disable_all_campaigns":false,"_monsterinsights_skip_tracking":false,"_monsterinsights_sitenote_active":false,"_monsterinsights_sitenote_note":"","_monsterinsights_sitenote_category":0,"footnotes":""},"categories":[34,52],"tags":[],"class_list":["post-14942","post","type-post","status-publish","format-standard","has-post-thumbnail","hentry","category-corrientes","category-policiales"],"aioseo_notices":[],"amp_enabled":true,"_links":{"self":[{"href":"https:\/\/diariodigitalnea.com\/index.php\/wp-json\/wp\/v2\/posts\/14942","targetHints":{"allow":["GET"]}}],"collection":[{"href":"https:\/\/diariodigitalnea.com\/index.php\/wp-json\/wp\/v2\/posts"}],"about":[{"href":"https:\/\/diariodigitalnea.com\/index.php\/wp-json\/wp\/v2\/types\/post"}],"author":[{"embeddable":true,"href":"https:\/\/diariodigitalnea.com\/index.php\/wp-json\/wp\/v2\/users\/4"}],"replies":[{"embeddable":true,"href":"https:\/\/diariodigitalnea.com\/index.php\/wp-json\/wp\/v2\/comments?post=14942"}],"version-history":[{"count":1,"href":"https:\/\/diariodigitalnea.com\/index.php\/wp-json\/wp\/v2\/posts\/14942\/revisions"}],"predecessor-version":[{"id":14944,"href":"https:\/\/diariodigitalnea.com\/index.php\/wp-json\/wp\/v2\/posts\/14942\/revisions\/14944"}],"wp:featuredmedia":[{"embeddable":true,"href":"https:\/\/diariodigitalnea.com\/index.php\/wp-json\/wp\/v2\/media\/14943"}],"wp:attachment":[{"href":"https:\/\/diariodigitalnea.com\/index.php\/wp-json\/wp\/v2\/media?parent=14942"}],"wp:term":[{"taxonomy":"category","embeddable":true,"href":"https:\/\/diariodigitalnea.com\/index.php\/wp-json\/wp\/v2\/categories?post=14942"},{"taxonomy":"post_tag","embeddable":true,"href":"https:\/\/diariodigitalnea.com\/index.php\/wp-json\/wp\/v2\/tags?post=14942"}],"curies":[{"name":"wp","href":"https:\/\/api.w.org\/{rel}","templated":true}]}}