{"id":14936,"date":"2024-08-09T17:08:12","date_gmt":"2024-08-09T17:08:12","guid":{"rendered":"https:\/\/diariodigitalnea.com\/?p=14936"},"modified":"2024-08-09T17:08:12","modified_gmt":"2024-08-09T17:08:12","slug":"evaluan-quitarle-la-pension-vitalicia-a-alberto-fernandez-por-falta-de-merito-y-honor","status":"publish","type":"post","link":"https:\/\/diariodigitalnea.com\/index.php\/2024\/08\/09\/evaluan-quitarle-la-pension-vitalicia-a-alberto-fernandez-por-falta-de-merito-y-honor\/","title":{"rendered":"Eval\u00faan quitarle la pensi\u00f3n vitalicia a Alberto Fern\u00e1ndez por falta de m\u00e9rito y honor"},"content":{"rendered":"\n<p>Solicitaron que se le retire la pensi\u00f3n vitalicia al expresidente Alberto Fern\u00e1ndez, tras la denuncia por violencia de g\u00e9nero que radic\u00f3 Fabiola Ya\u00f1ez.<\/p>\n\n\n\n<p>La Fundaci\u00f3n Apolo, liderada por Yamil Santoro, solicit\u00f3 formalmente al Gobierno Nacional que se le retire la pensi\u00f3n vitalicia al expresidente Alberto Fern\u00e1ndez, argumentando falta de m\u00e9rito y honor. Esta petici\u00f3n surge tras la reciente denuncia de Fabiola Y\u00e1\u00f1ez contra elexmandatario por violencia de g\u00e9nero.<\/p>\n\n\n\n<p>A trav\u00e9s de su cuenta de X (anteriormente Twitter), Yamil Santoro anunci\u00f3 la solicitud oficial dirigida al Gobierno Nacional para que se le retire la pensi\u00f3n honor\u00edfica que Alberto Fern\u00e1ndez recibe como expresidente de la Naci\u00f3n.<\/p>\n\n\n\n<p>En su mensaje, Santoro expres\u00f3 que Fern\u00e1ndez no cumple con los requisitos esenciales de m\u00e9rito y honor necesarios para acceder a este beneficio.<\/p>\n\n\n\n<h2 class=\"wp-block-heading\">Solicitaron quitarle la pensi\u00f3n vitalicia a Alberto Fern\u00e1ndez por falta de m\u00e9rito y honor<\/h2>\n\n\n\n<p>El director de la Fundaci\u00f3n Apolo expres\u00f3: \u201cAcabamos de solicitarle legalmente al Gobierno Nacional que le quite la pensi\u00f3n vitalicia a Alberto Fern\u00e1ndez por falta de M\u00c9RITO y HONOR; requisitos esenciales para acceder al beneficio\u201d.<\/p>\n\n\n\n<p>\u201cEse delincuente no merece cobrar de nuestros impuestos\u201d, cerr\u00f3 Santoro, refiri\u00e9ndose a la pensi\u00f3n cercana a los 7 millones de pesos mensuales que percibe Fern\u00e1ndez.<\/p>\n\n\n\n<p>Notificaron a Alberto Fern\u00e1ndez por la denuncia de violencia de g\u00e9nero de Fabiola Y\u00e1\u00f1ez<\/p>\n\n\n\n<p>Al aire de Radio Mitre, se confirm\u00f3 que el exmandatario fue notificado por la denuncia, en pleno esc\u00e1ndalo por la filtraci\u00f3n de un video del abogado con Tamara Pettinato en una cena \u00edntima en su despacho en la Casa de Gobierno, cuando a\u00fan era presidente.<\/p>\n\n\n\n<p>\u201cLo hizo una comisi\u00f3n de la Polic\u00eda Federal en su departamento de Puerto Madero. As\u00ed el expresidente ya sabe las medidas de retricci\u00f3n que debe cumplir\u201d, informaron en Mitre Informe Primero.<\/p>\n\n\n\n<p>En cuanto a Fabiola Y\u00e1\u00f1ez, ya tiene asignado un refuerzo de protecci\u00f3n en Madrid, Espa\u00f1a, lugar desde donde hizo la denuncia contra el pap\u00e1 de Francisco. La causa esta caratulada por el delito de lesiones leves en contexto de violencia de g\u00e9nero.<\/p>\n\n\n\n<p><\/p>\n","protected":false},"excerpt":{"rendered":"<p>Solicitaron que se le retire la pensi\u00f3n vitalicia al expresidente Alberto Fern\u00e1ndez, tras la denuncia por violencia de g\u00e9nero que radic\u00f3 Fabiola Ya\u00f1ez. La Fundaci\u00f3n Apolo, liderada por Yamil Santoro, solicit\u00f3 formalmente al Gobierno Nacional que se le retire la pensi\u00f3n vitalicia al expresidente Alberto Fern\u00e1ndez, argumentando falta de m\u00e9rito y honor. Esta petici\u00f3n surge [&hellip;]<\/p>\n","protected":false},"author":3,"featured_media":14937,"comment_status":"closed","ping_status":"closed","sticky":false,"template":"","format":"standard","meta":{"om_disable_all_campaigns":false,"_monsterinsights_skip_tracking":false,"_monsterinsights_sitenote_active":false,"_monsterinsights_sitenote_note":"","_monsterinsights_sitenote_category":0,"footnotes":""},"categories":[90],"tags":[685,4406,4407,585],"class_list":["post-14936","post","type-post","status-publish","format-standard","has-post-thumbnail","hentry","category-nacionales","tag-alberto-fernandez-2","tag-falta-de-merito-y-honor","tag-pension-vitalicia","tag-violencia-de-genero"],"aioseo_notices":[],"amp_enabled":true,"_links":{"self":[{"href":"https:\/\/diariodigitalnea.com\/index.php\/wp-json\/wp\/v2\/posts\/14936","targetHints":{"allow":["GET"]}}],"collection":[{"href":"https:\/\/diariodigitalnea.com\/index.php\/wp-json\/wp\/v2\/posts"}],"about":[{"href":"https:\/\/diariodigitalnea.com\/index.php\/wp-json\/wp\/v2\/types\/post"}],"author":[{"embeddable":true,"href":"https:\/\/diariodigitalnea.com\/index.php\/wp-json\/wp\/v2\/users\/3"}],"replies":[{"embeddable":true,"href":"https:\/\/diariodigitalnea.com\/index.php\/wp-json\/wp\/v2\/comments?post=14936"}],"version-history":[{"count":1,"href":"https:\/\/diariodigitalnea.com\/index.php\/wp-json\/wp\/v2\/posts\/14936\/revisions"}],"predecessor-version":[{"id":14938,"href":"https:\/\/diariodigitalnea.com\/index.php\/wp-json\/wp\/v2\/posts\/14936\/revisions\/14938"}],"wp:featuredmedia":[{"embeddable":true,"href":"https:\/\/diariodigitalnea.com\/index.php\/wp-json\/wp\/v2\/media\/14937"}],"wp:attachment":[{"href":"https:\/\/diariodigitalnea.com\/index.php\/wp-json\/wp\/v2\/media?parent=14936"}],"wp:term":[{"taxonomy":"category","embeddable":true,"href":"https:\/\/diariodigitalnea.com\/index.php\/wp-json\/wp\/v2\/categories?post=14936"},{"taxonomy":"post_tag","embeddable":true,"href":"https:\/\/diariodigitalnea.com\/index.php\/wp-json\/wp\/v2\/tags?post=14936"}],"curies":[{"name":"wp","href":"https:\/\/api.w.org\/{rel}","templated":true}]}}