{"id":14913,"date":"2024-08-07T21:55:04","date_gmt":"2024-08-07T21:55:04","guid":{"rendered":"https:\/\/diariodigitalnea.com\/?p=14913"},"modified":"2024-08-07T21:55:05","modified_gmt":"2024-08-07T21:55:05","slug":"frustran-atentado-islamista-en-concierto-de-taylor-swift","status":"publish","type":"post","link":"https:\/\/diariodigitalnea.com\/index.php\/2024\/08\/07\/frustran-atentado-islamista-en-concierto-de-taylor-swift\/","title":{"rendered":"Frustran atentado islamista en concierto de Taylor Swift"},"content":{"rendered":"\n<p>La polic\u00eda austriaca detuvo a dos sujetos que habr\u00edan planificado un atentedo islamista en los conciertos de la estadounidense Taylor Swift, durante el fin de semana.<\/p>\n\n\n\n<figure class=\"wp-block-image size-large\"><img fetchpriority=\"high\" decoding=\"async\" width=\"1024\" height=\"513\" src=\"http:\/\/diariodigitalnea.com\/wp-content\/uploads\/2023\/05\/ENCUENTRO-IG-Verde-copy-1024x513.jpg\" alt=\"PUBLICIDAD\" class=\"wp-image-8132\" srcset=\"https:\/\/diariodigitalnea.com\/wp-content\/uploads\/2023\/05\/ENCUENTRO-IG-Verde-copy-1024x513.jpg 1024w, https:\/\/diariodigitalnea.com\/wp-content\/uploads\/2023\/05\/ENCUENTRO-IG-Verde-copy-300x150.jpg 300w, https:\/\/diariodigitalnea.com\/wp-content\/uploads\/2023\/05\/ENCUENTRO-IG-Verde-copy-768x385.jpg 768w, https:\/\/diariodigitalnea.com\/wp-content\/uploads\/2023\/05\/ENCUENTRO-IG-Verde-copy-1536x769.jpg 1536w, https:\/\/diariodigitalnea.com\/wp-content\/uploads\/2023\/05\/ENCUENTRO-IG-Verde-copy-2048x1026.jpg 2048w\" sizes=\"(max-width: 1024px) 100vw, 1024px\" \/><figcaption class=\"wp-element-caption\">Publicidad: Encuentro Tienda de Bebidas, Chile 190 Local 4 \u2013 Tel: 3624386655 &#8211; Gral San Mart\u00edn<\/figcaption><\/figure>\n\n\n\n<p>Entre los capturados hay un joven de 19 a\u00f1os, a quien se le encontr\u00f3 sustancias qu\u00edmicas en su posesi\u00f3n. Los investigadores est\u00e1n evaluando si esos elementos podr\u00edan haberse utilizado para fabricar una bomba.<\/p>\n\n\n\n<p><\/p>\n\n\n\n<p>La polic\u00eda ha reforzado la seguridad durante los pr\u00f3ximos d\u00edas, en especial en la entrada de los shows de la artista.<\/p>\n\n\n\n<figure class=\"wp-block-image size-large\"><img decoding=\"async\" width=\"1024\" height=\"588\" src=\"https:\/\/diariodigitalnea.com\/wp-content\/uploads\/2024\/08\/taylor2-1024x588.jpg\" alt=\"\" class=\"wp-image-14914\" srcset=\"https:\/\/diariodigitalnea.com\/wp-content\/uploads\/2024\/08\/taylor2-1024x588.jpg 1024w, https:\/\/diariodigitalnea.com\/wp-content\/uploads\/2024\/08\/taylor2-300x172.jpg 300w, https:\/\/diariodigitalnea.com\/wp-content\/uploads\/2024\/08\/taylor2-768x441.jpg 768w, https:\/\/diariodigitalnea.com\/wp-content\/uploads\/2024\/08\/taylor2.jpg 1098w\" sizes=\"(max-width: 1024px) 100vw, 1024px\" \/><\/figure>\n\n\n\n<p>Taylor Swift se presentar\u00e1 en el Ernst-Happel-Stadion de Viena este jueves, viernes y s\u00e1bado como parte de la etapa internacional de su gira \u00abThe Eras Tour\u00bb.<\/p>\n\n\n\n<p><\/p>\n\n\n\n<p>A pesar de la amenaza, las autoridades afirmaron que no hay planes de cancelar los conciertos y asegur\u00f3 que el peligro se ha controlado.<\/p>\n\n\n\n<figure class=\"wp-block-image size-large\"><img decoding=\"async\" width=\"1024\" height=\"607\" src=\"http:\/\/diariodigitalnea.com\/wp-content\/uploads\/2023\/11\/DDN-FOTO-PC-Y-CEL-1024x607.jpg\" alt=\"publicidad\" class=\"wp-image-11794\" srcset=\"https:\/\/diariodigitalnea.com\/wp-content\/uploads\/2023\/11\/DDN-FOTO-PC-Y-CEL-1024x607.jpg 1024w, https:\/\/diariodigitalnea.com\/wp-content\/uploads\/2023\/11\/DDN-FOTO-PC-Y-CEL-300x178.jpg 300w, https:\/\/diariodigitalnea.com\/wp-content\/uploads\/2023\/11\/DDN-FOTO-PC-Y-CEL-768x455.jpg 768w, https:\/\/diariodigitalnea.com\/wp-content\/uploads\/2023\/11\/DDN-FOTO-PC-Y-CEL-1536x910.jpg 1536w, https:\/\/diariodigitalnea.com\/wp-content\/uploads\/2023\/11\/DDN-FOTO-PC-Y-CEL.jpg 2000w\" sizes=\"(max-width: 1024px) 100vw, 1024px\" \/><figcaption class=\"wp-element-caption\">Diario Digital Nea. Noticias de la regi\u00f3n y el mundo. <\/figcaption><\/figure>\n","protected":false},"excerpt":{"rendered":"<p>La polic\u00eda austriaca detuvo a dos sujetos que habr\u00edan planificado un atentedo islamista en los conciertos de la estadounidense Taylor Swift, durante el fin de semana. Entre los capturados hay un joven de 19 a\u00f1os, a quien se le encontr\u00f3 sustancias qu\u00edmicas en su posesi\u00f3n. Los investigadores est\u00e1n evaluando si esos elementos podr\u00edan haberse utilizado [&hellip;]<\/p>\n","protected":false},"author":4,"featured_media":14915,"comment_status":"closed","ping_status":"closed","sticky":false,"template":"","format":"standard","meta":{"om_disable_all_campaigns":false,"_monsterinsights_skip_tracking":false,"_monsterinsights_sitenote_active":false,"_monsterinsights_sitenote_note":"","_monsterinsights_sitenote_category":0,"footnotes":""},"categories":[7,9],"tags":[121,3008],"class_list":["post-14913","post","type-post","status-publish","format-standard","has-post-thumbnail","hentry","category-espectaculos","category-internacionales","tag-atentado","tag-taylor-swift"],"aioseo_notices":[],"amp_enabled":true,"_links":{"self":[{"href":"https:\/\/diariodigitalnea.com\/index.php\/wp-json\/wp\/v2\/posts\/14913","targetHints":{"allow":["GET"]}}],"collection":[{"href":"https:\/\/diariodigitalnea.com\/index.php\/wp-json\/wp\/v2\/posts"}],"about":[{"href":"https:\/\/diariodigitalnea.com\/index.php\/wp-json\/wp\/v2\/types\/post"}],"author":[{"embeddable":true,"href":"https:\/\/diariodigitalnea.com\/index.php\/wp-json\/wp\/v2\/users\/4"}],"replies":[{"embeddable":true,"href":"https:\/\/diariodigitalnea.com\/index.php\/wp-json\/wp\/v2\/comments?post=14913"}],"version-history":[{"count":1,"href":"https:\/\/diariodigitalnea.com\/index.php\/wp-json\/wp\/v2\/posts\/14913\/revisions"}],"predecessor-version":[{"id":14916,"href":"https:\/\/diariodigitalnea.com\/index.php\/wp-json\/wp\/v2\/posts\/14913\/revisions\/14916"}],"wp:featuredmedia":[{"embeddable":true,"href":"https:\/\/diariodigitalnea.com\/index.php\/wp-json\/wp\/v2\/media\/14915"}],"wp:attachment":[{"href":"https:\/\/diariodigitalnea.com\/index.php\/wp-json\/wp\/v2\/media?parent=14913"}],"wp:term":[{"taxonomy":"category","embeddable":true,"href":"https:\/\/diariodigitalnea.com\/index.php\/wp-json\/wp\/v2\/categories?post=14913"},{"taxonomy":"post_tag","embeddable":true,"href":"https:\/\/diariodigitalnea.com\/index.php\/wp-json\/wp\/v2\/tags?post=14913"}],"curies":[{"name":"wp","href":"https:\/\/api.w.org\/{rel}","templated":true}]}}