{"id":14860,"date":"2024-08-01T12:23:04","date_gmt":"2024-08-01T12:23:04","guid":{"rendered":"https:\/\/diariodigitalnea.com\/?p=14860"},"modified":"2024-08-01T12:23:05","modified_gmt":"2024-08-01T12:23:05","slug":"desaparicion-de-loan-el-chofer-que-traslado-a-laudelina-declaro-y-la-complico","status":"publish","type":"post","link":"https:\/\/diariodigitalnea.com\/index.php\/2024\/08\/01\/desaparicion-de-loan-el-chofer-que-traslado-a-laudelina-declaro-y-la-complico\/","title":{"rendered":"Desaparici\u00f3n de Loan: el chofer que traslad\u00f3 a Laudelina declar\u00f3 y la complic\u00f3"},"content":{"rendered":"\n<p>El chofer que traslad\u00f3 a Laudelina hasta el furo provincial para que inserte la hip\u00f3tesis del accidente que involucr\u00f3 a Mar\u00eda Victoria Caillava y Carlos P\u00e9rez en el caso Loan, declar\u00f3 y complic\u00f3 a la t\u00eda del menor desaparecido, as\u00ed como tambi\u00e9n inform\u00f3 que conoce tanto al ex abogado Jos\u00e9 Codazzi y al senador Diego Pellegrini.<\/p>\n\n\n\n<p>La declaraci\u00f3n del accidente ocurri\u00f3 el viernes 28 de junio por la noche cuando Laudelina se present\u00f3 ante un fiscal provincial en Corrientes. All\u00ed fue acompa\u00f1ada por su hija Macarena, Codazzi, Pellegrini y el chofer Agust\u00edn Ybarra.<\/p>\n\n\n\n<p>Este lunes 29 de julio, el hombre dio testimonio por su rol en la noche de dicha hip\u00f3tesis y frente a la jueza Cristina Penzo sostuvo que no es pariente de ninguno de los detenidos y que trabaja en la Municipalidad de Corrientes desde hace a\u00f1os como administrativo con el concejal Ricardo Torres.<\/p>\n\n\n\n<p>Durante su testimonial indic\u00f3 que es amigo del senador y que a Codazzi lo conoce porque tiene un complejo de paddle en la localidad de Esquina.<\/p>\n\n\n\n<p>\u00abMe reun\u00ed con Pellegrini y me ofrec\u00ed a acompa\u00f1arlo (a la casa de Laudelina). Mi idea es que se iba a ver a su cliente, no estaba consciente de que nos \u00edbamos a llevarla (a declarar)\u00bb, sostuvo.<\/p>\n\n\n\n<p>En el despacho declaratorio al que accedi\u00f3 Noticias Argentinas, Ybarra explic\u00f3 c\u00f3mo fue el tema del cambio de veh\u00edculo durante el viaje: \u00abNo se c\u00f3mo sali\u00f3 la conversaci\u00f3n, pero Codazzi me dijo que lo acompa\u00f1e que iba hablar con su cliente, le digo a Pellegrini y me dijo s\u00ed. Fui en un auto Passat color gris del senador. Vinimos solo el abogado y yo.<\/p>\n\n\n\n<p>\u00abLlegamos a 9 de Julio, yo me fui manejando, \u00e9l me indic\u00f3 donde ten\u00eda que ir a la casa de su cliente, par\u00e9 frente a la casa, me dijo el nombre en el viaje pero lo tom\u00e9 muy por arriba. Sali\u00f3 el con una se\u00f1ora y una chica. De ah\u00ed nos fuimos hacia Desmochado donde nos esperaba Pellegrini para cambiar de veh\u00edculo. Nosotros nos hab\u00edamos ido en el auto del senador porque la camioneta de Codazzi estaba en el lavadero\u00bb, continu\u00f3.<\/p>\n\n\n\n<p>Sobre c\u00f3mo fue el viaje en cuesti\u00f3n, el chofer indic\u00f3 que fue normal y que en ese trayecto no manej\u00f3: \u00abEscuchaba que la se\u00f1ora hablaba con la hija, la que m\u00e1s se escuchaba era la joven, comentaban sobre el accidente\u00bb<\/p>\n\n\n\n<p>\u00abEso fue m\u00e1s o menos once y media o doce, yo estaba cansado, inclusive en el viaje dormit\u00e9 unos minutos. En ning\u00fan momento escuch\u00e9 que se le hiciera ning\u00fan ofrecimiento\u00bb, destac\u00f3.<\/p>\n\n\n\n<p>El hombre respondi\u00f3 que no escuch\u00f3 acerca del ofrecimiento de dinero que Codazzi le hab\u00eda hecho a Laudelina y a Macarena: \u00abLo que pude o\u00edr es que la chica le dijo a la madre &#8216;no te olvides de decirle que la camioneta cuando fren\u00f3 prendi\u00f3 la luz de atr\u00e1s&#8217;. Eso me acuerdo patente\u00bb.<\/p>\n\n\n\n<p>Sobre c\u00f3mo las ve\u00eda durante el trayecto, se\u00f1al\u00f3: \u00abVen\u00edan de la mejor manera. Por lo que yo percib\u00ed como que se sent\u00edan protegidas por su abogado\u00bb.<\/p>\n\n\n\n<figure class=\"wp-block-image size-full\"><img fetchpriority=\"high\" decoding=\"async\" width=\"527\" height=\"536\" src=\"http:\/\/diariodigitalnea.com\/wp-content\/uploads\/2024\/08\/chofer2.jpg\" alt=\"\" class=\"wp-image-14862\" srcset=\"https:\/\/diariodigitalnea.com\/wp-content\/uploads\/2024\/08\/chofer2.jpg 527w, https:\/\/diariodigitalnea.com\/wp-content\/uploads\/2024\/08\/chofer2-295x300.jpg 295w\" sizes=\"(max-width: 527px) 100vw, 527px\" \/><\/figure>\n\n\n\n<p><em><strong>\u00abDe Corrientes a Esquina manej\u00f3 Pellegrini y desde ah\u00ed conduje yo hasta 9 de Julio donde esper\u00e9 a Codazzi fuera de la casa de Laudelina. Despu\u00e9s manej\u00e9 hasta el cruce de Desmochado, la estaci\u00f3n de servicio y de ah\u00ed fue el turno del abogado\u00bb<\/strong><\/em>, agreg\u00f3.<\/p>\n\n\n\n<p>\u00abA Codazzi lo conozco desde hace bastante tiempo porque tiene un complejo de paddle en Esquina y hemos jugado juntos. No soy amigo de \u00e9l\u00bb, manifest\u00f3<\/p>\n\n\n\n<p>Con respecto a Pellegrini, explic\u00f3: \u00abSoy amigo desde hace muchos a\u00f1os, me he ido en varias oportunidades con \u00e9l a Esquina\u00bb.<\/p>\n\n\n\n<p><strong><em>\u00abNo me dieron nada ni me ofrecieron algo despu\u00e9s del viaje porque nadie me pidi\u00f3 que haga un traslado, se dio naturalmente\u00bb<\/em><\/strong>, detall\u00f3.<\/p>\n\n\n\n<p>Al ser consultado sobre el hecho en cuesti\u00f3n, Ybarra indic\u00f3: \u00abNo estaba consciente de que nos \u00edbamos a llevarla a declarar. De temas legales no entiendo nada,<strong> para m\u00ed no estaban haciendo nada raro porque a Laudelina y a la hija no las vi mal, entonces por eso no se me ocurri\u00f3 preguntar<\/strong>\u00ab.<\/p>\n\n\n\n<p>\u00abMe enter\u00e9 tiempo despu\u00e9s que fue a declarar a la Justicia de Corrientes por la televisi\u00f3n\u00bb, sum\u00f3.<\/p>\n\n\n\n<p>Respecto a por qu\u00e9 no se acerc\u00f3 por su propia voluntad, el hombre dijo: <strong><em>\u00abSent\u00eda que no soy parte de lo que realmente se quiere que es encontrar a Loan. No quer\u00eda entorpecer, yo no hice nada, simplemente acompa\u00f1\u00e9 a una persona a hacer su trabajo, no ve\u00eda que aportaba algo. Nunca se me ocurri\u00f3 acercarme\u00bb<\/em><\/strong><\/p>\n\n\n\n<p>\u00abMe sent\u00ed mal porque tambi\u00e9n soy pap\u00e1 y me duele que est\u00e9 perdido Loan. Quiero saber qu\u00e9 pas\u00f3. Lo que m\u00e1s quisiera es que el ni\u00f1o est\u00e9 vivo. Yo eso no escuch\u00e9. Quiero que se lo encuentre con vida\u00bb, finaliz\u00f3.<\/p>\n\n\n\n<p><\/p>\n","protected":false},"excerpt":{"rendered":"<p>El chofer que traslad\u00f3 a Laudelina hasta el furo provincial para que inserte la hip\u00f3tesis del accidente que involucr\u00f3 a Mar\u00eda Victoria Caillava y Carlos P\u00e9rez en el caso Loan, declar\u00f3 y complic\u00f3 a la t\u00eda del menor desaparecido, as\u00ed como tambi\u00e9n inform\u00f3 que conoce tanto al ex abogado Jos\u00e9 Codazzi y al senador Diego [&hellip;]<\/p>\n","protected":false},"author":3,"featured_media":14861,"comment_status":"closed","ping_status":"closed","sticky":false,"template":"","format":"standard","meta":{"om_disable_all_campaigns":false,"_monsterinsights_skip_tracking":false,"_monsterinsights_sitenote_active":false,"_monsterinsights_sitenote_note":"","_monsterinsights_sitenote_category":0,"footnotes":""},"categories":[34,52],"tags":[4310,4396,3345,4374],"class_list":["post-14860","post","type-post","status-publish","format-standard","has-post-thumbnail","hentry","category-corrientes","category-policiales","tag-caso-loan","tag-chofer-de-laudelina","tag-declaracion","tag-testimoniales"],"aioseo_notices":[],"amp_enabled":true,"_links":{"self":[{"href":"https:\/\/diariodigitalnea.com\/index.php\/wp-json\/wp\/v2\/posts\/14860","targetHints":{"allow":["GET"]}}],"collection":[{"href":"https:\/\/diariodigitalnea.com\/index.php\/wp-json\/wp\/v2\/posts"}],"about":[{"href":"https:\/\/diariodigitalnea.com\/index.php\/wp-json\/wp\/v2\/types\/post"}],"author":[{"embeddable":true,"href":"https:\/\/diariodigitalnea.com\/index.php\/wp-json\/wp\/v2\/users\/3"}],"replies":[{"embeddable":true,"href":"https:\/\/diariodigitalnea.com\/index.php\/wp-json\/wp\/v2\/comments?post=14860"}],"version-history":[{"count":1,"href":"https:\/\/diariodigitalnea.com\/index.php\/wp-json\/wp\/v2\/posts\/14860\/revisions"}],"predecessor-version":[{"id":14863,"href":"https:\/\/diariodigitalnea.com\/index.php\/wp-json\/wp\/v2\/posts\/14860\/revisions\/14863"}],"wp:featuredmedia":[{"embeddable":true,"href":"https:\/\/diariodigitalnea.com\/index.php\/wp-json\/wp\/v2\/media\/14861"}],"wp:attachment":[{"href":"https:\/\/diariodigitalnea.com\/index.php\/wp-json\/wp\/v2\/media?parent=14860"}],"wp:term":[{"taxonomy":"category","embeddable":true,"href":"https:\/\/diariodigitalnea.com\/index.php\/wp-json\/wp\/v2\/categories?post=14860"},{"taxonomy":"post_tag","embeddable":true,"href":"https:\/\/diariodigitalnea.com\/index.php\/wp-json\/wp\/v2\/tags?post=14860"}],"curies":[{"name":"wp","href":"https:\/\/api.w.org\/{rel}","templated":true}]}}