{"id":1464,"date":"2022-09-21T23:02:39","date_gmt":"2022-09-21T23:02:39","guid":{"rendered":"https:\/\/diariodigitalnea.com\/?p=1464"},"modified":"2022-09-21T23:02:40","modified_gmt":"2022-09-21T23:02:40","slug":"mas-de-1-300-detenidos-en-rusia-en-las-protestas-contra-la-movilizacion-decretada-por-putin-para-la-invasion-a-ucrania","status":"publish","type":"post","link":"https:\/\/diariodigitalnea.com\/index.php\/2022\/09\/21\/mas-de-1-300-detenidos-en-rusia-en-las-protestas-contra-la-movilizacion-decretada-por-putin-para-la-invasion-a-ucrania\/","title":{"rendered":"M\u00e1s de 1.300 detenidos en Rusia en las protestas contra la movilizaci\u00f3n decretada por Putin para la invasi\u00f3n a Ucrania"},"content":{"rendered":"\n<p>El Ministerio de Defensa quiere que 300 mil reservistas est\u00e9n listos para ir a la guerra, pero la medida desat\u00f3 manifestaciones en contra que el Kremlin quiere controlar a base de represi\u00f3n y penas de hasta 15 a\u00f1os de c\u00e1rcel<\/p>\n\n\n\n<p>La fiscal\u00eda de Mosc\u00fa amenaz\u00f3 con 15 a\u00f1os de prisi\u00f3n a los ciudadanos que desaf\u00eden la movilizaci\u00f3n de Vladimir Putin, mientras m\u00e1s de 1.300 personas fueron detenidas por protestar en distintas ciudades de Rusia.<\/p>\n\n\n\n<figure class=\"wp-block-image size-large\"><img fetchpriority=\"high\" decoding=\"async\" width=\"1024\" height=\"683\" src=\"https:\/\/diariodigitalnea.com\/wp-content\/uploads\/2022\/09\/000899919W-1024x683.jpg\" alt=\"\" class=\"wp-image-1465\" srcset=\"https:\/\/diariodigitalnea.com\/wp-content\/uploads\/2022\/09\/000899919W-1024x683.jpg 1024w, https:\/\/diariodigitalnea.com\/wp-content\/uploads\/2022\/09\/000899919W-300x200.jpg 300w, https:\/\/diariodigitalnea.com\/wp-content\/uploads\/2022\/09\/000899919W-768x512.jpg 768w, https:\/\/diariodigitalnea.com\/wp-content\/uploads\/2022\/09\/000899919W-1536x1024.jpg 1536w, https:\/\/diariodigitalnea.com\/wp-content\/uploads\/2022\/09\/000899919W-900x600.jpg 900w, https:\/\/diariodigitalnea.com\/wp-content\/uploads\/2022\/09\/000899919W.jpg 1800w\" sizes=\"(max-width: 1024px) 100vw, 1024px\" \/><\/figure>\n\n\n\n<p>Las protestas fueron las m\u00e1s grandes en Rusia desde las manifestaciones que estallaron tras el anuncio de la intervenci\u00f3n militar de Mosc\u00fa en Ucrania en febrero. Tambi\u00e9n hubo una concentraci\u00f3n en la embajada de Rusia en Varsovia, Polonia.<br>El n\u00famero de detenidos lo aport\u00f3 la ONG OVD-Info, que a las 20.00 GMT cifr\u00f3 en 1.339 la cantidad precisa hasta el momento.<\/p>\n\n\n\n<p>En un comunicado citado por la agencia Interfax, la oficina del fiscal advirti\u00f3 que la participaci\u00f3n en las manifestaciones o la mera difusi\u00f3n de las convocatorias podr\u00eda ser constitutivo de delito, despu\u00e9s de que se hayan publicado en Internet los primeros llamamientos.<\/p>\n\n\n\n<p>El Ministerio P\u00fablico ha incidido en que estas movilizaciones no fueron coordinadas con las autoridades pertinentes, que deben dar permiso a cualquier acci\u00f3n de este tipo. Las autoridades rusas no autorizan ninguna concentraci\u00f3n contraria a las directrices del Gobierno.<\/p>\n\n\n\n<figure class=\"wp-block-image size-full is-resized\"><img decoding=\"async\" src=\"https:\/\/diariodigitalnea.com\/wp-content\/uploads\/2022\/09\/61034736_401.jpg\" alt=\"\" class=\"wp-image-1466\" width=\"1033\" height=\"581\" srcset=\"https:\/\/diariodigitalnea.com\/wp-content\/uploads\/2022\/09\/61034736_401.jpg 700w, https:\/\/diariodigitalnea.com\/wp-content\/uploads\/2022\/09\/61034736_401-300x169.jpg 300w\" sizes=\"(max-width: 1033px) 100vw, 1033px\" \/><\/figure>\n\n\n\n<p><br>\u201cInternet, incluidas las redes sociales, contiene informaci\u00f3n que llama a la participaci\u00f3n en manifestaciones p\u00fablicas en Mosc\u00fa y la comisi\u00f3n de otros actos ilegales\u201d, dijo la fiscal\u00eda. \u201cLa distribuci\u00f3n de tales contenidos, la participaci\u00f3n en actividades il\u00edcitas de los internautas, incluidos menores de edad, es punible, as\u00ed como la participaci\u00f3n en tales acciones\u201d, agreg\u00f3, citando varias leyes, tanto administrativas y penales, aprobadas en los \u00faltimos a\u00f1os y \u201cpara los cuales se prev\u00e9 un castigo, incluso en forma de prisi\u00f3n de hasta 15 a\u00f1os\u201d.<br>La advertencia de la justicia rusa llega despu\u00e9s que varias decenas de personas han sido detenidas en 38 ciudades de Rusia por participar en protestas contra la movilizaci\u00f3n parcial anunciada este mi\u00e9rcoles por el presidente Vladimir Putin.<\/p>\n\n\n\n<figure class=\"wp-block-embed is-type-video is-provider-youtube wp-block-embed-youtube wp-embed-aspect-16-9 wp-has-aspect-ratio\"><div class=\"wp-block-embed__wrapper\">\n<iframe title=\"M\u00e1s de 1.000 detenidos en protestas en Rusia contra la movilizaci\u00f3n parcial\" width=\"1200\" height=\"675\" src=\"https:\/\/www.youtube.com\/embed\/I4jw45LS55o?feature=oembed\" frameborder=\"0\" allow=\"accelerometer; autoplay; clipboard-write; encrypted-media; gyroscope; picture-in-picture\" allowfullscreen><\/iframe>\n<\/div><\/figure>\n\n\n\n<p>La organizaci\u00f3n de defensa de los derechos civiles OVD-Info ha comenzado ya su propio recuento sobre las manifestaciones y confirm\u00f3 al menos 44 arrestos en las primeras horas, pero la cifra se elev\u00f3 luego a 350 seg\u00fan fuentes de la agencia Reuters.<br>\u201c\u00bfPor qu\u00e9 est\u00e1s sirviendo a Putin, un hombre que ha estado en el poder durante 20 a\u00f1os?\u201d un joven manifestante le grit\u00f3 a un polic\u00eda.<\/p>\n\n\n\n<p>\u201cVine a decir que estoy en contra de la guerra y la movilizaci\u00f3n\u201d, dijo a la AFP la estudiante Oksana Sidorenko.<\/p>\n\n\n\n<p>\u201c\u00bfPor qu\u00e9 est\u00e1n decidiendo mi futuro por m\u00ed? Tengo miedo por m\u00ed, por mi hermano\u201d, agreg\u00f3<br>Cuentas vinculadas a la oposici\u00f3n en Rusia, entre ellas las del dirigente opositor Alexei Navalny, difundieron v\u00eddeos que muestran estas primeras protestas.<\/p>\n\n\n\n<figure class=\"wp-block-image size-large\"><img decoding=\"async\" width=\"1024\" height=\"618\" src=\"https:\/\/diariodigitalnea.com\/wp-content\/uploads\/2022\/09\/ruuuus-1024x618.jpg\" alt=\"\" class=\"wp-image-1467\" srcset=\"https:\/\/diariodigitalnea.com\/wp-content\/uploads\/2022\/09\/ruuuus-1024x618.jpg 1024w, https:\/\/diariodigitalnea.com\/wp-content\/uploads\/2022\/09\/ruuuus-300x181.jpg 300w, https:\/\/diariodigitalnea.com\/wp-content\/uploads\/2022\/09\/ruuuus-768x463.jpg 768w, https:\/\/diariodigitalnea.com\/wp-content\/uploads\/2022\/09\/ruuuus.jpg 1300w\" sizes=\"(max-width: 1024px) 100vw, 1024px\" \/><\/figure>\n\n\n\n<p>La protesta m\u00e1s grande est\u00e1 prevista para esta tarde. Fue convocada por el movimiento pacifista Vesn\u00e1 (Primavera) bajo el lema \u201cNo a la movilizaci\u00f3n\u201d.<\/p>\n\n\n\n<p>Alina Skvortsova, de 20 a\u00f1os, dijo que esperaba que los rusos comprendieran pronto la naturaleza de la ofensiva del Kremlin en la vecina Ucrania.<\/p>\n\n\n\n<p>\u201cTan pronto como realmente entiendan, saldr\u00e1n a la calle, a pesar del miedo\u201d, dijo.<br>Los ciudadanos rusos fueron llamados a protestar a las 16.00 GMT en sus ciudades, seg\u00fan inform\u00f3 la organizaci\u00f3n en su canal de Telegram.<\/p>\n\n\n\n<p>Vesn\u00e1 afirma que la movilizaci\u00f3n parcial de Putin significa que \u201cmiles de hombres rusos, nuestros padres, hermanos y esposos, ser\u00e1n arrojados a la picadora de carne de la guerra.<br>\u201cNo tengo miedo. No le tengo miedo a nada. Lo m\u00e1s valioso que nos pueden quitar es la vida de nuestros hijos. No les dar\u00e9 la vida de mi hijo\u201d, dijo una moscovita que se neg\u00f3 a dar su nombre. Cuando se le pregunt\u00f3 si ayudar\u00eda protestar, dijo: \u201cNo ayudar\u00e1, pero es mi deber c\u00edvico expresar mi postura. No a \u00a1guerra!\u201d<br>\u201c\u00bfPor qu\u00e9 las madres y los ni\u00f1os derramar\u00e1n l\u00e1grimas? Para el palacio de Putin?\u201d, se pregunta el movimiento.<\/p>\n\n\n\n<figure class=\"wp-block-image size-large\"><img loading=\"lazy\" decoding=\"async\" width=\"1024\" height=\"576\" src=\"https:\/\/diariodigitalnea.com\/wp-content\/uploads\/2022\/09\/rreee-1024x576.jpeg\" alt=\"\" class=\"wp-image-1468\" srcset=\"https:\/\/diariodigitalnea.com\/wp-content\/uploads\/2022\/09\/rreee-1024x576.jpeg 1024w, https:\/\/diariodigitalnea.com\/wp-content\/uploads\/2022\/09\/rreee-300x169.jpeg 300w, https:\/\/diariodigitalnea.com\/wp-content\/uploads\/2022\/09\/rreee-768x432.jpeg 768w, https:\/\/diariodigitalnea.com\/wp-content\/uploads\/2022\/09\/rreee.jpeg 1200w\" sizes=\"(max-width: 1024px) 100vw, 1024px\" \/><\/figure>\n\n\n\n<p>\u201cAhora la guerra llegar\u00e1 de verdad a todos los hogares ya todas las familias. Las autoridades dec\u00edan que solo los \u2018profesionales\u2019 estaban combatiendo y que ellos ganar\u00edan. Result\u00f3 que no estaban ganando y los prisioneros comenzaron a ser reclutados para el frente. Y ahora se ha anunciado la movilizaci\u00f3n\u201d, indic\u00f3.<br>Vesn\u00e1 sostiene que la situaci\u00f3n es \u201cextremadamente dif\u00edcil\u201d, pues \u201cla guerra ya no est\u00e1 \u2018all\u00e1 afuera\u2019, sino que \u201cha llegado a nuestro pa\u00eds, a nuestros hogares, a nuestros familiares\u201d.<\/p>\n\n\n\n<p>Y los movilizados \u201cdeben morir para corregir los errores del r\u00e9gimen de Putin, que sumi\u00f3 a Rusia en una monstruosa matanza, aislamiento y pobreza\u201d, agreg\u00f3.<br>Los diputados y funcionarios que a diario gritaban sobre la necesidad de la movilizaci\u00f3n permanecer\u00e1n en sus c\u00e1lidos sillones, vivos y coleando, denuncia la organizaci\u00f3n.<\/p>\n\n\n\n<p>Ante la previsi\u00f3n de que las fuerzas de seguridad rusas intentar\u00e1n evitar o reprimir las protestas, el movimiento ha publicado los datos de contacto de OVD-Info, que hace un seguimiento de las detenciones y defiende a los arrestados y que fue declarado hace un a\u00f1o \u201cagente extranjero\u201d en Rusia.<\/p>\n\n\n\n<p>Seg\u00fan esta organizaci\u00f3n, desde el inicio de la campa\u00f1a militar rusa en Ucrania ha habido 16.437 detenciones en protestas por la intervenci\u00f3n b\u00e9lica.<br><\/p>\n\n\n\n<p>FUENTE: AFP y AP<\/p>\n","protected":false},"excerpt":{"rendered":"<p>El Ministerio de Defensa quiere que 300 mil reservistas est\u00e9n listos para ir a la guerra, pero la medida desat\u00f3 manifestaciones en contra que el Kremlin quiere controlar a base de represi\u00f3n y penas de hasta 15 a\u00f1os de c\u00e1rcel La fiscal\u00eda de Mosc\u00fa amenaz\u00f3 con 15 a\u00f1os de prisi\u00f3n a los ciudadanos que desaf\u00eden [&hellip;]<\/p>\n","protected":false},"author":4,"featured_media":1469,"comment_status":"closed","ping_status":"closed","sticky":false,"template":"","format":"standard","meta":{"om_disable_all_campaigns":false,"_monsterinsights_skip_tracking":false,"_monsterinsights_sitenote_active":false,"_monsterinsights_sitenote_note":"","_monsterinsights_sitenote_category":0,"footnotes":""},"categories":[95,9],"tags":[393,24,394,392],"class_list":["post-1464","post","type-post","status-publish","format-standard","has-post-thumbnail","hentry","category-informacion-general","category-internacionales","tag-detenidos","tag-guerra-ucrania","tag-putin","tag-rusia"],"aioseo_notices":[],"amp_enabled":true,"_links":{"self":[{"href":"https:\/\/diariodigitalnea.com\/index.php\/wp-json\/wp\/v2\/posts\/1464","targetHints":{"allow":["GET"]}}],"collection":[{"href":"https:\/\/diariodigitalnea.com\/index.php\/wp-json\/wp\/v2\/posts"}],"about":[{"href":"https:\/\/diariodigitalnea.com\/index.php\/wp-json\/wp\/v2\/types\/post"}],"author":[{"embeddable":true,"href":"https:\/\/diariodigitalnea.com\/index.php\/wp-json\/wp\/v2\/users\/4"}],"replies":[{"embeddable":true,"href":"https:\/\/diariodigitalnea.com\/index.php\/wp-json\/wp\/v2\/comments?post=1464"}],"version-history":[{"count":1,"href":"https:\/\/diariodigitalnea.com\/index.php\/wp-json\/wp\/v2\/posts\/1464\/revisions"}],"predecessor-version":[{"id":1470,"href":"https:\/\/diariodigitalnea.com\/index.php\/wp-json\/wp\/v2\/posts\/1464\/revisions\/1470"}],"wp:featuredmedia":[{"embeddable":true,"href":"https:\/\/diariodigitalnea.com\/index.php\/wp-json\/wp\/v2\/media\/1469"}],"wp:attachment":[{"href":"https:\/\/diariodigitalnea.com\/index.php\/wp-json\/wp\/v2\/media?parent=1464"}],"wp:term":[{"taxonomy":"category","embeddable":true,"href":"https:\/\/diariodigitalnea.com\/index.php\/wp-json\/wp\/v2\/categories?post=1464"},{"taxonomy":"post_tag","embeddable":true,"href":"https:\/\/diariodigitalnea.com\/index.php\/wp-json\/wp\/v2\/tags?post=1464"}],"curies":[{"name":"wp","href":"https:\/\/api.w.org\/{rel}","templated":true}]}}