{"id":14601,"date":"2024-07-08T16:45:55","date_gmt":"2024-07-08T16:45:55","guid":{"rendered":"https:\/\/diariodigitalnea.com\/?p=14601"},"modified":"2024-07-08T16:45:55","modified_gmt":"2024-07-08T16:45:55","slug":"caso-loan-confirman-el-adn-masculino-en-la-camioneta-de-callaiva-y-perez","status":"publish","type":"post","link":"https:\/\/diariodigitalnea.com\/index.php\/2024\/07\/08\/caso-loan-confirman-el-adn-masculino-en-la-camioneta-de-callaiva-y-perez\/","title":{"rendered":"Caso Loan: confirman el ADN masculino en la camioneta de Callaiva y P\u00e9rez"},"content":{"rendered":"\n<p>Las pericias en el guardabarros de la camioneta de Victoria Caillava y Carlos P\u00e9rez arrojaron resultados positivos en el ADN masculino.<\/p>\n\n\n\n<p><\/p>\n\n\n\n<p>Las pericias confirmaron este lunes que hay ADN masculino en el guardabarros de la camioneta de Victoria Caillava y Carlos P\u00e9rez. Las marcas estaban en el guardabarros del veh\u00edculo con el que la exfuncionaria y su marido hab\u00edan ido al almuerzo en la casa de Catalina Pe\u00f1a. Ahora deben cotejar si ese ADN es compatible con el de Loan, el ni\u00f1o desaparecido hace 25 d\u00edas.<\/p>\n\n\n\n<figure class=\"wp-block-image size-large\"><img fetchpriority=\"high\" decoding=\"async\" width=\"1024\" height=\"513\" src=\"http:\/\/diariodigitalnea.com\/wp-content\/uploads\/2023\/05\/ENCUENTRO-IG-Verde-copy-1024x513.jpg\" alt=\"PUBLICIDAD\" class=\"wp-image-8132\" srcset=\"https:\/\/diariodigitalnea.com\/wp-content\/uploads\/2023\/05\/ENCUENTRO-IG-Verde-copy-1024x513.jpg 1024w, https:\/\/diariodigitalnea.com\/wp-content\/uploads\/2023\/05\/ENCUENTRO-IG-Verde-copy-300x150.jpg 300w, https:\/\/diariodigitalnea.com\/wp-content\/uploads\/2023\/05\/ENCUENTRO-IG-Verde-copy-768x385.jpg 768w, https:\/\/diariodigitalnea.com\/wp-content\/uploads\/2023\/05\/ENCUENTRO-IG-Verde-copy-1536x769.jpg 1536w, https:\/\/diariodigitalnea.com\/wp-content\/uploads\/2023\/05\/ENCUENTRO-IG-Verde-copy-2048x1026.jpg 2048w\" sizes=\"(max-width: 1024px) 100vw, 1024px\" \/><figcaption class=\"wp-element-caption\">Publicidad: Encuentro Tienda de Bebidas, Chile 190 Local 4 \u2013 Tel: 3624386655 &#8211; Gral San Mart\u00edn<\/figcaption><\/figure>\n\n\n\n<p>Los resultados de las pericias en la camioneta de la exfuncionaria municipal y el excapit\u00e1n de nav\u00edo de la Armada en la que hab\u00edan ido al almuerzo en la casa de la abuela de Loan aquel 13 de junio, dieron positivo masculino. Por lo que ahora se debe cotejar si coincide con el ADN de Loan.<\/p>\n\n\n\n<figure class=\"wp-block-image size-full\"><img decoding=\"async\" width=\"1000\" height=\"519\" src=\"https:\/\/diariodigitalnea.com\/wp-content\/uploads\/2024\/07\/loan.jpg\" alt=\"\" class=\"wp-image-14602\" srcset=\"https:\/\/diariodigitalnea.com\/wp-content\/uploads\/2024\/07\/loan.jpg 1000w, https:\/\/diariodigitalnea.com\/wp-content\/uploads\/2024\/07\/loan-300x156.jpg 300w, https:\/\/diariodigitalnea.com\/wp-content\/uploads\/2024\/07\/loan-768x399.jpg 768w\" sizes=\"(max-width: 1000px) 100vw, 1000px\" \/><\/figure>\n\n\n\n<p>A\u00fan falta por conocer los resultados de la rueda derecha de la camioneta de Mar\u00eda Victoria Caillava y Carlos P\u00e9rez.El auto de M\u00f3nica del Carmen Millapi y Daniel \u00abFierrito\u00bb Ram\u00edrez, la moto de Antonio Ben\u00edtez, el t\u00edo de Loan, los celulares de todos los detenidos y la toalla ensangrentada que encontraron en la escuela abandonada de en la localidad de 9 de Julio.<\/p>\n\n\n\n<p><\/p>\n\n\n\n<p>En caso de que de positivo con el ADN del ni\u00f1o de 5 a\u00f1os, se confirmar\u00eda la teor\u00eda de Laudelina. La mujer hab\u00eda declarado que Caillava la amenaz\u00f3 de muerte, esto se dio despu\u00e9s de que escuchara el ruido de un choque y una frenada de una camioneta.<\/p>\n\n\n\n<figure class=\"wp-block-image size-full\"><img decoding=\"async\" width=\"900\" height=\"505\" src=\"http:\/\/diariodigitalnea.com\/wp-content\/uploads\/2024\/06\/loan11.jpg\" alt=\"\" class=\"wp-image-14492\" srcset=\"https:\/\/diariodigitalnea.com\/wp-content\/uploads\/2024\/06\/loan11.jpg 900w, https:\/\/diariodigitalnea.com\/wp-content\/uploads\/2024\/06\/loan11-300x168.jpg 300w, https:\/\/diariodigitalnea.com\/wp-content\/uploads\/2024\/06\/loan11-768x431.jpg 768w\" sizes=\"(max-width: 900px) 100vw, 900px\" \/><\/figure>\n\n\n\n<p>Ella caminaba hacia el naranjal por un camino distinto y desde esa calle de tierra vio el momento en que P\u00e9rez levanta el cuerpo de Loan en estado de inconsciencia y lo lleva a la parte de atr\u00e1s del veh\u00edculo.<\/p>\n\n\n\n<p><\/p>\n\n\n\n<p>\u00abUna hora despu\u00e9s de ver esa secuencia, Caillava me llam\u00f3 por tel\u00e9fono, yo atend\u00ed y quedamos en encontrarnos en una escuela\u00bb, declar\u00f3 la t\u00eda del menor. En rigor, la llamada pudo ser constatada por la polic\u00eda, aunque no se accedi\u00f3 a su contenido.<\/p>\n\n\n\n<figure class=\"wp-block-image size-large\"><img loading=\"lazy\" decoding=\"async\" width=\"1024\" height=\"607\" src=\"http:\/\/diariodigitalnea.com\/wp-content\/uploads\/2023\/11\/DDN-FOTO-PC-Y-CEL-1024x607.jpg\" alt=\"publicidad\" class=\"wp-image-11794\" srcset=\"https:\/\/diariodigitalnea.com\/wp-content\/uploads\/2023\/11\/DDN-FOTO-PC-Y-CEL-1024x607.jpg 1024w, https:\/\/diariodigitalnea.com\/wp-content\/uploads\/2023\/11\/DDN-FOTO-PC-Y-CEL-300x178.jpg 300w, https:\/\/diariodigitalnea.com\/wp-content\/uploads\/2023\/11\/DDN-FOTO-PC-Y-CEL-768x455.jpg 768w, https:\/\/diariodigitalnea.com\/wp-content\/uploads\/2023\/11\/DDN-FOTO-PC-Y-CEL-1536x910.jpg 1536w, https:\/\/diariodigitalnea.com\/wp-content\/uploads\/2023\/11\/DDN-FOTO-PC-Y-CEL.jpg 2000w\" sizes=\"(max-width: 1024px) 100vw, 1024px\" \/><figcaption class=\"wp-element-caption\">Diario Digital Nea. Noticias de la regi\u00f3n y el mundo. <\/figcaption><\/figure>\n","protected":false},"excerpt":{"rendered":"<p>Las pericias en el guardabarros de la camioneta de Victoria Caillava y Carlos P\u00e9rez arrojaron resultados positivos en el ADN masculino. Las pericias confirmaron este lunes que hay ADN masculino en el guardabarros de la camioneta de Victoria Caillava y Carlos P\u00e9rez. Las marcas estaban en el guardabarros del veh\u00edculo con el que la exfuncionaria [&hellip;]<\/p>\n","protected":false},"author":4,"featured_media":14603,"comment_status":"closed","ping_status":"closed","sticky":false,"template":"","format":"standard","meta":{"om_disable_all_campaigns":false,"_monsterinsights_skip_tracking":false,"_monsterinsights_sitenote_active":false,"_monsterinsights_sitenote_note":"","_monsterinsights_sitenote_category":0,"footnotes":""},"categories":[34,52],"tags":[276,4310],"class_list":["post-14601","post","type-post","status-publish","format-standard","has-post-thumbnail","hentry","category-corrientes","category-policiales","tag-camioneta","tag-caso-loan"],"aioseo_notices":[],"amp_enabled":true,"_links":{"self":[{"href":"https:\/\/diariodigitalnea.com\/index.php\/wp-json\/wp\/v2\/posts\/14601","targetHints":{"allow":["GET"]}}],"collection":[{"href":"https:\/\/diariodigitalnea.com\/index.php\/wp-json\/wp\/v2\/posts"}],"about":[{"href":"https:\/\/diariodigitalnea.com\/index.php\/wp-json\/wp\/v2\/types\/post"}],"author":[{"embeddable":true,"href":"https:\/\/diariodigitalnea.com\/index.php\/wp-json\/wp\/v2\/users\/4"}],"replies":[{"embeddable":true,"href":"https:\/\/diariodigitalnea.com\/index.php\/wp-json\/wp\/v2\/comments?post=14601"}],"version-history":[{"count":1,"href":"https:\/\/diariodigitalnea.com\/index.php\/wp-json\/wp\/v2\/posts\/14601\/revisions"}],"predecessor-version":[{"id":14604,"href":"https:\/\/diariodigitalnea.com\/index.php\/wp-json\/wp\/v2\/posts\/14601\/revisions\/14604"}],"wp:featuredmedia":[{"embeddable":true,"href":"https:\/\/diariodigitalnea.com\/index.php\/wp-json\/wp\/v2\/media\/14603"}],"wp:attachment":[{"href":"https:\/\/diariodigitalnea.com\/index.php\/wp-json\/wp\/v2\/media?parent=14601"}],"wp:term":[{"taxonomy":"category","embeddable":true,"href":"https:\/\/diariodigitalnea.com\/index.php\/wp-json\/wp\/v2\/categories?post=14601"},{"taxonomy":"post_tag","embeddable":true,"href":"https:\/\/diariodigitalnea.com\/index.php\/wp-json\/wp\/v2\/tags?post=14601"}],"curies":[{"name":"wp","href":"https:\/\/api.w.org\/{rel}","templated":true}]}}