{"id":14565,"date":"2024-07-03T22:19:33","date_gmt":"2024-07-03T22:19:33","guid":{"rendered":"https:\/\/diariodigitalnea.com\/?p=14565"},"modified":"2024-07-03T22:19:34","modified_gmt":"2024-07-03T22:19:34","slug":"cayo-un-40-la-produccion-de-autos-se-produjeron-solamente-32-029-unidades-en-el-mes-pasado","status":"publish","type":"post","link":"https:\/\/diariodigitalnea.com\/index.php\/2024\/07\/03\/cayo-un-40-la-produccion-de-autos-se-produjeron-solamente-32-029-unidades-en-el-mes-pasado\/","title":{"rendered":"Cay\u00f3 un 40% la producci\u00f3n de autos: Se produjeron solamente 32.029 unidades en el mes pasado."},"content":{"rendered":"\n<p>Las f\u00e1bricas automotrices produjeron 32.029 unidades en junio, lo que representa un 16,7% por debajo del volumen del mes anterior y una reducci\u00f3n del 40,2% si se compara con las 53.522 unidades que se produjeron en junio del a\u00f1o pasado, seg\u00fan inform\u00f3 la Asociaci\u00f3n de Fabricantes de Automotores (ADEFA).<\/p>\n\n\n\n<p><\/p>\n\n\n\n<p>En los primeros seis meses de este a\u00f1o, las terminales produjeron 216.736 veh\u00edculos de pasajeros y utilitarios, 26,7% menos respecto de las 295.777 unidades que se produjeron en el mismo per\u00edodo del 2023.<\/p>\n\n\n\n<figure class=\"wp-block-image size-large\"><img fetchpriority=\"high\" decoding=\"async\" width=\"1024\" height=\"513\" src=\"http:\/\/diariodigitalnea.com\/wp-content\/uploads\/2023\/05\/ENCUENTRO-IG-Verde-copy-1024x513.jpg\" alt=\"PUBLICIDAD\" class=\"wp-image-8132\" srcset=\"https:\/\/diariodigitalnea.com\/wp-content\/uploads\/2023\/05\/ENCUENTRO-IG-Verde-copy-1024x513.jpg 1024w, https:\/\/diariodigitalnea.com\/wp-content\/uploads\/2023\/05\/ENCUENTRO-IG-Verde-copy-300x150.jpg 300w, https:\/\/diariodigitalnea.com\/wp-content\/uploads\/2023\/05\/ENCUENTRO-IG-Verde-copy-768x385.jpg 768w, https:\/\/diariodigitalnea.com\/wp-content\/uploads\/2023\/05\/ENCUENTRO-IG-Verde-copy-1536x769.jpg 1536w, https:\/\/diariodigitalnea.com\/wp-content\/uploads\/2023\/05\/ENCUENTRO-IG-Verde-copy-2048x1026.jpg 2048w\" sizes=\"(max-width: 1024px) 100vw, 1024px\" \/><figcaption class=\"wp-element-caption\">Publicidad: Encuentro Tienda de Bebidas, Chile 190 Local 4 \u2013 Tel: 3624386655 &#8211; Gral San Mart\u00edn<\/figcaption><\/figure>\n\n\n\n<p>En cuanto al comercio exterior, se exportaron 20.884 unidades en junio, 9,1% menos respecto de mayo anterior y 10,3% menos si se compara con junio de 2023. En el primer semestres del a\u00f1o, el sector comercializ\u00f3 a diversos mercados un total de 126.839 veh\u00edculos, lo que signific\u00f3 una disminuci\u00f3n del 16,6 % en su comparaci\u00f3n con el primer semestre del 2023.<\/p>\n\n\n\n<p><\/p>\n\n\n\n<p>El presidente de ADEFA, Mart\u00edn Zuppi, afirm\u00f3: \u00abAl cierre del primer semestre y tal cual lo previsto, contin\u00faa el proceso de adecuaci\u00f3n al nuevo contexto econ\u00f3mico y el ordenamiento de los programas productivos de las terminales que se reflejan en los vol\u00famenes de actividad del per\u00edodo\u00bb.<\/p>\n\n\n\n<figure class=\"wp-block-image size-large\"><img decoding=\"async\" width=\"1024\" height=\"576\" src=\"https:\/\/diariodigitalnea.com\/wp-content\/uploads\/2024\/07\/auto222222-1024x576.jpg\" alt=\"\" class=\"wp-image-14567\" srcset=\"https:\/\/diariodigitalnea.com\/wp-content\/uploads\/2024\/07\/auto222222-1024x576.jpg 1024w, https:\/\/diariodigitalnea.com\/wp-content\/uploads\/2024\/07\/auto222222-300x169.jpg 300w, https:\/\/diariodigitalnea.com\/wp-content\/uploads\/2024\/07\/auto222222-768x432.jpg 768w, https:\/\/diariodigitalnea.com\/wp-content\/uploads\/2024\/07\/auto222222.jpg 1200w\" sizes=\"(max-width: 1024px) 100vw, 1024px\" \/><\/figure>\n\n\n\n<p>A\u00f1adi\u00f3 que hay que \u00abredoblar esfuerzos y continuar trabajando en conjunto con la cadena de valor y el gobierno en una agenda proactiva para que, junto a las medidas anunciadas, generen las condiciones para retornar a la senda del crecimiento lo m\u00e1s pronto posible\u00bb.<\/p>\n\n\n\n<p><\/p>\n\n\n\n<p>En cuanto a las ventas mayoristas, el sector automotor comercializ\u00f3 a la red de concesionarios 32.333 unidades en junio, un 16,1% m\u00e1s respecto de mayo, y 26,7 % por debajo del volumen del mismo mes del 2023.<\/p>\n\n\n\n<figure class=\"wp-block-image size-large\"><img decoding=\"async\" width=\"1024\" height=\"590\" src=\"http:\/\/diariodigitalnea.com\/wp-content\/uploads\/2023\/11\/autos2-1024x590.jpg\" alt=\"\" class=\"wp-image-11636\" srcset=\"https:\/\/diariodigitalnea.com\/wp-content\/uploads\/2023\/11\/autos2-1024x590.jpg 1024w, https:\/\/diariodigitalnea.com\/wp-content\/uploads\/2023\/11\/autos2-300x173.jpg 300w, https:\/\/diariodigitalnea.com\/wp-content\/uploads\/2023\/11\/autos2-768x442.jpg 768w, https:\/\/diariodigitalnea.com\/wp-content\/uploads\/2023\/11\/autos2.jpg 1165w\" sizes=\"(max-width: 1024px) 100vw, 1024px\" \/><\/figure>\n\n\n\n<p>Desde enero a junio se comercializaron a la red un total de 161.986 veh\u00edculos, un 21,7 % menos respecto de las 206.861 unidades que se comercializaron en el primer semestre del 2023.<\/p>\n\n\n\n<figure class=\"wp-block-image size-large\"><img loading=\"lazy\" decoding=\"async\" width=\"1024\" height=\"607\" src=\"http:\/\/diariodigitalnea.com\/wp-content\/uploads\/2023\/11\/DDN-FOTO-PC-Y-CEL-1024x607.jpg\" alt=\"publicidad\" class=\"wp-image-11794\" srcset=\"https:\/\/diariodigitalnea.com\/wp-content\/uploads\/2023\/11\/DDN-FOTO-PC-Y-CEL-1024x607.jpg 1024w, https:\/\/diariodigitalnea.com\/wp-content\/uploads\/2023\/11\/DDN-FOTO-PC-Y-CEL-300x178.jpg 300w, https:\/\/diariodigitalnea.com\/wp-content\/uploads\/2023\/11\/DDN-FOTO-PC-Y-CEL-768x455.jpg 768w, https:\/\/diariodigitalnea.com\/wp-content\/uploads\/2023\/11\/DDN-FOTO-PC-Y-CEL-1536x910.jpg 1536w, https:\/\/diariodigitalnea.com\/wp-content\/uploads\/2023\/11\/DDN-FOTO-PC-Y-CEL.jpg 2000w\" sizes=\"(max-width: 1024px) 100vw, 1024px\" \/><figcaption class=\"wp-element-caption\">Diario Digital Nea. Noticias de la regi\u00f3n y el mundo. <\/figcaption><\/figure>\n","protected":false},"excerpt":{"rendered":"<p>Las f\u00e1bricas automotrices produjeron 32.029 unidades en junio, lo que representa un 16,7% por debajo del volumen del mes anterior y una reducci\u00f3n del 40,2% si se compara con las 53.522 unidades que se produjeron en junio del a\u00f1o pasado, seg\u00fan inform\u00f3 la Asociaci\u00f3n de Fabricantes de Automotores (ADEFA). En los primeros seis meses de [&hellip;]<\/p>\n","protected":false},"author":4,"featured_media":14566,"comment_status":"closed","ping_status":"closed","sticky":false,"template":"","format":"standard","meta":{"om_disable_all_campaigns":false,"_monsterinsights_skip_tracking":false,"_monsterinsights_sitenote_active":false,"_monsterinsights_sitenote_note":"","_monsterinsights_sitenote_category":0,"footnotes":""},"categories":[95,90],"tags":[771,1533],"class_list":["post-14565","post","type-post","status-publish","format-standard","has-post-thumbnail","hentry","category-informacion-general","category-nacionales","tag-autos","tag-ventas"],"aioseo_notices":[],"amp_enabled":true,"_links":{"self":[{"href":"https:\/\/diariodigitalnea.com\/index.php\/wp-json\/wp\/v2\/posts\/14565","targetHints":{"allow":["GET"]}}],"collection":[{"href":"https:\/\/diariodigitalnea.com\/index.php\/wp-json\/wp\/v2\/posts"}],"about":[{"href":"https:\/\/diariodigitalnea.com\/index.php\/wp-json\/wp\/v2\/types\/post"}],"author":[{"embeddable":true,"href":"https:\/\/diariodigitalnea.com\/index.php\/wp-json\/wp\/v2\/users\/4"}],"replies":[{"embeddable":true,"href":"https:\/\/diariodigitalnea.com\/index.php\/wp-json\/wp\/v2\/comments?post=14565"}],"version-history":[{"count":1,"href":"https:\/\/diariodigitalnea.com\/index.php\/wp-json\/wp\/v2\/posts\/14565\/revisions"}],"predecessor-version":[{"id":14568,"href":"https:\/\/diariodigitalnea.com\/index.php\/wp-json\/wp\/v2\/posts\/14565\/revisions\/14568"}],"wp:featuredmedia":[{"embeddable":true,"href":"https:\/\/diariodigitalnea.com\/index.php\/wp-json\/wp\/v2\/media\/14566"}],"wp:attachment":[{"href":"https:\/\/diariodigitalnea.com\/index.php\/wp-json\/wp\/v2\/media?parent=14565"}],"wp:term":[{"taxonomy":"category","embeddable":true,"href":"https:\/\/diariodigitalnea.com\/index.php\/wp-json\/wp\/v2\/categories?post=14565"},{"taxonomy":"post_tag","embeddable":true,"href":"https:\/\/diariodigitalnea.com\/index.php\/wp-json\/wp\/v2\/tags?post=14565"}],"curies":[{"name":"wp","href":"https:\/\/api.w.org\/{rel}","templated":true}]}}