{"id":14489,"date":"2024-06-24T16:36:19","date_gmt":"2024-06-24T16:36:19","guid":{"rendered":"https:\/\/diariodigitalnea.com\/?p=14489"},"modified":"2024-06-24T16:36:20","modified_gmt":"2024-06-24T16:36:20","slug":"cronologia-del-caso-loan-pena-desaparicion-busqueda-seis-detenidos-y-la-hipotesis-del-trafico-infantil","status":"publish","type":"post","link":"https:\/\/diariodigitalnea.com\/index.php\/2024\/06\/24\/cronologia-del-caso-loan-pena-desaparicion-busqueda-seis-detenidos-y-la-hipotesis-del-trafico-infantil\/","title":{"rendered":"Cronolog\u00eda del caso Loan Pe\u00f1a: desaparici\u00f3n, b\u00fasqueda, seis detenidos y la hip\u00f3tesis del tr\u00e1fico infantil"},"content":{"rendered":"\n<p>A diez d\u00edas de la desaparici\u00f3n sin pistas, la investigaci\u00f3n involucra a seis adultos familiares, a una empleada municipal, a un ex militar y a un comisario de la zona. \u00bfQu\u00e9 pas\u00f3 con el ni\u00f1o de 5 a\u00f1os que fue sacado de la casa de su abuela en Corrientes y nunca volvi\u00f3?<\/p>\n\n\n\n<p>l peque\u00f1o Loan Danilo Pe\u00f1a, de 5 a\u00f1os, desapareci\u00f3 diez d\u00edas atr\u00e1s en la localidad correntina de 9 de Julio, en jurisdicci\u00f3n de Goya, cuando sali\u00f3 al campo junto a tres adultos y tres ni\u00f1os, quienes luego lo perdieron de vista. Desde entonces se despleg\u00f3 un gran operativo en las inmediaciones de la zona, pero hasta el momento los rastrillajes no dieron resultado.<\/p>\n\n\n\n<p>Hasta el momento, la hip\u00f3tesis principal sigue siendo que Loan se perdi\u00f3 y tres personas adultas -su t\u00edo y una pareja de su entorno- s\u00f3lo est\u00e1n imputadas por abandono de persona y detenidos. La polic\u00eda tambi\u00e9n detuvo a otras tres personas -una funcionaria municipal, su esposo un ex marino y un comisario- a la vez que se abri\u00f3 una investigaci\u00f3n federal del caso.<\/p>\n\n\n\n<p>La Justicia avanza en la hip\u00f3tesis de que el ni\u00f1o fue separado de sus primos mientras jugaban en el naranjal y llevado nuevamente a la casa. All\u00ed, se cree, los esperaban la funcionaria municipal Mar\u00eda Victoria Caillava y su esposo, Carlos P\u00e9rez, quienes participaron del almuerzo y se hab\u00edan ido con la excusa de ir a ver el partido de River.<\/p>\n\n\n\n<figure class=\"wp-block-image size-full\"><img fetchpriority=\"high\" decoding=\"async\" width=\"900\" height=\"505\" src=\"http:\/\/diariodigitalnea.com\/wp-content\/uploads\/2024\/06\/loan11.jpg\" alt=\"\" class=\"wp-image-14492\" srcset=\"https:\/\/diariodigitalnea.com\/wp-content\/uploads\/2024\/06\/loan11.jpg 900w, https:\/\/diariodigitalnea.com\/wp-content\/uploads\/2024\/06\/loan11-300x168.jpg 300w, https:\/\/diariodigitalnea.com\/wp-content\/uploads\/2024\/06\/loan11-768x431.jpg 768w\" sizes=\"(max-width: 900px) 100vw, 900px\" \/><\/figure>\n\n\n\n<h2 class=\"wp-block-heading\">Loan Danilo Pe\u00f1a desapareci\u00f3 en el monte acompa\u00f1ado por tres adultos y tres primos<\/h2>\n\n\n\n<p>Antes de desaparecer, el pasado 13 de junio, Loan estuvo en la casa de su abuela paterna, Catalina, de 87 a\u00f1os, en la localidad correntina de 9 de Julio, donde almorz\u00f3 con su familia.<\/p>\n\n\n\n<p>Entre ellos se encontraban su t\u00edo Bernardino Antonio Ben\u00edtez y la pareja amiga de este, Daniel Oscar \u00abFierrito\u00bb Ram\u00edrez y M\u00f3nica del Carmen Millapi, quienes luego resultaron detenidos por orden del juez.<\/p>\n\n\n\n<p>Despu\u00e9s de ese almuerzo se produjo la salida de la vivienda del ni\u00f1o junto a estos tres mayores y algunos de su primos. \u00abNo vi cuando se fue mi hijo\u00bb, dijo el padre de Loan, Jos\u00e9 Pe\u00f1a, recordando el almuerzo. \u00ab\u00bfC\u00f3mo van a llevar a la criatura ah\u00ed? \u00bfPor qu\u00e9 no piden permiso?\u00bb, cuestion\u00f3.<\/p>\n\n\n\n<p>Ben\u00edtez, Ram\u00edrez y Millapi salieron de la vivienda con Loan y sus primos rumbo a un naranjo a pocos kil\u00f3metros de la casa de la abuela del peque\u00f1o, para recolectar naranjas, y realizaron llamados ni bien advirtieron que perdieron de vista al nene.<\/p>\n\n\n\n<p>Todos regresaron menos Loan. \u00abYo me encontraba en la casa de la abuela y ah\u00ed mi marido me llam\u00f3 y me pregunt\u00f3 si el nene estaba ac\u00e1\u00bb, relat\u00f3 Laudelina, esposa de Bernardino Ben\u00edtez y t\u00eda de Loan.<\/p>\n\n\n\n<p>\u00abMi marido me cuenta que le pel\u00f3 una naranja y se la dio, pero que nunca observ\u00f3 que Loan se hab\u00eda ido por otro camino. El nene s\u00ed le dijo a los otros chicos que se iba a buscar a su pap\u00e1, pero nunca a los grandes\u00bb, sostuvo Laudelina.<\/p>\n\n\n\n<p>\u00abCreen que se quiso ir del lugar porque ten\u00eda miedo que los animales y el caballo se escapen\u00bb, indic\u00f3. \u00abCuando me avisan habr\u00e1 pasado cinco minutos y ah\u00ed salgo con mi celular a recorrer el monte, pero no lo encontramos\u00bb, continu\u00f3.<\/p>\n\n\n\n<p>Respecto a si el menor conoc\u00eda la zona, detall\u00f3: \u00abNo es la primera vez que Loan ven\u00eda a esta casa. Lo que s\u00ed es que nunca hab\u00eda llegado con su pap\u00e1 en caballo solo\u00bb.<\/p>\n\n\n\n<p>Para el fiscal Juan Carlos Castillo, los tres adultos son responsables por el descuido del ni\u00f1o y, por este motivo, se los imput\u00f3 por el delito de abandono de persona.<\/p>\n\n\n\n<p>Interrogados en C\u00e1mara Gesell, los primos de Loan ofrecieron \u00abrelatos coherentes\u00bb sobre lo sucedido, dijo el abogado de la familia del nene, Roberto M\u00e9ndez. \u00abTodos fueron espec\u00edficos en d\u00f3nde estaba cada uno al momento de que Loan se fue\u00bb, dijo.<\/p>\n\n\n\n<p>Con relaci\u00f3n al momento de la desaparici\u00f3n, se\u00f1al\u00f3: \u00abLos chicos dijeron que jugaron con insectos, salieron del costado del \u00e1rbol de naranja y se fueron para un alambrado, cuando se dan vuelta observan que Loan se fue para un costado\u00bb.<\/p>\n\n\n\n<p>La familia de Loan sostiene que \u00abhab\u00eda alguien en el monte y se lo agarr\u00f3\u00bb: \u00abSeguro le tap\u00f3 la boca porque lo llamamos varias veces, lo buscamos y no pas\u00f3 nada. No nos cuadra\u00bb, dijo la madre, Mar\u00eda Noguera.<\/p>\n\n\n\n<p>\u00abAlguien se lo llev\u00f3. No puede ser, no se puede haber perdido, alguien se lo habr\u00e1 llevado\u00bb, dijo Mar\u00eda. En relaci\u00f3n a los tres detenidos, dijo: \u00abNo hay que confiar m\u00e1s en nadie. Ellos son los responsables porque se llevaron al nene con ellos\u00bb.<\/p>\n\n\n\n<p>\u00abQue caiga quien tenga que caer, mi pap\u00e1 o quien sea. Yo estoy convencido de que todos deben ser investigados, todos los que estaban en esa mesa almorzando est\u00e1n sospechados hasta que se demuestre lo contrario\u00bb, dijo Mariano Pe\u00f1a, uno de los hermanos de Loan.<\/p>\n\n\n\n<p>\u00abYo s\u00f3lo quiero que vuelva Loan, que est\u00e1 perdido, pobrecito. No est\u00e1 secuestrado, nadie se lo llev\u00f3, \u00e9l se perdi\u00f3. Confi\u00f3 en que lo van a encontrar\u00bb, agreg\u00f3.<\/p>\n\n\n\n<p>\u00abYo pienso que \u00e9l se perdi\u00f3, pero no s\u00e9 d\u00f3nde est\u00e1, obvio. No creo que los que est\u00e1n detenidos tengan que ver. Los conozco a Victoria (Caillava) y Carlos (P\u00e9rez). Conf\u00edo en ellos, no puedo creer que ellos est\u00e9n involucrados\u00bb, asegur\u00f3.<\/p>\n\n\n\n<h2 class=\"wp-block-heading\">Un t\u00edo y dos personas del entorno, imputados y detenidos por \u00ababandono de persona\u00bb<\/h2>\n\n\n\n<figure class=\"wp-block-image size-full\"><img decoding=\"async\" width=\"900\" height=\"505\" src=\"http:\/\/diariodigitalnea.com\/wp-content\/uploads\/2024\/06\/loan10.jpg\" alt=\"\" class=\"wp-image-14491\" srcset=\"https:\/\/diariodigitalnea.com\/wp-content\/uploads\/2024\/06\/loan10.jpg 900w, https:\/\/diariodigitalnea.com\/wp-content\/uploads\/2024\/06\/loan10-300x168.jpg 300w, https:\/\/diariodigitalnea.com\/wp-content\/uploads\/2024\/06\/loan10-768x431.jpg 768w\" sizes=\"(max-width: 900px) 100vw, 900px\" \/><\/figure>\n\n\n\n<p>Bernardino Antonio Ben\u00edtez, Daniel Oscar \u00abFierrito\u00bb Ram\u00edrez y M\u00f3nica del Carmen Millapi, fueron imputados \u00abpor el delito de abandono, por ser garantes del cuidado del menor\u00bb, confirm\u00f3 Buenaventura Duarte, ministro de Seguridad de Corrientes.<\/p>\n\n\n\n<p>El 18 de junio, en el quinto d\u00eda de la fren\u00e9tica b\u00fasqueda, el juez de garant\u00edas Lucio L\u00f3pez Lecube dict\u00f3 la prisi\u00f3n preventiva para los tres imputados por negligencia en su cuidado.<\/p>\n\n\n\n<p>Seg\u00fan una carta que Bernardino Ben\u00edtez le envi\u00f3 al fiscal Guillermo Barry de Goya como declaraci\u00f3n, el almuerzo del jueves 13 de junio transcurri\u00f3 sin inconvenientes y que primero fue \u00e9l solo a buscar naranjas y minutos despu\u00e9s lo hicieron Ram\u00edrez y Millapi y los nenes.<\/p>\n\n\n\n<p>Bernardino Ben\u00edtez tambi\u00e9n detall\u00f3 que le pel\u00f3 una naranja a Loan y su hijo Joaqu\u00edn en el momento en el que Ram\u00edrez recibi\u00f3 una llamada telef\u00f3nica y su pareja, Millapi, se acerc\u00f3 para escuchar.<\/p>\n\n\n\n<p>En la carta, el detenido detall\u00f3 que se fue del lugar minutos antes que los otros adultos y los ni\u00f1os, pero que a mitad de camino una nena se dio vuelta y dijo que faltaba Loan, motivo por el cual todos regresaron al naranjo y observaron que el peque\u00f1o ya no estaba.<\/p>\n\n\n\n<p>En ese momento, llam\u00f3 a su mujer, Laudelina, y le pregunt\u00f3 si Loan estaba en la casa de Catalina, su abuela, pero la respuesta fue negativa.<\/p>\n\n\n\n<p>Jorge Monti, defensor de la pareja detenida, subray\u00f3 que ellos no conoc\u00edan a Loan y que el d\u00eda de su desaparici\u00f3n fue la primera vez que lo vieron.<\/p>\n\n\n\n<p>\u00abMi hip\u00f3tesis es clarita: desde el primer d\u00eda dije que a Loan que se lo llevaron y pudo haber entrado en una red de trata\u00bb, dijo Monti, que se\u00f1al\u00f3 que sus clientes son los \u00abperejiles\u00bb del caso.<\/p>\n\n\n\n<p>\u00abLa madre dijo que a Loan se lo llevaron. Ac\u00e1 hay una cuesti\u00f3n intrafamiliar que parte del hecho que ambos padres se separaron en la querella y designaron abogados distintos\u00bb, apunt\u00f3.<\/p>\n\n\n\n<p>El abogado dijo estar convencido de que \u00abla entrega de Loan se produce en alg\u00fan camino rural, entre la casa y la ruta\u00bb, y critic\u00f3 a la Fiscal\u00eda por no detener a todos los adultos estuvieron en ese almuerzo: \u00abSi fuera el fiscal hubiese metido preso a todos e indagado uno por uno\u00bb.<\/p>\n\n\n\n<h2 class=\"wp-block-heading\">Otras tres detenciones reforzaron la hip\u00f3tesis del tr\u00e1fico infantil<\/h2>\n\n\n\n<p>El 21 de junio fueron detenidas tres personas m\u00e1s: Mar\u00eda Victoria Caillava, una amiga de la abuela de Loan y directora de Producci\u00f3n de la comuna de 9 Julio; su esposo el excapit\u00e1n de la Armada Carlos Guido P\u00e9rez y el comisario Walter Maciel, encargado de la b\u00fasqueda del ni\u00f1o.<\/p>\n\n\n\n<p>\u00abEstuvimos con Mar\u00eda Victoria, con mi esposa, participando de ese almuerzo donde se perdi\u00f3 el ni\u00f1o Loan. Quiero aclarar que nosotros fuimos invitados por la abuela, que era amiga de mi esposa. Al resto de las personas no conoc\u00edamos a nadie\u00bb, dijo P\u00e9rez en un audio enviado a sus amigos antes de su detenci\u00f3n.<\/p>\n\n\n\n<p>Las detenciones se produjeron poco despu\u00e9s de que uno de los perros de la Polic\u00eda detectara rastros de Loan en dos de los tres veh\u00edculos peritados que pertenec\u00edan al matrimonio. Poco antes de ser detenida, Caillava asegur\u00f3, en declaraciones al canal TN, que le \u00abplantaron ropa de Loan\u00bb en su auto.<\/p>\n\n\n\n<p>Actualmente la Justicia avanza en la hip\u00f3tesis de que el ni\u00f1o Loan Pe\u00f1a, fue apropiado en forma ilegal en una falsa reuni\u00f3n familiar y, plant\u00e1ndose coartadas para cubrir a los responsables, fue trasladado a la vecina provincia del Chaco.<\/p>\n\n\n\n<p>Los investigadores sospechan que tras el almuerzo, seis chicos, entre ellos Loan, fueron llevados al naranjal por Bernardino Ben\u00edtez, Daniel Ram\u00edrez y Mar\u00eda del Carmen Millapi y, mientras jugaban, el nene fue separado del resto y llevado nuevamente a la casa.<\/p>\n\n\n\n<p>Seg\u00fan esta hip\u00f3tesis, en la casa los esperaban Mar\u00eda Victoria Caillava y su esposo, Carlos P\u00e9rez, quienes participaron del almuerzo y se hab\u00edan ido con la excusa de ir a ver el partido de River.<\/p>\n\n\n\n<p>El nene habr\u00eda sido subido a la camioneta Ford Ranger blanca del matrimonio y llevado hacia el pueblo, adonde fue pasado a un Ford Ka de color rojo en el que se sospecha fue llevado a Resistencia, Chaco.<\/p>\n\n\n\n<p>Caillava y P\u00e9rez pidieron permiso al comisario local, Walter Maciel, para dirigirse a Resistencia, para visitar a una hija que estudia en la capital chaque\u00f1a, mientras que al regresar se alojaron en la casa de la abuela de Loan.<\/p>\n\n\n\n<p>El comisario Maciel, responsable de la b\u00fasqueda del ni\u00f1o, es apuntado por haber autorizado a Mar\u00eda Victoria Caillava y a su esposo Carlos Guido P\u00e9rez a via\u00adjar a la ciudad de Corrientes 24 horas despu\u00e9s de la desaparici\u00f3n.<\/p>\n\n\n\n<p>El 23 de junio, la Justicia Federal de Goya orden\u00f3 allanar dos viviendas en Resistencia (Chaco) relacionadas a Caillava y P\u00e9rez ubicadas en las calles Pasaje Humait\u00e1 1310 y en Necochea 915.<\/p>\n\n\n\n<p>Se sospecha que el nene habr\u00eda pasado al menos una noche en la casa de Caillava y P\u00e9rez, ambos amigos de la abuela de Loan, y que al d\u00eda siguiente partieron hacia la provincia del Chaco en un autom\u00f3vil donde se encontraron rastros de Loan.<\/p>\n\n\n\n<p>El departamento de la calle Necochea es el que usaba P\u00e9rez cuando iba a Chaco a visitar a su hija, quien estudia en la Universidad de esa provincia. All\u00ed incautaron una pistola Browing calibre .9 mil\u00edmetros; tres cargadores; 65 cartuchos calibre .9 mil\u00edmetros; 72 vainas servidas calibre .9 mil\u00edmetros; 190 cartuchos calibre 7,65 con sus respectivos cargadores; un DVR de las c\u00e1maras de seguridad del edificio; una computadora Notebook BGH; y una tablet.<\/p>\n\n\n\n<p>En tanto, en la casa del Pasaje Humait\u00e1, donde vive la ex esposa de P\u00e9rez, secuestraron nueve tel\u00e9fonos celulares de diferentes marcas y modelos, 218.800 pesos y 7 d\u00f3lares, que luego fueron restituidos a la due\u00f1a de ese domicilio.<\/p>\n\n\n\n<h2 class=\"wp-block-heading\">Alerta Sof\u00eda, 600 efectivos y recompensa de 5 millones de pesos<\/h2>\n\n\n\n<figure class=\"wp-block-image size-full\"><img decoding=\"async\" width=\"900\" height=\"505\" src=\"http:\/\/diariodigitalnea.com\/wp-content\/uploads\/2024\/06\/loan9.jpg\" alt=\"\" class=\"wp-image-14490\" srcset=\"https:\/\/diariodigitalnea.com\/wp-content\/uploads\/2024\/06\/loan9.jpg 900w, https:\/\/diariodigitalnea.com\/wp-content\/uploads\/2024\/06\/loan9-300x168.jpg 300w, https:\/\/diariodigitalnea.com\/wp-content\/uploads\/2024\/06\/loan9-768x431.jpg 768w\" sizes=\"(max-width: 900px) 100vw, 900px\" \/><\/figure>\n\n\n\n<p>La b\u00fasqueda de Loan Pe\u00f1a empez\u00f3 el mismo 13 de junio y se mantiene de manera ininterrumpida desde la activaci\u00f3n del Alerta Sof\u00eda, el 14 de junio. Desde entonces se realizan rastrillajes profundos en la zona a cargo de efectivos del Ej\u00e9rcito, la Gendarmer\u00eda y la Polic\u00eda Federal.<\/p>\n\n\n\n<p>Actualmente, se movilizan m\u00e1s de 600 efectivos policiales especializados en diferentes tem\u00e1ticas, quienes trabajan de manera articulada e ininterrumpida tanto de d\u00eda como de noche.<\/p>\n\n\n\n<p>Hasta la fecha cubrieron un \u00e1rea de m\u00e1s de 12 mil hect\u00e1reas, con 250 veh\u00edculos, adem\u00e1s de personal de Caballer\u00eda, motorizada, as\u00ed como camionetas, aeronaves no tripuladas (drones), helic\u00f3pteros, y otros.<\/p>\n\n\n\n<p>En los rastrillajes se hallaron algunas pistas, ya que, en la zona de la Estancia Las Lagunas se encontraron huellas \u00abde pies de un menor\u00bb, materia fecal y v\u00f3mitos, los cuales ser\u00edan de \u00abno m\u00e1s de dos d\u00edas\u00bb, se inform\u00f3.<\/p>\n\n\n\n<p>El Sistema Federal de B\u00fasqueda de Personas Extraviadas y Desaparecidas del Ministerio de Seguridad ofrece una recompensa de $5 millones para todo aquel que aporte datos certeros de d\u00f3nde podr\u00eda estar Loan.<\/p>\n\n\n\n<p>Asimismo, a la vez que contin\u00faa el Alerta Sof\u00eda, Interpol anunci\u00f3 un alerta amarilla para los pa\u00edses lim\u00edtrofes y as\u00ed reforzar la b\u00fasqueda de Loan.<\/p>\n\n\n\n<p>Desde la p\u00e1gina oficial de Interpol, se indica que un alerta amarilla \u00abse utiliza con el fin de colaborar en la localizaci\u00f3n de personas desaparecidas, com\u00fanmente menores de edad, o en la identificaci\u00f3n de personas que son incapaces de identificarse por s\u00ed mismas\u00bb.<\/p>\n\n\n\n<p>El 23 de junio, la ministra de Seguridad de la Naci\u00f3n, Patricia Bullrich, habl\u00f3 sobre el operativo de b\u00fasqueda de Loan diciendo: \u00abEstamos desde el primer d\u00eda trabajando con todas nuestras capacidades. No somos comentaristas del caso, estamos abocados a resolverlo\u00bb.<\/p>\n\n\n\n<p>\u00abHemos puesto a disposici\u00f3n personal especializado, perros, Polic\u00eda Cient\u00edfica, Prefectura Naval Argentina y Gendarmer\u00eda Nacional Argentina para poder encontrar al ni\u00f1o. En este marco, el Ministerio debe cumplir con el resguardo de la informaci\u00f3n para cuidar la integridad de la causa. No es que no demos informaci\u00f3n, sino que la preservamos de manera profesional para lograr el objetivo que es encontrar a la criatura\u00bb, expres\u00f3.<\/p>\n\n\n\n<p>La jueza federal de Goya, Cristina Pozzer Penzo, inform\u00f3 este 23 de junio que la justicia federal est\u00e1 actuando de oficio en el caso a ra\u00edz de informes period\u00edsticos que indican que el nene podr\u00eda ser v\u00edctima de una red de trata de personas.<\/p>\n\n\n\n<p>\u00abLa apertura de esta causa es para producir prueba en la hip\u00f3tesis que se ven\u00eda viendo. Se dijo que pod\u00eda haberse cometido un delito pasando los l\u00edmites de jurisdicci\u00f3n de la justicia de Corrientes por la ubicaci\u00f3n geogr\u00e1fica en que fue visto el menor\u00bb, dijo la jueza.<\/p>\n\n\n\n<p>\u00abSe fueron desencadenando una serie de sucesos que hicieron necesario que se redoblar\u00e1n esfuerzos para poder abordar un caso como el de Loan\u00bb.<\/p>\n","protected":false},"excerpt":{"rendered":"<p>A diez d\u00edas de la desaparici\u00f3n sin pistas, la investigaci\u00f3n involucra a seis adultos familiares, a una empleada municipal, a un ex militar y a un comisario de la zona. \u00bfQu\u00e9 pas\u00f3 con el ni\u00f1o de 5 a\u00f1os que fue sacado de la casa de su abuela en Corrientes y nunca volvi\u00f3? l peque\u00f1o Loan [&hellip;]<\/p>\n","protected":false},"author":3,"featured_media":14493,"comment_status":"closed","ping_status":"closed","sticky":false,"template":"","format":"standard","meta":{"om_disable_all_campaigns":false,"_monsterinsights_skip_tracking":false,"_monsterinsights_sitenote_active":false,"_monsterinsights_sitenote_note":"","_monsterinsights_sitenote_category":0,"footnotes":""},"categories":[33,34,52],"tags":[4310,4332,4331,4295,611],"class_list":["post-14489","post","type-post","status-publish","format-standard","has-post-thumbnail","hentry","category-chaco","category-corrientes","category-policiales","tag-caso-loan","tag-desaparicion-de-personas","tag-loan-pena","tag-operativo-de-busqueda","tag-trata-de-personas"],"aioseo_notices":[],"amp_enabled":true,"_links":{"self":[{"href":"https:\/\/diariodigitalnea.com\/index.php\/wp-json\/wp\/v2\/posts\/14489","targetHints":{"allow":["GET"]}}],"collection":[{"href":"https:\/\/diariodigitalnea.com\/index.php\/wp-json\/wp\/v2\/posts"}],"about":[{"href":"https:\/\/diariodigitalnea.com\/index.php\/wp-json\/wp\/v2\/types\/post"}],"author":[{"embeddable":true,"href":"https:\/\/diariodigitalnea.com\/index.php\/wp-json\/wp\/v2\/users\/3"}],"replies":[{"embeddable":true,"href":"https:\/\/diariodigitalnea.com\/index.php\/wp-json\/wp\/v2\/comments?post=14489"}],"version-history":[{"count":1,"href":"https:\/\/diariodigitalnea.com\/index.php\/wp-json\/wp\/v2\/posts\/14489\/revisions"}],"predecessor-version":[{"id":14494,"href":"https:\/\/diariodigitalnea.com\/index.php\/wp-json\/wp\/v2\/posts\/14489\/revisions\/14494"}],"wp:featuredmedia":[{"embeddable":true,"href":"https:\/\/diariodigitalnea.com\/index.php\/wp-json\/wp\/v2\/media\/14493"}],"wp:attachment":[{"href":"https:\/\/diariodigitalnea.com\/index.php\/wp-json\/wp\/v2\/media?parent=14489"}],"wp:term":[{"taxonomy":"category","embeddable":true,"href":"https:\/\/diariodigitalnea.com\/index.php\/wp-json\/wp\/v2\/categories?post=14489"},{"taxonomy":"post_tag","embeddable":true,"href":"https:\/\/diariodigitalnea.com\/index.php\/wp-json\/wp\/v2\/tags?post=14489"}],"curies":[{"name":"wp","href":"https:\/\/api.w.org\/{rel}","templated":true}]}}