{"id":14485,"date":"2024-06-24T16:16:04","date_gmt":"2024-06-24T16:16:04","guid":{"rendered":"https:\/\/diariodigitalnea.com\/?p=14485"},"modified":"2024-06-24T16:16:05","modified_gmt":"2024-06-24T16:16:05","slug":"inicia-hoy-el-juicio-por-el-escandalo-futbol-para-todos-capitanich-y-anibal-fernandez-en-el-banquillo","status":"publish","type":"post","link":"https:\/\/diariodigitalnea.com\/index.php\/2024\/06\/24\/inicia-hoy-el-juicio-por-el-escandalo-futbol-para-todos-capitanich-y-anibal-fernandez-en-el-banquillo\/","title":{"rendered":"Inicia hoy el juicio por el esc\u00e1ndalo \u00abF\u00fatbol para Todos\u00bb: Capitanich y An\u00edbal Fern\u00e1ndez en el banquillo"},"content":{"rendered":"\n<p>Desde el lunes, el Tribunal Oral Federal 1 comienza el debate oral con 14 acusados para investigar las irregularidades del programa que en 2009 lanz\u00f3 el gobierno de Cristina Kirchner para la televisi\u00f3n p\u00fablica de los partidos del f\u00fatbol argentino.<\/p>\n\n\n\n<p>Desde este lunes, el Tribunal Oral Federal 1 llevar\u00e1 adelante un mega juicio que busca esclarecer si existi\u00f3 una defraudaci\u00f3n al Estado detr\u00e1s del programa \u00abF\u00fatbol para Todos\u00bb, la iniciativa que en 2009 lanz\u00f3 el gobierno de Cristina Kirchner para la televisi\u00f3n p\u00fablica de los partidos del f\u00fatbol argentino.<\/p>\n\n\n\n<p>En el banquillo estar\u00e1n sentados los ex jefes de Gabinete An\u00edbal Fern\u00e1ndez y Jorge Capitanich, el ex vicegobernador bonaerense Gabriel Mariotto y dirigentes de la Asociaci\u00f3n del F\u00fatbol Argentino (AFA), entre otros. Lo que se trata de averiguar es si hubo un manejo turbio de los fondos del Estado.<\/p>\n\n\n\n<p>En 2009, Cristina Kirchner, como presidenta de la Naci\u00f3n, anunci\u00f3 el acuerdo de televisaci\u00f3n del f\u00fatbol entre el Gobierno y la AFA. Estuvieron presentes Diego Maradona y entonces titular de la AFA, Julio Grondona.<\/p>\n\n\n\n<p>\u00abDimos un paso en la democratizaci\u00f3n de la sociedad. \u00bfSaben por qu\u00e9? Porque no es posible que solamente el que pueda pagar mire un partido de f\u00fatbol, que adem\u00e1s le secuestren los goles hasta el domingo, aunque pagues igual, como te secuestran la palabra o te secuestran las im\u00e1genes, como antes secuestraron y desaparecieron a 30 mil argentinos. Yo no quiero m\u00e1s secuestros\u00bb, dijo en aquel momento la el acto<\/p>\n\n\n\n<p>&nbsp;En ese contexto, la Jefatura de Gabinete firm\u00f3 un contrato asociativo con la AFA: la entidad le ced\u00eda al gobierno la comercializaci\u00f3n de los derechos televisivos de los partidos de f\u00fatbol.<\/p>\n\n\n\n<p>El Gobierno anunci\u00f3 que los partidos televisados ser\u00edan gratuitos y abiertos para todo el pa\u00eds, que los clubes recibir\u00edan recursos suficientes para sanear sus cuentas -en su mayor\u00eda, en rojo-, que se generar\u00edan fondos excedentes para financiar el deporte ol\u00edmpico y que se instrumentar\u00edan pol\u00edticas para mejorar la seguridad en los estadios.<\/p>\n\n\n\n<figure class=\"wp-block-image size-full\"><img fetchpriority=\"high\" decoding=\"async\" width=\"768\" height=\"432\" src=\"http:\/\/diariodigitalnea.com\/wp-content\/uploads\/2024\/06\/futbol1.jpg\" alt=\"\" class=\"wp-image-14487\" srcset=\"https:\/\/diariodigitalnea.com\/wp-content\/uploads\/2024\/06\/futbol1.jpg 768w, https:\/\/diariodigitalnea.com\/wp-content\/uploads\/2024\/06\/futbol1-300x169.jpg 300w\" sizes=\"(max-width: 768px) 100vw, 768px\" \/><\/figure>\n\n\n\n<p>A cinco meses despu\u00e9s de la firma, en febrero de 2010, el gobierno resolvi\u00f3, sin acto administrativo de por medio, emitir publicidad oficial en los partidos televisados, desfinanciando autom\u00e1ticamente el programa.&nbsp; Uno de los pocos sponsors privados del programa, Iveco, pagaba sus avisos un 75% menos que lo que se abonaba el minuto de pauta publicitaria.<\/p>\n\n\n\n<p>\u00abEn pocos meses las promesas de \u2018gratuidad\u2019 y los \u2018excedentes\u2019 ya eran una irrealidad -detall\u00f3 un informe de la Auditor\u00eda General de la Naci\u00f3n que forma parte de la causa-. Al final, el programa demand\u00f3 del erario p\u00fablico unos $8596 millones, casi 1184 millones de d\u00f3lares en valores constantes\u00bb .<\/p>\n\n\n\n<p>La causa, que se abri\u00f3 en 2014 por la denuncia de la legisladora Graciela Oca\u00f1a, tiene dos partes: las irregularidades que analiza la figura de administraci\u00f3n fraudulenta agravada por haberse cometido en perjuicio de una administraci\u00f3n p\u00fablica, pero tambi\u00e9n el destino de los cheques que cobraban los clubes por parte de la AFA porque eran cambiadas en determinadas cuevas financieras que eran previamente elegidas, con movimientos sospechosos.<\/p>\n\n\n\n<p>Al resolver la elevaci\u00f3n a juicio del fiscal Eduardo Taiano, la jueza Mar\u00eda Servini afirm\u00f3: \u00aba lo largo de la instrucci\u00f3n, puedo afirmar que lo que en su origen fue programado como una exitosa operaci\u00f3n que habr\u00eda de conjugar el \u00e9xito de una decisi\u00f3n pol\u00edtica y social (masiva difusi\u00f3n del deporte m\u00e1s popular del pa\u00eds en forma gratuita y fortalecimiento de las entidades que deb\u00edan beneficiarse con los ingresos televisivos), con ciertas expectativas superavitarias, termin\u00f3 perfil\u00e1ndose como una suerte de pol\u00edticas de subsidios estatales hacia las necesidades crecientes de una entidad civil, para lo cual se consider\u00f3 necesario adicionar a los originarios fines del programa \u00abF\u00fatbol Para Todos\u00bb m\u00e1s objetivos y cometidos p\u00fablicos estatales que tampoco fueron cumplidos , por cuanto ha quedado demostrado en esta causa que buena porci\u00f3n de los fondos entregados por la JGM a la AFA fueron desviados a trav\u00e9s de diferentes maniobras\u00bb<\/p>\n\n\n\n<p>Es que, seg\u00fan la investigaci\u00f3n en instrucci\u00f3n, \u00abel fortalecimiento econ\u00f3mico de los clubes determinado como prop\u00f3sito esencial del programa no s\u00f3lo no se verific\u00f3, sino que (&#8230;) sus respectivos pasivos se incrementaron sustancialmente\u00bb y no cancelaron las deudas con la AFIP.<\/p>\n\n\n\n<p>\u00abPese a los ingentes esfuerzos presupuestarios aportados por el Estado tampoco se alcanz\u00f3 el prop\u00f3sito correspondiente a la televisaci\u00f3n gratuita del f\u00fatbol en todo el pa\u00eds, no s\u00f3lo porque muchos de esos encuentros fueron difundidos por se\u00f1ales de cable, sino porque durante la ejecuci\u00f3n del convenio los encuentros de las divisionales de ascenso (Nacional B y Primera B Metropolitana) fueron nuevamente cedidos a una empresa privada\u00bb.<\/p>\n\n\n\n<p>Bajo sospecha qued\u00f3 el dinero que pas\u00f3 por la fundaci\u00f3n \u00abEl Futbolista\u00bb, que \u00abcomparti\u00f3 en sus inicios su sede en Agremiados, en la calle Salta 1144 de esta ciudad, y figura en la p\u00e1gina web del sindicato de futbolistas argentinos\u00bb.<\/p>\n\n\n\n<p>Esa fundaci\u00f3n \u00abrecibi\u00f3 por parte de la AFA hasta esa fecha, proveniente del dinero destinado por el Estado Nacional la suma aproximada $86.646.875, una suma inferior a los cheques all\u00ed girados por motivo de cartulares vencidos y\/o no cobrados o pendientes de d\u00e9bito, y de una deuda existente de la AFA para con la misma\u00bb .<\/p>\n\n\n\n<p>Seg\u00fan la jueza, \u00ablos ex dirigentes del f\u00fatbol argentino no efectuaban transferencias a las cuentas de los clubes, ni tampoco firmaban cartulares una vez depositados los fondos por parte del estado para con los clubes, sino que manejaban ese dinero -financieramente hablando- a su antojo, recurriendo a un sistema que ven\u00eda present\u00e1ndose de vieja data. Adelantos de dinero por TV, diferimiento de cheques de pago diferido, fraccionamiento de cartulares, etc; destinados a los clubes que vale recordar presentaban todo tipo de urgencias para financiar su funcionamiento diario\u00bb.<\/p>\n\n\n\n<p>La causa elev\u00f3 a juicio a los ex jefes de Gabinete An\u00edbal Fern\u00e1ndez y Jorge Milton Capitanich, la jueza envi\u00f3 a juicio oral al el ex vicegobernador bonaerense Gabriel Mariotto \u2013en su rol de ex coordinador del programa FPT- y el ex titular de la AFA Luis Segura, por defraudaci\u00f3n a la administraci\u00f3n p\u00fablica en el manejo de fondos para el programa F\u00fatbol para Todos (FPT).<\/p>\n\n\n\n<p>Tambi\u00e9n est\u00e1n Miguel \u00c1ngel Silva, Secretario General del FPT; Rub\u00e9n Manuel Raposo, exdirigente de Lan\u00fas; los exdirigentes de la AFA Norberto Francisco Monteleone, Carlos Alberto Pandolfi y Ra\u00fal Pagano; Sergio Ra\u00fal Marchi, de Futbolistas agremiados; y Natale Antonio Rigano, exCEO de Iveco.<\/p>\n\n\n\n<p>En la lista se agregan los involucrados en la llamada ruta del dinero: los directivos de la cooperativa AMIGAL Jorge Galitis (ex directivo de Hurac\u00e1n) y Eduardo Amirante, y sobre Climafin Carlos D\u00e1vola (ex presidente de Tiro Federal de Rosario).<\/p>\n\n\n\n<p>La causa inclu\u00eda a Jos\u00e9 Lemme, quien fuera presidente de Defensa y Justicia; y Rafael Armando Savino, expresidente de San Lorenzo, quienes fallecieron entre 2021 y 2022. Antes de ser elevados a juicio, hubo sobreseimientos para el ex jefe de Gabinete Juan Manuel Abal Medina, junto a Eduardo Juan Spinosa y Marcus Adri\u00e1n Cheistwer.<\/p>\n\n\n\n<p>Los jueces Ricardo Bas\u00edlico, Jos\u00e9 Michilini y Adri\u00e1n Gr\u00fcnberg, a cargo del TOF 1, ser\u00e1n los responsables de dilucidar qu\u00e9 pas\u00f3 en el caso. Hace dos a\u00f1os, rechazaron un planteo de sobreseimiento que solicit\u00f3 d Capitanich por \u00abprematuro\u00bb.<\/p>\n\n\n\n<p>La acusaci\u00f3n estar\u00e1 a cargo del fiscal Miguel Angel Osorio y Sergio Rodr\u00edguez, de la PIA. Las defensas sostienen que no hubo delito. El debate permitir\u00e1 escuchar a los m\u00e1s de 200 testigos y reconstruir la prueba. Hubo uno que ya declar\u00f3 previamente: el periodista Ernesto Cherquis Bialo, quien fue vocero de la AFA entre 2008 y 2016 y afirm\u00f3 que \u00abfue una causa armada\u00bb.<\/p>\n","protected":false},"excerpt":{"rendered":"<p>Desde el lunes, el Tribunal Oral Federal 1 comienza el debate oral con 14 acusados para investigar las irregularidades del programa que en 2009 lanz\u00f3 el gobierno de Cristina Kirchner para la televisi\u00f3n p\u00fablica de los partidos del f\u00fatbol argentino. Desde este lunes, el Tribunal Oral Federal 1 llevar\u00e1 adelante un mega juicio que busca [&hellip;]<\/p>\n","protected":false},"author":3,"featured_media":14486,"comment_status":"closed","ping_status":"closed","sticky":false,"template":"","format":"standard","meta":{"om_disable_all_campaigns":false,"_monsterinsights_skip_tracking":false,"_monsterinsights_sitenote_active":false,"_monsterinsights_sitenote_note":"","_monsterinsights_sitenote_category":0,"footnotes":""},"categories":[33,90],"tags":[4330,4329,1325],"class_list":["post-14485","post","type-post","status-publish","format-standard","has-post-thumbnail","hentry","category-chaco","category-nacionales","tag-anibal-fernandez","tag-futbol-para-todos","tag-juicio"],"aioseo_notices":[],"amp_enabled":true,"_links":{"self":[{"href":"https:\/\/diariodigitalnea.com\/index.php\/wp-json\/wp\/v2\/posts\/14485","targetHints":{"allow":["GET"]}}],"collection":[{"href":"https:\/\/diariodigitalnea.com\/index.php\/wp-json\/wp\/v2\/posts"}],"about":[{"href":"https:\/\/diariodigitalnea.com\/index.php\/wp-json\/wp\/v2\/types\/post"}],"author":[{"embeddable":true,"href":"https:\/\/diariodigitalnea.com\/index.php\/wp-json\/wp\/v2\/users\/3"}],"replies":[{"embeddable":true,"href":"https:\/\/diariodigitalnea.com\/index.php\/wp-json\/wp\/v2\/comments?post=14485"}],"version-history":[{"count":1,"href":"https:\/\/diariodigitalnea.com\/index.php\/wp-json\/wp\/v2\/posts\/14485\/revisions"}],"predecessor-version":[{"id":14488,"href":"https:\/\/diariodigitalnea.com\/index.php\/wp-json\/wp\/v2\/posts\/14485\/revisions\/14488"}],"wp:featuredmedia":[{"embeddable":true,"href":"https:\/\/diariodigitalnea.com\/index.php\/wp-json\/wp\/v2\/media\/14486"}],"wp:attachment":[{"href":"https:\/\/diariodigitalnea.com\/index.php\/wp-json\/wp\/v2\/media?parent=14485"}],"wp:term":[{"taxonomy":"category","embeddable":true,"href":"https:\/\/diariodigitalnea.com\/index.php\/wp-json\/wp\/v2\/categories?post=14485"},{"taxonomy":"post_tag","embeddable":true,"href":"https:\/\/diariodigitalnea.com\/index.php\/wp-json\/wp\/v2\/tags?post=14485"}],"curies":[{"name":"wp","href":"https:\/\/api.w.org\/{rel}","templated":true}]}}