{"id":1444,"date":"2022-09-21T14:01:33","date_gmt":"2022-09-21T14:01:33","guid":{"rendered":"https:\/\/diariodigitalnea.com\/?p=1444"},"modified":"2022-09-21T14:01:34","modified_gmt":"2022-09-21T14:01:34","slug":"se-extienden-las-protestas-en-iran-por-la-muerte-de-una-joven-por-llevar-mal-colocado-el-velo-islamico","status":"publish","type":"post","link":"https:\/\/diariodigitalnea.com\/index.php\/2022\/09\/21\/se-extienden-las-protestas-en-iran-por-la-muerte-de-una-joven-por-llevar-mal-colocado-el-velo-islamico\/","title":{"rendered":"Se extienden las protestas en Ir\u00e1n por la muerte de una joven por llevar mal colocado el velo isl\u00e1mico"},"content":{"rendered":"\n<p>Las protestas por la muerte de la joven iran\u00ed Mahsa Amini, tras ser arrestada por la polic\u00eda de la moral -que vigila el cumplimiento de las normas isl\u00e1micas-, se extendieron a 15 ciudades de Ir\u00e1n, inform\u00f3 hoy la prensa estatal, mientras las autoridades advirtieron que el acceso a Internet podr\u00eda verse restringido por \u2018motivos de seguridad\u2018.<\/p>\n\n\n\n<p>En el quinto d\u00eda de manifestaciones que ya han dejado varios muertos, im\u00e1genes difundidas en redes sociales muestran las marchas callejeres y la represi\u00f3n policial con gas y bastonazos, adem\u00e1s de arrestos para dispersar a las multitudes de hasta 1.000 personas, seg\u00fan la agencia noticiosa oficial Irna.<\/p>\n\n\n\n<p>Los manifestantes bloquearon calles, lanzaron piedras a las fuerzas de seguridad e incendiaron veh\u00edculos policiales y basureros mientras cantaban consignas antigubernamentales.<\/p>\n\n\n\n<p>Mahsa Amini, una joven kurda de 22 a\u00f1os, muri\u00f3 la semana pasada en un hospital al que lleg\u00f3 en coma tres d\u00edas antes luego de colapsar en una comisar\u00eda de Teher\u00e1n a donde hab\u00eda sido llevada detenida por una patrulla de la <strong>polic\u00eda de la moral<\/strong> por <strong>llevar mal colocado el velo isl\u00e1mico y mostrar parte de su cabello<\/strong>.<\/p>\n\n\n\n<p>El enojo p\u00fablico estall\u00f3 cuando las autoridades anunciaron el viernes la muerte de Amini, lo que desat\u00f3 manifestaciones en las que cientos de personas tomaron las calles para protestar contra el Gobierno y se enfrentaron con la polic\u00eda.<\/p>\n","protected":false},"excerpt":{"rendered":"<p>Las protestas por la muerte de la joven iran\u00ed Mahsa Amini, tras ser arrestada por la polic\u00eda de la moral -que vigila el cumplimiento de las normas isl\u00e1micas-, se extendieron a 15 ciudades de Ir\u00e1n, inform\u00f3 hoy la prensa estatal, mientras las autoridades advirtieron que el acceso a Internet podr\u00eda verse restringido por \u2018motivos de [&hellip;]<\/p>\n","protected":false},"author":3,"featured_media":1445,"comment_status":"closed","ping_status":"closed","sticky":false,"template":"","format":"standard","meta":{"om_disable_all_campaigns":false,"_monsterinsights_skip_tracking":false,"_monsterinsights_sitenote_active":false,"_monsterinsights_sitenote_note":"","_monsterinsights_sitenote_category":0,"footnotes":""},"categories":[9],"tags":[380,382,381],"class_list":["post-1444","post","type-post","status-publish","format-standard","has-post-thumbnail","hentry","category-internacionales","tag-joven-irani","tag-normas-islamicas","tag-protestas-sociales"],"aioseo_notices":[],"amp_enabled":true,"_links":{"self":[{"href":"https:\/\/diariodigitalnea.com\/index.php\/wp-json\/wp\/v2\/posts\/1444","targetHints":{"allow":["GET"]}}],"collection":[{"href":"https:\/\/diariodigitalnea.com\/index.php\/wp-json\/wp\/v2\/posts"}],"about":[{"href":"https:\/\/diariodigitalnea.com\/index.php\/wp-json\/wp\/v2\/types\/post"}],"author":[{"embeddable":true,"href":"https:\/\/diariodigitalnea.com\/index.php\/wp-json\/wp\/v2\/users\/3"}],"replies":[{"embeddable":true,"href":"https:\/\/diariodigitalnea.com\/index.php\/wp-json\/wp\/v2\/comments?post=1444"}],"version-history":[{"count":1,"href":"https:\/\/diariodigitalnea.com\/index.php\/wp-json\/wp\/v2\/posts\/1444\/revisions"}],"predecessor-version":[{"id":1446,"href":"https:\/\/diariodigitalnea.com\/index.php\/wp-json\/wp\/v2\/posts\/1444\/revisions\/1446"}],"wp:featuredmedia":[{"embeddable":true,"href":"https:\/\/diariodigitalnea.com\/index.php\/wp-json\/wp\/v2\/media\/1445"}],"wp:attachment":[{"href":"https:\/\/diariodigitalnea.com\/index.php\/wp-json\/wp\/v2\/media?parent=1444"}],"wp:term":[{"taxonomy":"category","embeddable":true,"href":"https:\/\/diariodigitalnea.com\/index.php\/wp-json\/wp\/v2\/categories?post=1444"},{"taxonomy":"post_tag","embeddable":true,"href":"https:\/\/diariodigitalnea.com\/index.php\/wp-json\/wp\/v2\/tags?post=1444"}],"curies":[{"name":"wp","href":"https:\/\/api.w.org\/{rel}","templated":true}]}}