{"id":14432,"date":"2024-06-19T16:27:17","date_gmt":"2024-06-19T16:27:17","guid":{"rendered":"https:\/\/diariodigitalnea.com\/?p=14432"},"modified":"2024-06-19T16:27:18","modified_gmt":"2024-06-19T16:27:18","slug":"desaparicion-de-loan-en-corrientes-las-claves-del-caso-en-el-sexto-dia-de-busqueda","status":"publish","type":"post","link":"https:\/\/diariodigitalnea.com\/index.php\/2024\/06\/19\/desaparicion-de-loan-en-corrientes-las-claves-del-caso-en-el-sexto-dia-de-busqueda\/","title":{"rendered":"Desaparici\u00f3n de Loan en Corrientes: las claves del caso en el sexto d\u00eda de b\u00fasqueda"},"content":{"rendered":"\n<p>El pa\u00eds entero sigue alerta ante las \u00faltimas novedades del caso: operativo de b\u00fasqueda, elementos clave, hip\u00f3tesis de la Fiscal\u00eda, imputados, y mucho m\u00e1s.<\/p>\n\n\n\n<p>La desaparici\u00f3n de Loan Danilo Pe\u00f1a conmueve al pa\u00eds. A seis d\u00edas de su exhaustiva b\u00fasqueda y la activaci\u00f3n de la Alerta Sof\u00eda, se desconoce el paradero del menor de 5 a\u00f1os que el pasado jueves, en horas de la siesta, sali\u00f3 a buscar naranjas y nunca volvi\u00f3. \u201cHasta ahora no hay nada concreto\u201d, apunt\u00f3 el jefe de Relaciones Institucionales de la Polic\u00eda de Corrientes, el comisario mayor Sergio Aguilar.<\/p>\n\n\n\n<p>En las \u00faltimas horas, ocurrieron varios sucesos en torno a la investigaci\u00f3n. Por un lado, Walter Adri\u00e1n Maciel, el jefe de la comisar\u00eda de 9 de Julio, localidad del peque\u00f1o pueblo de Pareja Algarrobal, donde desapareci\u00f3 el ni\u00f1o, afirm\u00f3 a medios locales que este mi\u00e9rcoles se agrandar\u00eda el impresionante operativo de b\u00fasqueda, ya que contar\u00e1n con la participaci\u00f3n de efectivos de Salta y Mendoza que viajaron hasta la provincia, adem\u00e1s de otros dos expertos en b\u00fasqueda.<\/p>\n\n\n\n<figure class=\"wp-block-image size-full\"><img fetchpriority=\"high\" decoding=\"async\" width=\"932\" height=\"572\" src=\"http:\/\/diariodigitalnea.com\/wp-content\/uploads\/2024\/06\/loan4.jpg\" alt=\"\" class=\"wp-image-14437\" srcset=\"https:\/\/diariodigitalnea.com\/wp-content\/uploads\/2024\/06\/loan4.jpg 932w, https:\/\/diariodigitalnea.com\/wp-content\/uploads\/2024\/06\/loan4-300x184.jpg 300w, https:\/\/diariodigitalnea.com\/wp-content\/uploads\/2024\/06\/loan4-768x471.jpg 768w\" sizes=\"(max-width: 932px) 100vw, 932px\" \/><\/figure>\n\n\n\n<p>Asimismo, esta ma\u00f1ana los investigadores descartaron que una media ensangrentada que encontr\u00f3 Chiara, una perra Golden Retriever del equipo de polic\u00edas especializada en rastreo, perteneciera a Loan, seg\u00fan precisaron fuentes judiciales.<\/p>\n\n\n\n<p>Por otra parte, mientras los operativos contin\u00faan en las inmediaciones de la casa de la abuela del chico, durante la noche del martes, un hombre denunci\u00f3 en un llamado a la polic\u00eda haber visto a Loan en la capital de Chaco. Sin embargo, como ocurre en todos los casos, las autoridades investigan la denuncia para determinar si es ver\u00eddica.<\/p>\n\n\n\n<h2 class=\"wp-block-heading\"><strong>Dictaron la prisi\u00f3n preventiva para los tres detenidos<\/strong><\/h2>\n\n\n\n<p>Otra novedad en el caso es que el juez de garant\u00edas Lucio L\u00f3pez Lecube acept\u00f3 el pedido del fiscal Juan Carlos Castillo y dict\u00f3 este martes la prisi\u00f3n preventiva por tiempo indeterminado de los detenidos: Bernardino Antonio Ben\u00edtez, t\u00edo de la v\u00edctima; y dos amigos del pariente de Loan, Daniel Ram\u00edrez y M\u00f3nica del Carmen Millapi, que son pareja.<\/p>\n\n\n\n<figure class=\"wp-block-image size-full\"><img decoding=\"async\" width=\"960\" height=\"640\" src=\"http:\/\/diariodigitalnea.com\/wp-content\/uploads\/2024\/06\/loan3-1.jpg\" alt=\"\" class=\"wp-image-14436\" srcset=\"https:\/\/diariodigitalnea.com\/wp-content\/uploads\/2024\/06\/loan3-1.jpg 960w, https:\/\/diariodigitalnea.com\/wp-content\/uploads\/2024\/06\/loan3-1-300x200.jpg 300w, https:\/\/diariodigitalnea.com\/wp-content\/uploads\/2024\/06\/loan3-1-768x512.jpg 768w, https:\/\/diariodigitalnea.com\/wp-content\/uploads\/2024\/06\/loan3-1-900x600.jpg 900w\" sizes=\"(max-width: 960px) 100vw, 960px\" \/><\/figure>\n\n\n\n<p>Para el magistrado, los tres son culpables del delito de \u00ababandono de persona\u00bb, ya que eran garantes del cuidado de Loan. Adem\u00e1s, los detenidos se negaron a declarar.<\/p>\n\n\n\n<p>\u201cLos imputados deb\u00edan cuidar a los menores que ten\u00edan a su cargo y abandonaron a su suerte a Loan coloc\u00e1ndolo en situaci\u00f3n de desamparo, ya que no pudo valerse de s\u00ed mismo en el medio que se encontraba\u201d, argument\u00f3 Castillo en la audiencia.<\/p>\n\n\n\n<p>Tambi\u00e9n, en las \u00faltimas horas de este martes, se viraliz\u00f3 la \u00faltima foto del menor antes de su desaparici\u00f3n, sacada ese mismo jueves durante la hora del almuerzo. En la imagen se lo ve a Loan sentado en el medio de la mesa con la camiseta negra del Inter Miami, mientras su pap\u00e1 lo ayuda a cortar la comida.<\/p>\n\n\n\n<p>Aunque \u201cla principal hip\u00f3tesis\u00bb del fiscal Castillo es que Loan \u00abse perdi\u00f3 en el monte\u00bb, la madre del menor, Mar\u00eda, consider\u00f3 que se trata de un secuestro. \u00abAlguien se lo llev\u00f3\u00bb, opin\u00f3 la mujer en declaraciones televisivas.<\/p>\n\n\n\n<p>As\u00ed todo, el fiscal aclar\u00f3 que \u00abno\u00bb descartar\u00e1 \u00abque pueda haber pasado otra cosa\u00bb. \u00abEstamos haciendo todo lo que se pueda, analizamos toda la informaci\u00f3n que tenemos\u201d, se\u00f1al\u00f3 Castillo.<\/p>\n\n\n\n<h2 class=\"wp-block-heading\"><strong>La desaparici\u00f3n e inicios de su b\u00fasqueda<\/strong><\/h2>\n\n\n\n<p>Loan Danilo Pe\u00f1a, de 5 a\u00f1os, fue visto por \u00faltima vez en el paraje Algarrobal, durante la tarde del jueves 13 de junio. Ese mediod\u00eda, el menor hab\u00eda almorzado en la casa de su abuela con un numeroso grupo de familiares por el D\u00eda de San Antonio. Su padre particip\u00f3 de ese evento.<\/p>\n\n\n\n<figure class=\"wp-block-image size-full\"><img decoding=\"async\" width=\"960\" height=\"640\" src=\"http:\/\/diariodigitalnea.com\/wp-content\/uploads\/2024\/06\/loan2-1.jpg\" alt=\"\" class=\"wp-image-14435\" srcset=\"https:\/\/diariodigitalnea.com\/wp-content\/uploads\/2024\/06\/loan2-1.jpg 960w, https:\/\/diariodigitalnea.com\/wp-content\/uploads\/2024\/06\/loan2-1-300x200.jpg 300w, https:\/\/diariodigitalnea.com\/wp-content\/uploads\/2024\/06\/loan2-1-768x512.jpg 768w, https:\/\/diariodigitalnea.com\/wp-content\/uploads\/2024\/06\/loan2-1-900x600.jpg 900w\" sizes=\"(max-width: 960px) 100vw, 960px\" \/><\/figure>\n\n\n\n<p>Durante \u00abla hora de la siesta\u00bb, el chico habr\u00eda quedado al resguardo de su t\u00edo y dos adultos m\u00e1s. Seg\u00fan la versi\u00f3n que trascendi\u00f3, Loan y sus primos anunciaron que iban a buscar naranjas, pero antes del atardecer, regresaron sin \u00e9l.<\/p>\n\n\n\n<p>Los ni\u00f1os le informaron al padre de Loan que se hab\u00edan adelantado, y como no llegaba m\u00e1s, decidieron salir a buscarlo, pero nunca lo encontraron.<\/p>\n\n\n\n<p>Loan mide 0,90 metros de estatura, pesa 26 kilos, tiene tez trigue\u00f1a, cabello casta\u00f1o oscuro y ojos marrones. Adem\u00e1s, posee una cicatriz en la cabeza, justo donde tiene un remolino. Al momento de la desaparici\u00f3n, usaba una remera de f\u00fatbol negra, un pantal\u00f3n y unos botines.<\/p>\n\n\n\n<p>Desde que se realiz\u00f3 la denuncia por su desaparici\u00f3n se inici\u00f3 un impresionante operativo de b\u00fasqueda que incluy\u00f3, adem\u00e1s de agentes de la polic\u00eda regional y provincial, de efectivos del Ej\u00e9rcito, de la Gendarmer\u00eda y de la Polic\u00eda Federal, adem\u00e1s de perros, drones, un helic\u00f3ptero, dos aviones, parapentes y personal de diversas provincias.<\/p>\n\n\n\n<p>Tambi\u00e9n participan agentes de la Prefectura Naval Argentina, as\u00ed como Defensa Civil, Salud P\u00fablica y miembros de los Bomberos de la Polic\u00eda y de los Voluntarios de toda la provincia.<\/p>\n\n\n\n<p>Los tres menores que estaban junto a Loan fueron peritados en la C\u00e1mara Gesell: \u00abEl resultado es que el nene se fue solo a un lugar distinto cuando volv\u00eda a la casa de su abuela y all\u00ed se perdi\u00f3\u00bb, indic\u00f3 el jefe de Polic\u00eda provincial, Armando Molina, que adem\u00e1s aclar\u00f3 que Pe\u00f1a no sab\u00eda regresar al hogar de su pariente porque era \u00abla primera vez que iba\u00bb.<\/p>\n\n\n\n<p>El Ministerio de Seguridad de la Naci\u00f3n, en conjunto con el Sistema Federal de B\u00fasquedas de Personas Desaparecidas y Extraviadas (SIFEBU), activ\u00f3 el Programa Alerta Sof\u00eda para iniciar las tareas de b\u00fasqueda con el objetivo de dar con el paradero del menor.<\/p>\n\n\n\n<p>Asimismo, m\u00e1s de 600 personas participan activamente de la b\u00fasqueda de Loan. El SIFEBU ofrece una recompensa de 5 millones de pesos para todo aquel que aporte datos certeros de d\u00f3nde podr\u00eda estar Loan. Asimismo, Interpol anunci\u00f3 una alerta amarilla para los pa\u00edses lim\u00edtrofes.<\/p>\n","protected":false},"excerpt":{"rendered":"<p>El pa\u00eds entero sigue alerta ante las \u00faltimas novedades del caso: operativo de b\u00fasqueda, elementos clave, hip\u00f3tesis de la Fiscal\u00eda, imputados, y mucho m\u00e1s. La desaparici\u00f3n de Loan Danilo Pe\u00f1a conmueve al pa\u00eds. A seis d\u00edas de su exhaustiva b\u00fasqueda y la activaci\u00f3n de la Alerta Sof\u00eda, se desconoce el paradero del menor de 5 [&hellip;]<\/p>\n","protected":false},"author":3,"featured_media":14434,"comment_status":"closed","ping_status":"closed","sticky":false,"template":"","format":"standard","meta":{"om_disable_all_campaigns":false,"_monsterinsights_skip_tracking":false,"_monsterinsights_sitenote_active":false,"_monsterinsights_sitenote_note":"","_monsterinsights_sitenote_category":0,"footnotes":""},"categories":[33,34,52],"tags":[3408,4310,74,63,4311,4295],"class_list":["post-14432","post","type-post","status-publish","format-standard","has-post-thumbnail","hentry","category-chaco","category-corrientes","category-policiales","tag-busqueda-de-persona","tag-caso-loan","tag-chaco","tag-corrientes","tag-nino-desaparecido","tag-operativo-de-busqueda"],"aioseo_notices":[],"amp_enabled":true,"_links":{"self":[{"href":"https:\/\/diariodigitalnea.com\/index.php\/wp-json\/wp\/v2\/posts\/14432","targetHints":{"allow":["GET"]}}],"collection":[{"href":"https:\/\/diariodigitalnea.com\/index.php\/wp-json\/wp\/v2\/posts"}],"about":[{"href":"https:\/\/diariodigitalnea.com\/index.php\/wp-json\/wp\/v2\/types\/post"}],"author":[{"embeddable":true,"href":"https:\/\/diariodigitalnea.com\/index.php\/wp-json\/wp\/v2\/users\/3"}],"replies":[{"embeddable":true,"href":"https:\/\/diariodigitalnea.com\/index.php\/wp-json\/wp\/v2\/comments?post=14432"}],"version-history":[{"count":1,"href":"https:\/\/diariodigitalnea.com\/index.php\/wp-json\/wp\/v2\/posts\/14432\/revisions"}],"predecessor-version":[{"id":14438,"href":"https:\/\/diariodigitalnea.com\/index.php\/wp-json\/wp\/v2\/posts\/14432\/revisions\/14438"}],"wp:featuredmedia":[{"embeddable":true,"href":"https:\/\/diariodigitalnea.com\/index.php\/wp-json\/wp\/v2\/media\/14434"}],"wp:attachment":[{"href":"https:\/\/diariodigitalnea.com\/index.php\/wp-json\/wp\/v2\/media?parent=14432"}],"wp:term":[{"taxonomy":"category","embeddable":true,"href":"https:\/\/diariodigitalnea.com\/index.php\/wp-json\/wp\/v2\/categories?post=14432"},{"taxonomy":"post_tag","embeddable":true,"href":"https:\/\/diariodigitalnea.com\/index.php\/wp-json\/wp\/v2\/tags?post=14432"}],"curies":[{"name":"wp","href":"https:\/\/api.w.org\/{rel}","templated":true}]}}