{"id":14426,"date":"2024-06-19T13:31:20","date_gmt":"2024-06-19T13:31:20","guid":{"rendered":"https:\/\/diariodigitalnea.com\/?p=14426"},"modified":"2024-06-19T13:31:21","modified_gmt":"2024-06-19T13:31:21","slug":"quien-es-el-argentino-que-diseno-la-portada-del-nuevo-album-de-coldplay-moon-music","status":"publish","type":"post","link":"https:\/\/diariodigitalnea.com\/index.php\/2024\/06\/19\/quien-es-el-argentino-que-diseno-la-portada-del-nuevo-album-de-coldplay-moon-music\/","title":{"rendered":"Qui\u00e9n es el argentino que dise\u00f1\u00f3 la portada del nuevo \u00e1lbum de Coldplay \u00abMoon Music\u00bb"},"content":{"rendered":"\n<p>La banda de Chris Martin anunci\u00f3 el lanzamiento de su pr\u00f3ximo disco, el cual cuenta con el trabajo de un fot\u00f3grafo de Bah\u00eda Blanca.<\/p>\n\n\n\n<p><\/p>\n\n\n\n<p>Coldplay anunci\u00f3 el lanzamiento de su pr\u00f3ximo \u00e1lbum \u00abMoon Music\u00bb, que saldr\u00e1 a la venta el 4 de octubre, y que su tapa tiene una particularidad, fue dise\u00f1ada por un argentino.<\/p>\n\n\n\n<figure class=\"wp-block-image size-large\"><img fetchpriority=\"high\" decoding=\"async\" width=\"1024\" height=\"513\" src=\"http:\/\/diariodigitalnea.com\/wp-content\/uploads\/2023\/05\/ENCUENTRO-IG-Verde-copy-1024x513.jpg\" alt=\"PUBLICIDAD\" class=\"wp-image-8132\" srcset=\"https:\/\/diariodigitalnea.com\/wp-content\/uploads\/2023\/05\/ENCUENTRO-IG-Verde-copy-1024x513.jpg 1024w, https:\/\/diariodigitalnea.com\/wp-content\/uploads\/2023\/05\/ENCUENTRO-IG-Verde-copy-300x150.jpg 300w, https:\/\/diariodigitalnea.com\/wp-content\/uploads\/2023\/05\/ENCUENTRO-IG-Verde-copy-768x385.jpg 768w, https:\/\/diariodigitalnea.com\/wp-content\/uploads\/2023\/05\/ENCUENTRO-IG-Verde-copy-1536x769.jpg 1536w, https:\/\/diariodigitalnea.com\/wp-content\/uploads\/2023\/05\/ENCUENTRO-IG-Verde-copy-2048x1026.jpg 2048w\" sizes=\"(max-width: 1024px) 100vw, 1024px\" \/><figcaption class=\"wp-element-caption\">Publicidad: Encuentro Tienda de Bebidas, Chile 190 Local 4 \u2013 Tel: 3624386655 &#8211; Gral San Mart\u00edn<\/figcaption><\/figure>\n\n\n\n<p>La banda de Chris Martin lanz\u00f3 un comunicado oficial donde revelaban la fecha de estreno de su pr\u00f3ximo disco y el lanzamiento de su primer sencillo \u201cfeelslikeimfallinginlove\u201d que ser\u00e1 el viernes 21 de junio.<\/p>\n\n\n\n<figure class=\"wp-block-image size-full\"><img decoding=\"async\" width=\"1014\" height=\"639\" src=\"https:\/\/diariodigitalnea.com\/wp-content\/uploads\/2024\/06\/coldplay9.jpg\" alt=\"\" class=\"wp-image-14429\" srcset=\"https:\/\/diariodigitalnea.com\/wp-content\/uploads\/2024\/06\/coldplay9.jpg 1014w, https:\/\/diariodigitalnea.com\/wp-content\/uploads\/2024\/06\/coldplay9-300x189.jpg 300w, https:\/\/diariodigitalnea.com\/wp-content\/uploads\/2024\/06\/coldplay9-768x484.jpg 768w\" sizes=\"(max-width: 1014px) 100vw, 1014px\" \/><\/figure>\n\n\n\n<p>Sin embargo, lo que m\u00e1s llam\u00f3 la atenci\u00f3n en el pa\u00eds fue el novedoso dise\u00f1o que optaron para su CD, el cual tiene un fondo celeste y la caracter\u00edstica luna. El mismo nace de una foto que sac\u00f3 Mat\u00edas Alonso Revelli, un argentino oriundo de Bah\u00eda Blanca de 31 a\u00f1os que trabaja como fot\u00f3grafo, especialmente de paisajes y cielos.<\/p>\n\n\n\n<p><\/p>\n\n\n\n<p>El trabajo del joven se dio a conocer debido a que, en la cuenta de Instagram de la banda, lo etiquetaron al momento de revelar la portada de su nuevo \u00e1lbum. Su usuario es @matialonsor.<\/p>\n\n\n\n<figure class=\"wp-block-image size-large\"><img decoding=\"async\" width=\"1024\" height=\"576\" src=\"http:\/\/diariodigitalnea.com\/wp-content\/uploads\/2024\/06\/coldplay-1024x576.jpg\" alt=\"\" class=\"wp-image-14427\" srcset=\"https:\/\/diariodigitalnea.com\/wp-content\/uploads\/2024\/06\/coldplay-1024x576.jpg 1024w, https:\/\/diariodigitalnea.com\/wp-content\/uploads\/2024\/06\/coldplay-300x169.jpg 300w, https:\/\/diariodigitalnea.com\/wp-content\/uploads\/2024\/06\/coldplay-768x432.jpg 768w, https:\/\/diariodigitalnea.com\/wp-content\/uploads\/2024\/06\/coldplay.jpg 1039w\" sizes=\"(max-width: 1024px) 100vw, 1024px\" \/><\/figure>\n\n\n\n<p>La palabra de Mat\u00edas Revelli<\/p>\n\n\n\n<p>El fot\u00f3grafo argentino Mat\u00edas Revelli estuvo en contacto con Clar\u00edn y revel\u00f3 c\u00f3mo se sinti\u00f3 tras enterarse que su foto se convertir\u00eda en la portada de Coldplay: \u00abFeliz, sorprendido, orgulloso y siento que todav\u00eda me falta un rato para caer en todo lo que me est\u00e1 pasando\u00bb.<\/p>\n\n\n\n<p><\/p>\n\n\n\n<p>Incluso, mediante X (ex Twitter) le agradeci\u00f3 a aquellos que difundieron la noticia: \u201cA los argentinos que comentan y se sienten representados, GRACIAS. \u00a1Aguante Coldplay y aguante Argentina!\u201d.<\/p>\n\n\n\n<figure class=\"wp-block-image size-full\"><img loading=\"lazy\" decoding=\"async\" width=\"925\" height=\"554\" src=\"https:\/\/diariodigitalnea.com\/wp-content\/uploads\/2024\/06\/fotografo.jpg\" alt=\"\" class=\"wp-image-14428\" srcset=\"https:\/\/diariodigitalnea.com\/wp-content\/uploads\/2024\/06\/fotografo.jpg 925w, https:\/\/diariodigitalnea.com\/wp-content\/uploads\/2024\/06\/fotografo-300x180.jpg 300w, https:\/\/diariodigitalnea.com\/wp-content\/uploads\/2024\/06\/fotografo-768x460.jpg 768w\" sizes=\"(max-width: 925px) 100vw, 925px\" \/><figcaption class=\"wp-element-caption\">Mat\u00edas Alonso Revelli es el fot\u00f3grafo autor de la foto elegida por Coldplay para su nuevo disco.<\/figcaption><\/figure>\n\n\n\n<p>Finalmente, cont\u00f3: \u00abLo \u00fanico que hice fue la imagen de la tapa. Fue 4 a\u00f1os antes sin saber que Coldplay me la iba a pedir para la portada del disco. El resto del dise\u00f1o y el packaging lo hizo Pilar Zeta\u00bb, quien es otra artista argentina que trabaja hace m\u00e1s tiempo con la banda de Chris Martin.<\/p>\n\n\n\n<figure class=\"wp-block-image size-large\"><img loading=\"lazy\" decoding=\"async\" width=\"1024\" height=\"607\" src=\"http:\/\/diariodigitalnea.com\/wp-content\/uploads\/2023\/11\/DDN-FOTO-PC-Y-CEL-1024x607.jpg\" alt=\"publicidad\" class=\"wp-image-11794\" srcset=\"https:\/\/diariodigitalnea.com\/wp-content\/uploads\/2023\/11\/DDN-FOTO-PC-Y-CEL-1024x607.jpg 1024w, https:\/\/diariodigitalnea.com\/wp-content\/uploads\/2023\/11\/DDN-FOTO-PC-Y-CEL-300x178.jpg 300w, https:\/\/diariodigitalnea.com\/wp-content\/uploads\/2023\/11\/DDN-FOTO-PC-Y-CEL-768x455.jpg 768w, https:\/\/diariodigitalnea.com\/wp-content\/uploads\/2023\/11\/DDN-FOTO-PC-Y-CEL-1536x910.jpg 1536w, https:\/\/diariodigitalnea.com\/wp-content\/uploads\/2023\/11\/DDN-FOTO-PC-Y-CEL.jpg 2000w\" sizes=\"(max-width: 1024px) 100vw, 1024px\" \/><figcaption class=\"wp-element-caption\">Diario Digital Nea. Noticias de la regi\u00f3n y el mundo. <\/figcaption><\/figure>\n","protected":false},"excerpt":{"rendered":"<p>La banda de Chris Martin anunci\u00f3 el lanzamiento de su pr\u00f3ximo disco, el cual cuenta con el trabajo de un fot\u00f3grafo de Bah\u00eda Blanca. Coldplay anunci\u00f3 el lanzamiento de su pr\u00f3ximo \u00e1lbum \u00abMoon Music\u00bb, que saldr\u00e1 a la venta el 4 de octubre, y que su tapa tiene una particularidad, fue dise\u00f1ada por un argentino. [&hellip;]<\/p>\n","protected":false},"author":4,"featured_media":14430,"comment_status":"closed","ping_status":"closed","sticky":false,"template":"","format":"standard","meta":{"om_disable_all_campaigns":false,"_monsterinsights_skip_tracking":false,"_monsterinsights_sitenote_active":false,"_monsterinsights_sitenote_note":"","_monsterinsights_sitenote_category":0,"footnotes":""},"categories":[7,90],"tags":[4309,4308],"class_list":["post-14426","post","type-post","status-publish","format-standard","has-post-thumbnail","hentry","category-espectaculos","category-nacionales","tag-argentino","tag-moon-music"],"aioseo_notices":[],"amp_enabled":true,"_links":{"self":[{"href":"https:\/\/diariodigitalnea.com\/index.php\/wp-json\/wp\/v2\/posts\/14426","targetHints":{"allow":["GET"]}}],"collection":[{"href":"https:\/\/diariodigitalnea.com\/index.php\/wp-json\/wp\/v2\/posts"}],"about":[{"href":"https:\/\/diariodigitalnea.com\/index.php\/wp-json\/wp\/v2\/types\/post"}],"author":[{"embeddable":true,"href":"https:\/\/diariodigitalnea.com\/index.php\/wp-json\/wp\/v2\/users\/4"}],"replies":[{"embeddable":true,"href":"https:\/\/diariodigitalnea.com\/index.php\/wp-json\/wp\/v2\/comments?post=14426"}],"version-history":[{"count":1,"href":"https:\/\/diariodigitalnea.com\/index.php\/wp-json\/wp\/v2\/posts\/14426\/revisions"}],"predecessor-version":[{"id":14431,"href":"https:\/\/diariodigitalnea.com\/index.php\/wp-json\/wp\/v2\/posts\/14426\/revisions\/14431"}],"wp:featuredmedia":[{"embeddable":true,"href":"https:\/\/diariodigitalnea.com\/index.php\/wp-json\/wp\/v2\/media\/14430"}],"wp:attachment":[{"href":"https:\/\/diariodigitalnea.com\/index.php\/wp-json\/wp\/v2\/media?parent=14426"}],"wp:term":[{"taxonomy":"category","embeddable":true,"href":"https:\/\/diariodigitalnea.com\/index.php\/wp-json\/wp\/v2\/categories?post=14426"},{"taxonomy":"post_tag","embeddable":true,"href":"https:\/\/diariodigitalnea.com\/index.php\/wp-json\/wp\/v2\/tags?post=14426"}],"curies":[{"name":"wp","href":"https:\/\/api.w.org\/{rel}","templated":true}]}}