{"id":14415,"date":"2024-06-18T13:14:00","date_gmt":"2024-06-18T13:14:00","guid":{"rendered":"https:\/\/diariodigitalnea.com\/?p=14415"},"modified":"2024-06-18T13:14:01","modified_gmt":"2024-06-18T13:14:01","slug":"desarticularon-una-banda-vinculada-a-isis-en-espana-que-llamaba-a-atacar-al-real-madrid","status":"publish","type":"post","link":"https:\/\/diariodigitalnea.com\/index.php\/2024\/06\/18\/desarticularon-una-banda-vinculada-a-isis-en-espana-que-llamaba-a-atacar-al-real-madrid\/","title":{"rendered":"Desarticularon una banda vinculada a ISIS en Espa\u00f1a que llamaba a atacar al Real Madrid"},"content":{"rendered":"\n<p>La Guardia Nacional, junto a Europol y el FBI, detuvo a nueve personas en distintos puntos del pa\u00eds que ser\u00edan miembros de una c\u00e9lula de propaganda cercana al grupo jihadista<\/p>\n\n\n\n<p><\/p>\n\n\n\n<p>MADRID.- La polic\u00eda espa\u00f1ola desarticul\u00f3 una c\u00e9lula de propaganda vinculada al grupo terrorista Estado Isl\u00e1mico (EI, o ISIS en ingl\u00e9s) que alentaba a una serie de atentados ligados al mundo del f\u00fatbol, con un foco especial contra Real Madrid, noticia que se conoce mientras se juega la Eurocopa 2024.<\/p>\n\n\n\n<figure class=\"wp-block-image size-large\"><img fetchpriority=\"high\" decoding=\"async\" width=\"1024\" height=\"513\" src=\"http:\/\/diariodigitalnea.com\/wp-content\/uploads\/2023\/05\/ENCUENTRO-IG-Verde-copy-1024x513.jpg\" alt=\"PUBLICIDAD\" class=\"wp-image-8132\" srcset=\"https:\/\/diariodigitalnea.com\/wp-content\/uploads\/2023\/05\/ENCUENTRO-IG-Verde-copy-1024x513.jpg 1024w, https:\/\/diariodigitalnea.com\/wp-content\/uploads\/2023\/05\/ENCUENTRO-IG-Verde-copy-300x150.jpg 300w, https:\/\/diariodigitalnea.com\/wp-content\/uploads\/2023\/05\/ENCUENTRO-IG-Verde-copy-768x385.jpg 768w, https:\/\/diariodigitalnea.com\/wp-content\/uploads\/2023\/05\/ENCUENTRO-IG-Verde-copy-1536x769.jpg 1536w, https:\/\/diariodigitalnea.com\/wp-content\/uploads\/2023\/05\/ENCUENTRO-IG-Verde-copy-2048x1026.jpg 2048w\" sizes=\"(max-width: 1024px) 100vw, 1024px\" \/><figcaption class=\"wp-element-caption\">Publicidad: Encuentro Tienda de Bebidas, Chile 190 Local 4 \u2013 Tel: 3624386655 &#8211; Gral San Mart\u00edn<\/figcaption><\/figure>\n\n\n\n<p>\u201cLa Guardia Civil y el FBI han desmantelado la mayor estructura online de difusi\u00f3n de propaganda que ten\u00eda hasta ahora la organizaci\u00f3n terrorista Estado Isl\u00e1mico\u201d, dice un comunicado publicado por el Ministerio del Interior de Espa\u00f1a.<\/p>\n\n\n\n<p><\/p>\n\n\n\n<p>El diario El Confidencial inform\u00f3 que la Fundaci\u00f3n I\u2019lam, una central de propaganda vinculada a ISIS, \u201cten\u00eda como objetivo el Santiago Bernab\u00e9u\u201d, el estadio del Real Madrid, en la capital espa\u00f1ola.<\/p>\n\n\n\n<p><\/p>\n\n\n\n<p>Seg\u00fan la nota, el grupo terrorista planeaba atacar un colectivo que trasladaba al plantel del Real Madrid, campe\u00f3n de la Liga y de la Champions League en la temporada 2023-24.<\/p>\n\n\n\n<figure class=\"wp-block-image size-large\"><img decoding=\"async\" width=\"1024\" height=\"513\" src=\"http:\/\/diariodigitalnea.com\/wp-content\/uploads\/2024\/04\/publi-GEMA-1024x513.jpg\" alt=\"publicidad\" class=\"wp-image-13586\" srcset=\"https:\/\/diariodigitalnea.com\/wp-content\/uploads\/2024\/04\/publi-GEMA-1024x513.jpg 1024w, https:\/\/diariodigitalnea.com\/wp-content\/uploads\/2024\/04\/publi-GEMA-300x150.jpg 300w, https:\/\/diariodigitalnea.com\/wp-content\/uploads\/2024\/04\/publi-GEMA-768x385.jpg 768w, https:\/\/diariodigitalnea.com\/wp-content\/uploads\/2024\/04\/publi-GEMA-1536x769.jpg 1536w, https:\/\/diariodigitalnea.com\/wp-content\/uploads\/2024\/04\/publi-GEMA.jpg 1977w\" sizes=\"(max-width: 1024px) 100vw, 1024px\" \/><figcaption class=\"wp-element-caption\">Publicidad: Gema Oufit @gemahoufit Rcia \u2013 Contacto: 3624391672<\/figcaption><\/figure>\n\n\n\n<p>El operativo de la Guardia Civil espa\u00f1ola cont\u00f3 con la participaci\u00f3n conjunta de la Oficina Europea de Polic\u00eda (Europol), la Oficina Federal de Investigaci\u00f3n de Estados Unidos (FBI) y las polic\u00edas de Pa\u00edses Bajos, Alemania, Francia, Estonia, Rumania e Islandia. Como consecuencia, fueron detenidos nueve presuntos miembros de Fundaci\u00f3n I\u2019lam en Algeciras (C\u00e1diz), Antas (Almer\u00eda) y Salt (Gerona), seg\u00fan el comunicado oficial, publicado el viernes pasado.<\/p>\n\n\n\n<p><\/p>\n\n\n\n<p>\u201cEl primero de estos detenidos fue un sujeto asentado en L\u00e9rida que, tras alcanzar el \u00faltimo estadio del proceso de radicalizaci\u00f3n jihadista, tom\u00f3 la determinaci\u00f3n de desplazarse a zona de conflicto. Los agentes lo detuvieron en enero en el aeropuerto de Barcelona, instantes antes de viajar\u201d, se\u00f1ala el gobierno espa\u00f1ol.<\/p>\n\n\n\n<p><\/p>\n\n\n\n<p>Seg\u00fan el comunicado, la investigaci\u00f3n \u201cse inici\u00f3 en Espa\u00f1a en el a\u00f1o 2022, tras detectarse la traducci\u00f3n al espa\u00f1ol de contenidos terroristas vinculados a dicha organizaci\u00f3n terrorista en la entidad medi\u00e1tica Fundaci\u00f3n I\u2019lam, y ha finalizado con la actuaci\u00f3n contra los servidores que alojaban los contenidos terroristas\u201d.<\/p>\n\n\n\n<figure class=\"wp-block-image size-large\"><img decoding=\"async\" width=\"1024\" height=\"564\" src=\"https:\/\/diariodigitalnea.com\/wp-content\/uploads\/2024\/06\/isis-1024x564.jpg\" alt=\"\" class=\"wp-image-14416\" srcset=\"https:\/\/diariodigitalnea.com\/wp-content\/uploads\/2024\/06\/isis-1024x564.jpg 1024w, https:\/\/diariodigitalnea.com\/wp-content\/uploads\/2024\/06\/isis-300x165.jpg 300w, https:\/\/diariodigitalnea.com\/wp-content\/uploads\/2024\/06\/isis-768x423.jpg 768w, https:\/\/diariodigitalnea.com\/wp-content\/uploads\/2024\/06\/isis.jpg 1162w\" sizes=\"(max-width: 1024px) 100vw, 1024px\" \/><\/figure>\n\n\n\n<p>\u201cFruto de las investigaciones practicadas, se ha podido constatar objetivamente que los responsables de la Fundaci\u00f3n I\u2019lam son as\u00ed mismo los creadores de otras entidades medi\u00e1ticas afines a ISIS. En particular, las webs Al-Raud, Fahras Y Alfajr, as\u00ed como de otras plataformas similares cuya actividad se remonta hasta el a\u00f1o 2015, operando todas ellas en la actualidad bajo la denominada red Sarh Al-Khilafa\u201d, precisa el comunicado.<\/p>\n\n\n\n<p><\/p>\n\n\n\n<p>Amenazas al Real Madrid<\/p>\n\n\n\n<p>La Fundaci\u00f3n I\u2019lam, uno de los principales centros de propaganda vinculados a ISIS, hab\u00eda difundido en Internet una imagen en la que aparece un encapuchado armado apuntando a un colectivo del Real Madrid.<\/p>\n\n\n\n<p><\/p>\n\n\n\n<p>\u201cMi querido hermano, espera en un lugar cercano al punto de llegada de los jugadores. Ap\u00fantale a ellos junto a sus aficionados\u201d, se le\u00eda, junto a una imagen de un encapuchado abriendo fuego con un fusil y el objetivo marcando el Bernab\u00e9u.<\/p>\n\n\n\n<figure class=\"wp-block-image size-full\"><img loading=\"lazy\" decoding=\"async\" width=\"940\" height=\"637\" src=\"https:\/\/diariodigitalnea.com\/wp-content\/uploads\/2024\/06\/isis3.jpg\" alt=\"\" class=\"wp-image-14417\" srcset=\"https:\/\/diariodigitalnea.com\/wp-content\/uploads\/2024\/06\/isis3.jpg 940w, https:\/\/diariodigitalnea.com\/wp-content\/uploads\/2024\/06\/isis3-300x203.jpg 300w, https:\/\/diariodigitalnea.com\/wp-content\/uploads\/2024\/06\/isis3-768x520.jpg 768w\" sizes=\"(max-width: 940px) 100vw, 940px\" \/><\/figure>\n\n\n\n<p>Otra foto mostraba directamente el Santiago Bernab\u00e9u: \u201cMi querido hermano en Al-Andalus. Te espera un objetivo muy valiente. Rompe entre la multitud, distrae a la seguridad con explosivos improvisados y se\u00f1uelos y avanza con determinaci\u00f3n hacia tu objetivo principal\u201d, indicaba el mensaje.<\/p>\n\n\n\n<p><\/p>\n\n\n\n<p>Esta no es la primera vez que se conoce una amenaza de grupos cercanos a ISIS al deporte occidental, en momentos en que la alerta terrorista est\u00e1 en ascenso a partir de la guerra en Gaza.<\/p>\n\n\n\n<p><\/p>\n\n\n\n<p>En abril, varias ciudades europeas estuvieron en alerta despu\u00e9s de que se conocieran flyers difundidos por medios afines a ISIS en los que llamaban a \u201cmatar a todos\u201d, mientras mostraban a un terrorista con un rifle y de fondo, los estadios de f\u00fatbol europeos donde se disputar\u00edan partidos de la Champions League (en Madrid, Par\u00eds y Londres).<\/p>\n\n\n\n<p><\/p>\n\n\n\n<p>Entonces, el ministerio del Interior espa\u00f1ol \u201cactiv\u00f3 todos sus sistemas de alerta y protecci\u00f3n temprana\u201d, indic\u00f3 el gobierno de Pedro S\u00e1nchez. En tanto, el ministro del Interior de Francia, G\u00e9rald Damarnin, dijo entonces que las medidas de seguridad ser\u00edan \u201cconsiderablemente reforzadas\u201d para un partido entre el PSG y el Barcelona en el Parque de los Pr\u00edncipes. \u201cLes recuerdo que hace nada m\u00e1s que 10 d\u00edas, Estado Isl\u00e1mico comparti\u00f3 una foto del estadio de M\u00fanich y dijo que accionar\u00edan contra los coliseos deportivos que organizaran partidos de f\u00fatbol. Dada la importancia de la Champions League para el f\u00fatbol europeo, por supuesto que estamos hablando del tema entre nosotros\u201d, se\u00f1al\u00f3 el funcionario franc\u00e9s.<\/p>\n\n\n\n<figure class=\"wp-block-image size-large\"><img loading=\"lazy\" decoding=\"async\" width=\"1024\" height=\"560\" src=\"https:\/\/diariodigitalnea.com\/wp-content\/uploads\/2024\/06\/isis4-1024x560.jpg\" alt=\"\" class=\"wp-image-14419\" srcset=\"https:\/\/diariodigitalnea.com\/wp-content\/uploads\/2024\/06\/isis4-1024x560.jpg 1024w, https:\/\/diariodigitalnea.com\/wp-content\/uploads\/2024\/06\/isis4-300x164.jpg 300w, https:\/\/diariodigitalnea.com\/wp-content\/uploads\/2024\/06\/isis4-768x420.jpg 768w, https:\/\/diariodigitalnea.com\/wp-content\/uploads\/2024\/06\/isis4.jpg 1106w\" sizes=\"(max-width: 1024px) 100vw, 1024px\" \/><\/figure>\n\n\n\n<p>La Fundaci\u00f3n I\u2019lam<\/p>\n\n\n\n<p>Seg\u00fan el gobierno espa\u00f1ol, la Fundaci\u00f3n I\u2019lam se caracteriza por divulgar propaganda jihadista en m\u00e1s de 30 idiomas, entre ellos, el espa\u00f1ol. \u201cEsto le permite hacer llegar las consignas y directrices del Estado Isl\u00e1mico con una difusi\u00f3n exponencial a una audiencia de alcance global\u201d, menciona el comunicado.<\/p>\n\n\n\n<figure class=\"wp-block-image size-large\"><img loading=\"lazy\" decoding=\"async\" width=\"1024\" height=\"446\" src=\"http:\/\/diariodigitalnea.com\/wp-content\/uploads\/2023\/05\/CONSTRUCAL-CON-FABRICA-2-1024x446.jpg\" alt=\"publicidad Construcal 2\" class=\"wp-image-8211\" srcset=\"https:\/\/diariodigitalnea.com\/wp-content\/uploads\/2023\/05\/CONSTRUCAL-CON-FABRICA-2-1024x446.jpg 1024w, https:\/\/diariodigitalnea.com\/wp-content\/uploads\/2023\/05\/CONSTRUCAL-CON-FABRICA-2-300x131.jpg 300w, https:\/\/diariodigitalnea.com\/wp-content\/uploads\/2023\/05\/CONSTRUCAL-CON-FABRICA-2-768x334.jpg 768w, https:\/\/diariodigitalnea.com\/wp-content\/uploads\/2023\/05\/CONSTRUCAL-CON-FABRICA-2-1536x669.jpg 1536w, https:\/\/diariodigitalnea.com\/wp-content\/uploads\/2023\/05\/CONSTRUCAL-CON-FABRICA-2-2048x892.jpg 2048w\" sizes=\"(max-width: 1024px) 100vw, 1024px\" \/><figcaption class=\"wp-element-caption\">Publicidad: ConstruCal Cales hidratas y vivas para uso vial y construcci\u00f3n TEL: 3624602737\n<\/figcaption><\/figure>\n\n\n\n<p>Tanto esa como otras plataformas bajo el radar espa\u00f1ol \u201cno integran formalmente el cat\u00e1logo de plataformas oficiales del ISIS\u201d pero \u201cconstituyen actualmente los principales puntos de acceso p\u00fablico a la propaganda terrorista\u201d del grupo, tanto oficiales \u2013especialmente de su \u201cagencia\u201d de noticias Amaq- como no oficiales, producida por sus seguidores.<\/p>\n\n\n\n<p><\/p>\n\n\n\n<p>El ministerio cita al Centro Antiterrorista Europeo de Europol, que menciona que \u201clas actividades de propaganda y de reclutamiento realizadas a trav\u00e9s de Internet se reconocen expl\u00edcitamente como una parte integral de la jihad por parte de las organizaciones terroristas, lo que permite movilizar a los simpatizantes para cometer atentados bajo el estandarte del ISIS\u201d.<\/p>\n\n\n\n<p><\/p>\n\n\n\n<p>\u201cEn las p\u00e1ginas web investigadas se instigaba de manera permanente a llevar a cabo acciones terroristas, y se ha dado amplia publicidad a los \u00faltimos ataques terroristas cometidos tanto en Europa como a nivel global\u201d, menciona.<\/p>\n\n\n\n<figure class=\"wp-block-image size-large\"><img loading=\"lazy\" decoding=\"async\" width=\"1024\" height=\"607\" src=\"http:\/\/diariodigitalnea.com\/wp-content\/uploads\/2023\/11\/DDN-FOTO-PC-Y-CEL-1024x607.jpg\" alt=\"publicidad\" class=\"wp-image-11794\" srcset=\"https:\/\/diariodigitalnea.com\/wp-content\/uploads\/2023\/11\/DDN-FOTO-PC-Y-CEL-1024x607.jpg 1024w, https:\/\/diariodigitalnea.com\/wp-content\/uploads\/2023\/11\/DDN-FOTO-PC-Y-CEL-300x178.jpg 300w, https:\/\/diariodigitalnea.com\/wp-content\/uploads\/2023\/11\/DDN-FOTO-PC-Y-CEL-768x455.jpg 768w, https:\/\/diariodigitalnea.com\/wp-content\/uploads\/2023\/11\/DDN-FOTO-PC-Y-CEL-1536x910.jpg 1536w, https:\/\/diariodigitalnea.com\/wp-content\/uploads\/2023\/11\/DDN-FOTO-PC-Y-CEL.jpg 2000w\" sizes=\"(max-width: 1024px) 100vw, 1024px\" \/><figcaption class=\"wp-element-caption\">Diario Digital Nea. Noticias de la regi\u00f3n y el mundo. <\/figcaption><\/figure>\n","protected":false},"excerpt":{"rendered":"<p>La Guardia Nacional, junto a Europol y el FBI, detuvo a nueve personas en distintos puntos del pa\u00eds que ser\u00edan miembros de una c\u00e9lula de propaganda cercana al grupo jihadista MADRID.- La polic\u00eda espa\u00f1ola desarticul\u00f3 una c\u00e9lula de propaganda vinculada al grupo terrorista Estado Isl\u00e1mico (EI, o ISIS en ingl\u00e9s) que alentaba a una serie [&hellip;]<\/p>\n","protected":false},"author":4,"featured_media":14418,"comment_status":"closed","ping_status":"closed","sticky":false,"template":"","format":"standard","meta":{"om_disable_all_campaigns":false,"_monsterinsights_skip_tracking":false,"_monsterinsights_sitenote_active":false,"_monsterinsights_sitenote_note":"","_monsterinsights_sitenote_category":0,"footnotes":""},"categories":[95,9],"tags":[190,4305],"class_list":["post-14415","post","type-post","status-publish","format-standard","has-post-thumbnail","hentry","category-informacion-general","category-internacionales","tag-espana","tag-isis"],"aioseo_notices":[],"amp_enabled":true,"_links":{"self":[{"href":"https:\/\/diariodigitalnea.com\/index.php\/wp-json\/wp\/v2\/posts\/14415","targetHints":{"allow":["GET"]}}],"collection":[{"href":"https:\/\/diariodigitalnea.com\/index.php\/wp-json\/wp\/v2\/posts"}],"about":[{"href":"https:\/\/diariodigitalnea.com\/index.php\/wp-json\/wp\/v2\/types\/post"}],"author":[{"embeddable":true,"href":"https:\/\/diariodigitalnea.com\/index.php\/wp-json\/wp\/v2\/users\/4"}],"replies":[{"embeddable":true,"href":"https:\/\/diariodigitalnea.com\/index.php\/wp-json\/wp\/v2\/comments?post=14415"}],"version-history":[{"count":1,"href":"https:\/\/diariodigitalnea.com\/index.php\/wp-json\/wp\/v2\/posts\/14415\/revisions"}],"predecessor-version":[{"id":14420,"href":"https:\/\/diariodigitalnea.com\/index.php\/wp-json\/wp\/v2\/posts\/14415\/revisions\/14420"}],"wp:featuredmedia":[{"embeddable":true,"href":"https:\/\/diariodigitalnea.com\/index.php\/wp-json\/wp\/v2\/media\/14418"}],"wp:attachment":[{"href":"https:\/\/diariodigitalnea.com\/index.php\/wp-json\/wp\/v2\/media?parent=14415"}],"wp:term":[{"taxonomy":"category","embeddable":true,"href":"https:\/\/diariodigitalnea.com\/index.php\/wp-json\/wp\/v2\/categories?post=14415"},{"taxonomy":"post_tag","embeddable":true,"href":"https:\/\/diariodigitalnea.com\/index.php\/wp-json\/wp\/v2\/tags?post=14415"}],"curies":[{"name":"wp","href":"https:\/\/api.w.org\/{rel}","templated":true}]}}