{"id":14395,"date":"2024-06-17T15:26:47","date_gmt":"2024-06-17T15:26:47","guid":{"rendered":"https:\/\/diariodigitalnea.com\/?p=14395"},"modified":"2024-06-17T15:26:48","modified_gmt":"2024-06-17T15:26:48","slug":"sancionaron-a-los-miembros-de-la-fuerza-aerea-de-mendoza-tras-el-escandaloso-festejo-con-bailarinas","status":"publish","type":"post","link":"https:\/\/diariodigitalnea.com\/index.php\/2024\/06\/17\/sancionaron-a-los-miembros-de-la-fuerza-aerea-de-mendoza-tras-el-escandaloso-festejo-con-bailarinas\/","title":{"rendered":"Sancionaron a los miembros de la Fuerza A\u00e9rea de Mendoza tras el escandaloso festejo con bailarinas"},"content":{"rendered":"\n<p>Las Fuerzas Armadas repudiaron las \u00abgrav\u00edsimas\u00bb faltas que se cometieron y las se\u00f1alaron como \u00abconductas inapropiadas e indecorosas, no coincidentes con el uso del uniforme ni los valores de la Instituci\u00f3n\u00bb.<\/p>\n\n\n\n<p>Luego de que se viralizara el pol\u00e9mico video del escandaloso festejo de la Fuerza A\u00e9rea con bailarinas de comparsa en Mendoza en la localidad de El Plumerillo, durante la celebraci\u00f3n anticipada del D\u00eda del Padre, las Fuerzas Armadas dispusieron duras sanciones.<\/p>\n\n\n\n<p>A trav\u00e9s de las redes sociales, la FAA repudi\u00f3 las \u00abfaltas grav\u00edsimas\u00bb que se cometieron. La Fuerza A\u00e9rea Argentina sancion\u00f3 a los uniformados de la Brigada IV que fueron filmados este jueves.<\/p>\n\n\n\n<figure class=\"wp-block-image size-full\"><img fetchpriority=\"high\" decoding=\"async\" width=\"610\" height=\"348\" src=\"http:\/\/diariodigitalnea.com\/wp-content\/uploads\/2024\/06\/ffaa1.jpg\" alt=\"\" class=\"wp-image-14396\" srcset=\"https:\/\/diariodigitalnea.com\/wp-content\/uploads\/2024\/06\/ffaa1.jpg 610w, https:\/\/diariodigitalnea.com\/wp-content\/uploads\/2024\/06\/ffaa1-300x171.jpg 300w\" sizes=\"(max-width: 610px) 100vw, 610px\" \/><\/figure>\n\n\n\n<p>\u201cRespecto a los hechos acontecidos, se pudo observar conductas inapropiadas e indecorosas, no coincidentes con el uso del uniforme ni los valores de la Instituci\u00f3n, por parte de un grupo reducido del personal militar\u201d, escribieron en su red X.<\/p>\n\n\n\n<p>En otro posteo agregaron: \u201cLa Fuerza A\u00e9rea informa que ante lo ocurrido el jueves 13 de junio, luego de un almuerzo de camarader\u00eda sin la presencia ni conocimiento de las autoridades, el personal ya fue identificado y sancionado conforme a faltas grav\u00edsimas\u201d.<\/p>\n\n\n\n<p>En este sentido, el ministro de Seguridad, Luis Petri, precis\u00f3 que \u00aba cuatro Suboficiales Mayores, por ser los m\u00e1s antiguos, los pasamos a Retiro Obligatorio, y a otros tres les aplicaremos sanciones graves\u00bb y a\u00f1adi\u00f3: \u00abApenas supimos de los responsables, aplicamos las sanciones correspondientes\u00bb, explic\u00f3 el ministro.<\/p>\n\n\n\n<p>El video de la pol\u00e9mica celebraci\u00f3n de integrantes de la IV Brigada en Mendoza en el Casino de Suboficiales en el distrito El Plumerillo (en Las Heras), donde se ve que bailan con dos mujeres de una comparsa, se viraliz\u00f3 este viernes. En la filmaci\u00f3n se escucha m\u00fasica a todo volumen y a los uniformados bailando con las mujeres, mientras son animados por sus compa\u00f1eros.<\/p>\n","protected":false},"excerpt":{"rendered":"<p>Las Fuerzas Armadas repudiaron las \u00abgrav\u00edsimas\u00bb faltas que se cometieron y las se\u00f1alaron como \u00abconductas inapropiadas e indecorosas, no coincidentes con el uso del uniforme ni los valores de la Instituci\u00f3n\u00bb. Luego de que se viralizara el pol\u00e9mico video del escandaloso festejo de la Fuerza A\u00e9rea con bailarinas de comparsa en Mendoza en la localidad [&hellip;]<\/p>\n","protected":false},"author":3,"featured_media":14397,"comment_status":"closed","ping_status":"closed","sticky":false,"template":"","format":"standard","meta":{"om_disable_all_campaigns":false,"_monsterinsights_skip_tracking":false,"_monsterinsights_sitenote_active":false,"_monsterinsights_sitenote_note":"","_monsterinsights_sitenote_category":0,"footnotes":""},"categories":[90,52],"tags":[4298,4299,4297,4296,207],"class_list":["post-14395","post","type-post","status-publish","format-standard","has-post-thumbnail","hentry","category-nacionales","category-policiales","tag-acciones-indecorosas","tag-conductas-inapropiadas","tag-despidos","tag-fuerza-aerea","tag-mendoza"],"aioseo_notices":[],"amp_enabled":true,"_links":{"self":[{"href":"https:\/\/diariodigitalnea.com\/index.php\/wp-json\/wp\/v2\/posts\/14395","targetHints":{"allow":["GET"]}}],"collection":[{"href":"https:\/\/diariodigitalnea.com\/index.php\/wp-json\/wp\/v2\/posts"}],"about":[{"href":"https:\/\/diariodigitalnea.com\/index.php\/wp-json\/wp\/v2\/types\/post"}],"author":[{"embeddable":true,"href":"https:\/\/diariodigitalnea.com\/index.php\/wp-json\/wp\/v2\/users\/3"}],"replies":[{"embeddable":true,"href":"https:\/\/diariodigitalnea.com\/index.php\/wp-json\/wp\/v2\/comments?post=14395"}],"version-history":[{"count":1,"href":"https:\/\/diariodigitalnea.com\/index.php\/wp-json\/wp\/v2\/posts\/14395\/revisions"}],"predecessor-version":[{"id":14398,"href":"https:\/\/diariodigitalnea.com\/index.php\/wp-json\/wp\/v2\/posts\/14395\/revisions\/14398"}],"wp:featuredmedia":[{"embeddable":true,"href":"https:\/\/diariodigitalnea.com\/index.php\/wp-json\/wp\/v2\/media\/14397"}],"wp:attachment":[{"href":"https:\/\/diariodigitalnea.com\/index.php\/wp-json\/wp\/v2\/media?parent=14395"}],"wp:term":[{"taxonomy":"category","embeddable":true,"href":"https:\/\/diariodigitalnea.com\/index.php\/wp-json\/wp\/v2\/categories?post=14395"},{"taxonomy":"post_tag","embeddable":true,"href":"https:\/\/diariodigitalnea.com\/index.php\/wp-json\/wp\/v2\/tags?post=14395"}],"curies":[{"name":"wp","href":"https:\/\/api.w.org\/{rel}","templated":true}]}}