{"id":14309,"date":"2024-06-10T13:57:04","date_gmt":"2024-06-10T13:57:04","guid":{"rendered":"https:\/\/diariodigitalnea.com\/?p=14309"},"modified":"2024-06-10T13:57:04","modified_gmt":"2024-06-10T13:57:04","slug":"food-trucks-cerveceros-emprendedores-y-musica-en-el-festival-sobre-ruedas","status":"publish","type":"post","link":"https:\/\/diariodigitalnea.com\/index.php\/2024\/06\/10\/food-trucks-cerveceros-emprendedores-y-musica-en-el-festival-sobre-ruedas\/","title":{"rendered":"Food trucks, cerveceros, emprendedores y m\u00fasica en el festival sobre ruedas"},"content":{"rendered":"\n<p>El Festival Sobre Ruedas que se realiza en la pista de atletismo del Parque Intercultural \u201c2 de Febrero\u201d, congreg\u00f3 a gran cantidad de gente que apreci\u00f3 el espect\u00e1culo art\u00edstico, libre y gratuito, adem\u00e1s de disfrutar de los food trucks, cerveceros y emprendedores que tuvieron la oportunidad de comercializar sus productos. Este domingo, desde las 16 horas, continuar\u00e1 el evento.<\/p>\n\n\n\n<p><\/p>\n\n\n\n<p>Con el acompa\u00f1amiento de la Municipalidad de Resistencia, esta iniciativa brinda a la comunidad un espacio de recreaci\u00f3n pero, a la vez, permite a los comerciantes contar con una gran oportunidad de venta.<\/p>\n\n\n\n<figure class=\"wp-block-image size-large\"><img fetchpriority=\"high\" decoding=\"async\" width=\"1024\" height=\"513\" src=\"http:\/\/diariodigitalnea.com\/wp-content\/uploads\/2023\/05\/ENCUENTRO-IG-Verde-copy-1024x513.jpg\" alt=\"PUBLICIDAD\" class=\"wp-image-8132\" srcset=\"https:\/\/diariodigitalnea.com\/wp-content\/uploads\/2023\/05\/ENCUENTRO-IG-Verde-copy-1024x513.jpg 1024w, https:\/\/diariodigitalnea.com\/wp-content\/uploads\/2023\/05\/ENCUENTRO-IG-Verde-copy-300x150.jpg 300w, https:\/\/diariodigitalnea.com\/wp-content\/uploads\/2023\/05\/ENCUENTRO-IG-Verde-copy-768x385.jpg 768w, https:\/\/diariodigitalnea.com\/wp-content\/uploads\/2023\/05\/ENCUENTRO-IG-Verde-copy-1536x769.jpg 1536w, https:\/\/diariodigitalnea.com\/wp-content\/uploads\/2023\/05\/ENCUENTRO-IG-Verde-copy-2048x1026.jpg 2048w\" sizes=\"(max-width: 1024px) 100vw, 1024px\" \/><figcaption class=\"wp-element-caption\">Publicidad: Encuentro Tienda de Bebidas, Chile 190 Local 4 \u2013 Tel: 3624386655 &#8211; Gral San Mart\u00edn<\/figcaption><\/figure>\n\n\n\n<p>As\u00ed lo consider\u00f3 Daniel Meza, un vecino que disfrut\u00f3 del s\u00e1bado, diciendo que \u201ces excelente, adem\u00e1s les brinda una oportunidad de trabajo a la gente, es muy bueno para todos\u201d.<\/p>\n\n\n\n<figure class=\"wp-block-gallery has-nested-images columns-default is-cropped wp-block-gallery-1 is-layout-flex wp-block-gallery-is-layout-flex\">\n<figure class=\"wp-block-image size-large\"><img decoding=\"async\" width=\"1024\" height=\"738\" data-id=\"14316\" src=\"https:\/\/diariodigitalnea.com\/wp-content\/uploads\/2024\/06\/WhatsApp-Image-2024-06-09-at-11.46.10-1-1024x738.jpeg\" alt=\"\" class=\"wp-image-14316\" srcset=\"https:\/\/diariodigitalnea.com\/wp-content\/uploads\/2024\/06\/WhatsApp-Image-2024-06-09-at-11.46.10-1-1024x738.jpeg 1024w, https:\/\/diariodigitalnea.com\/wp-content\/uploads\/2024\/06\/WhatsApp-Image-2024-06-09-at-11.46.10-1-300x216.jpeg 300w, https:\/\/diariodigitalnea.com\/wp-content\/uploads\/2024\/06\/WhatsApp-Image-2024-06-09-at-11.46.10-1-768x554.jpeg 768w, https:\/\/diariodigitalnea.com\/wp-content\/uploads\/2024\/06\/WhatsApp-Image-2024-06-09-at-11.46.10-1-1536x1108.jpeg 1536w, https:\/\/diariodigitalnea.com\/wp-content\/uploads\/2024\/06\/WhatsApp-Image-2024-06-09-at-11.46.10-1-2048x1477.jpeg 2048w\" sizes=\"(max-width: 1024px) 100vw, 1024px\" \/><\/figure>\n\n\n\n<figure class=\"wp-block-image size-large\"><img decoding=\"async\" width=\"1024\" height=\"683\" data-id=\"14311\" src=\"https:\/\/diariodigitalnea.com\/wp-content\/uploads\/2024\/06\/WhatsApp-Image-2024-06-09-at-11.46.08-1-1024x683.jpeg\" alt=\"\" class=\"wp-image-14311\" srcset=\"https:\/\/diariodigitalnea.com\/wp-content\/uploads\/2024\/06\/WhatsApp-Image-2024-06-09-at-11.46.08-1-1024x683.jpeg 1024w, https:\/\/diariodigitalnea.com\/wp-content\/uploads\/2024\/06\/WhatsApp-Image-2024-06-09-at-11.46.08-1-300x200.jpeg 300w, https:\/\/diariodigitalnea.com\/wp-content\/uploads\/2024\/06\/WhatsApp-Image-2024-06-09-at-11.46.08-1-768x512.jpeg 768w, https:\/\/diariodigitalnea.com\/wp-content\/uploads\/2024\/06\/WhatsApp-Image-2024-06-09-at-11.46.08-1-1536x1024.jpeg 1536w, https:\/\/diariodigitalnea.com\/wp-content\/uploads\/2024\/06\/WhatsApp-Image-2024-06-09-at-11.46.08-1-2048x1365.jpeg 2048w, https:\/\/diariodigitalnea.com\/wp-content\/uploads\/2024\/06\/WhatsApp-Image-2024-06-09-at-11.46.08-1-900x600.jpeg 900w\" sizes=\"(max-width: 1024px) 100vw, 1024px\" \/><\/figure>\n\n\n\n<figure class=\"wp-block-image size-large\"><img loading=\"lazy\" decoding=\"async\" width=\"1024\" height=\"662\" data-id=\"14317\" src=\"https:\/\/diariodigitalnea.com\/wp-content\/uploads\/2024\/06\/WhatsApp-Image-2024-06-09-at-11.46.07-1024x662.jpeg\" alt=\"\" class=\"wp-image-14317\" srcset=\"https:\/\/diariodigitalnea.com\/wp-content\/uploads\/2024\/06\/WhatsApp-Image-2024-06-09-at-11.46.07-1024x662.jpeg 1024w, https:\/\/diariodigitalnea.com\/wp-content\/uploads\/2024\/06\/WhatsApp-Image-2024-06-09-at-11.46.07-300x194.jpeg 300w, https:\/\/diariodigitalnea.com\/wp-content\/uploads\/2024\/06\/WhatsApp-Image-2024-06-09-at-11.46.07-768x496.jpeg 768w, https:\/\/diariodigitalnea.com\/wp-content\/uploads\/2024\/06\/WhatsApp-Image-2024-06-09-at-11.46.07-1536x993.jpeg 1536w, https:\/\/diariodigitalnea.com\/wp-content\/uploads\/2024\/06\/WhatsApp-Image-2024-06-09-at-11.46.07-2048x1324.jpeg 2048w\" sizes=\"(max-width: 1024px) 100vw, 1024px\" \/><\/figure>\n\n\n\n<figure class=\"wp-block-image size-large\"><img loading=\"lazy\" decoding=\"async\" width=\"1024\" height=\"683\" data-id=\"14313\" src=\"https:\/\/diariodigitalnea.com\/wp-content\/uploads\/2024\/06\/WhatsApp-Image-2024-06-09-at-11.46.10-1024x683.jpeg\" alt=\"\" class=\"wp-image-14313\" srcset=\"https:\/\/diariodigitalnea.com\/wp-content\/uploads\/2024\/06\/WhatsApp-Image-2024-06-09-at-11.46.10-1024x683.jpeg 1024w, https:\/\/diariodigitalnea.com\/wp-content\/uploads\/2024\/06\/WhatsApp-Image-2024-06-09-at-11.46.10-300x200.jpeg 300w, https:\/\/diariodigitalnea.com\/wp-content\/uploads\/2024\/06\/WhatsApp-Image-2024-06-09-at-11.46.10-768x512.jpeg 768w, https:\/\/diariodigitalnea.com\/wp-content\/uploads\/2024\/06\/WhatsApp-Image-2024-06-09-at-11.46.10-1536x1024.jpeg 1536w, https:\/\/diariodigitalnea.com\/wp-content\/uploads\/2024\/06\/WhatsApp-Image-2024-06-09-at-11.46.10-2048x1365.jpeg 2048w, https:\/\/diariodigitalnea.com\/wp-content\/uploads\/2024\/06\/WhatsApp-Image-2024-06-09-at-11.46.10-900x600.jpeg 900w\" sizes=\"(max-width: 1024px) 100vw, 1024px\" \/><\/figure>\n\n\n\n<figure class=\"wp-block-image size-large\"><img loading=\"lazy\" decoding=\"async\" width=\"1024\" height=\"630\" data-id=\"14318\" src=\"https:\/\/diariodigitalnea.com\/wp-content\/uploads\/2024\/06\/WhatsApp-Image-2024-06-09-at-11.46.09-1024x630.jpeg\" alt=\"\" class=\"wp-image-14318\" srcset=\"https:\/\/diariodigitalnea.com\/wp-content\/uploads\/2024\/06\/WhatsApp-Image-2024-06-09-at-11.46.09-1024x630.jpeg 1024w, https:\/\/diariodigitalnea.com\/wp-content\/uploads\/2024\/06\/WhatsApp-Image-2024-06-09-at-11.46.09-300x185.jpeg 300w, https:\/\/diariodigitalnea.com\/wp-content\/uploads\/2024\/06\/WhatsApp-Image-2024-06-09-at-11.46.09-768x473.jpeg 768w, https:\/\/diariodigitalnea.com\/wp-content\/uploads\/2024\/06\/WhatsApp-Image-2024-06-09-at-11.46.09-1536x946.jpeg 1536w, https:\/\/diariodigitalnea.com\/wp-content\/uploads\/2024\/06\/WhatsApp-Image-2024-06-09-at-11.46.09-2048x1261.jpeg 2048w\" sizes=\"(max-width: 1024px) 100vw, 1024px\" \/><\/figure>\n<\/figure>\n\n\n\n<p>De la misma forma habl\u00f3 Cristian Ru\u00edz D\u00edaz, representante de la Asociaci\u00f3n de Food Trucks del NEA. \u201cEs un espect\u00e1culo a pleno el que se brinda y con un clima ideal, una oportunidad inmejorable para pasar un buen fin de semana\u201d.<\/p>\n\n\n\n<p><\/p>\n\n\n\n<p>\u201cContamos con m\u00e1s de 20 carros y 15 cerveceros artesanales, adem\u00e1s de la Feria de Emprendedores, esto nos ayuda para salir adelante\u201d, subray\u00f3.<\/p>\n\n\n\n<p><\/p>\n\n\n\n<p>En tanto, B\u00e1rbara L\u00f6sch Rosciani, secretaria de Cultura y Turismo municipal, expres\u00f3: \u201cEsta es la primera edici\u00f3n del festival en nuestra gesti\u00f3n, es espectacular e invitamos a la gente a que se acerque\u201d.<\/p>\n\n\n\n<figure class=\"wp-block-image size-large\"><img loading=\"lazy\" decoding=\"async\" width=\"1024\" height=\"513\" src=\"http:\/\/diariodigitalnea.com\/wp-content\/uploads\/2024\/04\/publi-GEMA-1024x513.jpg\" alt=\"publicidad\" class=\"wp-image-13586\" srcset=\"https:\/\/diariodigitalnea.com\/wp-content\/uploads\/2024\/04\/publi-GEMA-1024x513.jpg 1024w, https:\/\/diariodigitalnea.com\/wp-content\/uploads\/2024\/04\/publi-GEMA-300x150.jpg 300w, https:\/\/diariodigitalnea.com\/wp-content\/uploads\/2024\/04\/publi-GEMA-768x385.jpg 768w, https:\/\/diariodigitalnea.com\/wp-content\/uploads\/2024\/04\/publi-GEMA-1536x769.jpg 1536w, https:\/\/diariodigitalnea.com\/wp-content\/uploads\/2024\/04\/publi-GEMA.jpg 1977w\" sizes=\"(max-width: 1024px) 100vw, 1024px\" \/><figcaption class=\"wp-element-caption\">Publicidad: Gema Oufit @gemahoufit Rcia \u2013 Contacto: 3624391672<\/figcaption><\/figure>\n\n\n\n<p>\u201cHay de todo, desde la presentaci\u00f3n de las escuelas municipales de danzas cl\u00e1sicas e internacionales como la de folclore Huellas Argentinas, pero tambi\u00e9n contamos con los chicos de la escuela de discjockey de Resistencia, estas son parte de las acciones que genera el Municipio\u201d, puntualiz\u00f3.<\/p>\n\n\n\n<figure class=\"wp-block-image size-large\"><img loading=\"lazy\" decoding=\"async\" width=\"1024\" height=\"607\" src=\"http:\/\/diariodigitalnea.com\/wp-content\/uploads\/2023\/11\/DDN-FOTO-PC-Y-CEL-1024x607.jpg\" alt=\"publicidad\" class=\"wp-image-11794\" srcset=\"https:\/\/diariodigitalnea.com\/wp-content\/uploads\/2023\/11\/DDN-FOTO-PC-Y-CEL-1024x607.jpg 1024w, https:\/\/diariodigitalnea.com\/wp-content\/uploads\/2023\/11\/DDN-FOTO-PC-Y-CEL-300x178.jpg 300w, https:\/\/diariodigitalnea.com\/wp-content\/uploads\/2023\/11\/DDN-FOTO-PC-Y-CEL-768x455.jpg 768w, https:\/\/diariodigitalnea.com\/wp-content\/uploads\/2023\/11\/DDN-FOTO-PC-Y-CEL-1536x910.jpg 1536w, https:\/\/diariodigitalnea.com\/wp-content\/uploads\/2023\/11\/DDN-FOTO-PC-Y-CEL.jpg 2000w\" sizes=\"(max-width: 1024px) 100vw, 1024px\" \/><figcaption class=\"wp-element-caption\">Diario Digital Nea. Noticias de la regi\u00f3n y el mundo. <\/figcaption><\/figure>\n","protected":false},"excerpt":{"rendered":"<p>El Festival Sobre Ruedas que se realiza en la pista de atletismo del Parque Intercultural \u201c2 de Febrero\u201d, congreg\u00f3 a gran cantidad de gente que apreci\u00f3 el espect\u00e1culo art\u00edstico, libre y gratuito, adem\u00e1s de disfrutar de los food trucks, cerveceros y emprendedores que tuvieron la oportunidad de comercializar sus productos. Este domingo, desde las 16 [&hellip;]<\/p>\n","protected":false},"author":4,"featured_media":14315,"comment_status":"closed","ping_status":"closed","sticky":false,"template":"","format":"standard","meta":{"om_disable_all_campaigns":false,"_monsterinsights_skip_tracking":false,"_monsterinsights_sitenote_active":false,"_monsterinsights_sitenote_note":"","_monsterinsights_sitenote_category":0,"footnotes":""},"categories":[53,7],"tags":[407,49],"class_list":["post-14309","post","type-post","status-publish","format-standard","has-post-thumbnail","hentry","category-cultura","category-espectaculos","tag-cerveceros","tag-musica"],"aioseo_notices":[],"amp_enabled":true,"_links":{"self":[{"href":"https:\/\/diariodigitalnea.com\/index.php\/wp-json\/wp\/v2\/posts\/14309","targetHints":{"allow":["GET"]}}],"collection":[{"href":"https:\/\/diariodigitalnea.com\/index.php\/wp-json\/wp\/v2\/posts"}],"about":[{"href":"https:\/\/diariodigitalnea.com\/index.php\/wp-json\/wp\/v2\/types\/post"}],"author":[{"embeddable":true,"href":"https:\/\/diariodigitalnea.com\/index.php\/wp-json\/wp\/v2\/users\/4"}],"replies":[{"embeddable":true,"href":"https:\/\/diariodigitalnea.com\/index.php\/wp-json\/wp\/v2\/comments?post=14309"}],"version-history":[{"count":1,"href":"https:\/\/diariodigitalnea.com\/index.php\/wp-json\/wp\/v2\/posts\/14309\/revisions"}],"predecessor-version":[{"id":14319,"href":"https:\/\/diariodigitalnea.com\/index.php\/wp-json\/wp\/v2\/posts\/14309\/revisions\/14319"}],"wp:featuredmedia":[{"embeddable":true,"href":"https:\/\/diariodigitalnea.com\/index.php\/wp-json\/wp\/v2\/media\/14315"}],"wp:attachment":[{"href":"https:\/\/diariodigitalnea.com\/index.php\/wp-json\/wp\/v2\/media?parent=14309"}],"wp:term":[{"taxonomy":"category","embeddable":true,"href":"https:\/\/diariodigitalnea.com\/index.php\/wp-json\/wp\/v2\/categories?post=14309"},{"taxonomy":"post_tag","embeddable":true,"href":"https:\/\/diariodigitalnea.com\/index.php\/wp-json\/wp\/v2\/tags?post=14309"}],"curies":[{"name":"wp","href":"https:\/\/api.w.org\/{rel}","templated":true}]}}