{"id":14298,"date":"2024-06-07T12:12:03","date_gmt":"2024-06-07T12:12:03","guid":{"rendered":"https:\/\/diariodigitalnea.com\/?p=14298"},"modified":"2024-06-07T12:12:03","modified_gmt":"2024-06-07T12:12:03","slug":"el-chaqueno-echeverri-entre-los-treinta-mejores-juveniles-del-mundo","status":"publish","type":"post","link":"https:\/\/diariodigitalnea.com\/index.php\/2024\/06\/07\/el-chaqueno-echeverri-entre-los-treinta-mejores-juveniles-del-mundo\/","title":{"rendered":"El chaque\u00f1o Echeverri, entre los treinta mejores juveniles del mundo"},"content":{"rendered":"\n<p>El chaque\u00f1o que sobresale en River Plate tiene su futuro en el Manchester City al que fue transferido. Es puro talento y jerarqu\u00eda.<\/p>\n\n\n\n<p><\/p>\n\n\n\n<p>Claudio Echeverri, la gran promesa surgida de las divisiones inferiores de River y recientemente vendido al Manchester City, fue seleccionado como uno de los 30 mejores futbolistas juveniles del mundo, seg\u00fan el diario franc\u00e9s L\u00bb Equipe.<\/p>\n\n\n\n<figure class=\"wp-block-image size-large\"><img fetchpriority=\"high\" decoding=\"async\" width=\"1024\" height=\"513\" src=\"http:\/\/diariodigitalnea.com\/wp-content\/uploads\/2023\/05\/ENCUENTRO-IG-Verde-copy-1024x513.jpg\" alt=\"PUBLICIDAD\" class=\"wp-image-8132\" srcset=\"https:\/\/diariodigitalnea.com\/wp-content\/uploads\/2023\/05\/ENCUENTRO-IG-Verde-copy-1024x513.jpg 1024w, https:\/\/diariodigitalnea.com\/wp-content\/uploads\/2023\/05\/ENCUENTRO-IG-Verde-copy-300x150.jpg 300w, https:\/\/diariodigitalnea.com\/wp-content\/uploads\/2023\/05\/ENCUENTRO-IG-Verde-copy-768x385.jpg 768w, https:\/\/diariodigitalnea.com\/wp-content\/uploads\/2023\/05\/ENCUENTRO-IG-Verde-copy-1536x769.jpg 1536w, https:\/\/diariodigitalnea.com\/wp-content\/uploads\/2023\/05\/ENCUENTRO-IG-Verde-copy-2048x1026.jpg 2048w\" sizes=\"(max-width: 1024px) 100vw, 1024px\" \/><figcaption class=\"wp-element-caption\">Publicidad: Encuentro Tienda de Bebidas, Chile 190 Local 4 \u2013 Tel: 3624386655 &#8211; Gral San Mart\u00edn<\/figcaption><\/figure>\n\n\n\n<p>Este reconocimiento destac\u00f3 a Echeverri como uno de los talentos m\u00e1s prometedores a nivel global, situ\u00e1ndolo en el puesto 22 de la lista que incluye a los jugadores nacidos desde 2005 en adelante. El chaque\u00f1o es el \u00fanico argentino en el listado, lo que subraya a\u00fan m\u00e1s su destacada proyecci\u00f3n internacional. Echeverri, con solo 18 a\u00f1os y nacido en 2006, super\u00f3 en el ranking a otras j\u00f3venes estrellas como Vitor Roque, el delantero brasile\u00f1o del Barcelona.<\/p>\n\n\n\n<p><\/p>\n\n\n\n<p>Echeverri, con 18 a\u00f1os, se destaca entre sus contempor\u00e1neos, muchos de los cuales ya est\u00e1n haciendo su marca en las ligas europeas. Dentro del top ten, hay otros dos sudamericanos: el brasile\u00f1o Endrick, que ocupa el cuarto puesto, y el ecuatoriano Kendry P\u00e1ez, ubicado en la octava posici\u00f3n, reflejando la creciente influencia del talento sudamericano en el f\u00fatbol global.<\/p>\n\n\n\n<figure class=\"wp-block-image size-full\"><img decoding=\"async\" width=\"904\" height=\"610\" src=\"https:\/\/diariodigitalnea.com\/wp-content\/uploads\/2024\/06\/echeverri02.jpg\" alt=\"\" class=\"wp-image-14299\" srcset=\"https:\/\/diariodigitalnea.com\/wp-content\/uploads\/2024\/06\/echeverri02.jpg 904w, https:\/\/diariodigitalnea.com\/wp-content\/uploads\/2024\/06\/echeverri02-300x202.jpg 300w, https:\/\/diariodigitalnea.com\/wp-content\/uploads\/2024\/06\/echeverri02-768x518.jpg 768w\" sizes=\"(max-width: 904px) 100vw, 904px\" \/><\/figure>\n\n\n\n<p>En los primeros lugares de esta prestigiosa lista se encuentra el espa\u00f1ol Lamine Yamal, quien con solo 16 a\u00f1os ya ha logrado consolidarse en el primer equipo del Barcelona y ha sido convocado a la selecci\u00f3n nacional de Espa\u00f1a. Le siguen el franc\u00e9s Warren Zaire-Emery, del Par\u00eds Saint-Germain, y el ingl\u00e9s Kobbie Mainoo, que juega tanto en el Manchester United como en la selecci\u00f3n inglesa.<\/p>\n\n\n\n<p><\/p>\n\n\n\n<p>EN BUSCA DE ALEXIS S\u00c1NCHEZ<\/p>\n\n\n\n<p>River, que ya sum\u00f3 su primer refuerzo en las \u00faltimas horas, buscar\u00e1 tentar a Alexis S\u00e1nchez para que tenga un segundo ciclo en el club y as\u00ed perfilarse como uno de los candidatos a conquistar la Libertadores y la Liga Profesional.<\/p>\n\n\n\n<figure class=\"wp-block-image size-large\"><img decoding=\"async\" width=\"1024\" height=\"513\" src=\"http:\/\/diariodigitalnea.com\/wp-content\/uploads\/2024\/04\/publi-GEMA-1024x513.jpg\" alt=\"publicidad\" class=\"wp-image-13586\" srcset=\"https:\/\/diariodigitalnea.com\/wp-content\/uploads\/2024\/04\/publi-GEMA-1024x513.jpg 1024w, https:\/\/diariodigitalnea.com\/wp-content\/uploads\/2024\/04\/publi-GEMA-300x150.jpg 300w, https:\/\/diariodigitalnea.com\/wp-content\/uploads\/2024\/04\/publi-GEMA-768x385.jpg 768w, https:\/\/diariodigitalnea.com\/wp-content\/uploads\/2024\/04\/publi-GEMA-1536x769.jpg 1536w, https:\/\/diariodigitalnea.com\/wp-content\/uploads\/2024\/04\/publi-GEMA.jpg 1977w\" sizes=\"(max-width: 1024px) 100vw, 1024px\" \/><figcaption class=\"wp-element-caption\">Publicidad: Gema Oufit @gemahoufit Rcia \u2013 Contacto: 3624391672<\/figcaption><\/figure>\n\n\n\n<p>El delantero que afrontar\u00e1 la Copa Am\u00e9rica con la selecci\u00f3n de Chile tuvo varios contactos con los dirigentes en los \u00faltimos meses y a fines de junio quedar\u00e1 con el pase en su poder, luego de no renovar contrato con el Inter de Mil\u00e1n.<\/p>\n\n\n\n<p><\/p>\n\n\n\n<p>La primera contrataci\u00f3n de la entidad de N\u00fa\u00f1ez es Felipe Pe\u00f1a Biafore, mediocampista surgido en el club, que se encuentra a pr\u00e9stamo en Lan\u00fas y por quien utilizar\u00e1n la cl\u00e1usula repesca.<\/p>\n\n\n\n<figure class=\"wp-block-image size-large\"><img loading=\"lazy\" decoding=\"async\" width=\"1024\" height=\"607\" src=\"http:\/\/diariodigitalnea.com\/wp-content\/uploads\/2023\/11\/DDN-FOTO-PC-Y-CEL-1024x607.jpg\" alt=\"publicidad\" class=\"wp-image-11794\" srcset=\"https:\/\/diariodigitalnea.com\/wp-content\/uploads\/2023\/11\/DDN-FOTO-PC-Y-CEL-1024x607.jpg 1024w, https:\/\/diariodigitalnea.com\/wp-content\/uploads\/2023\/11\/DDN-FOTO-PC-Y-CEL-300x178.jpg 300w, https:\/\/diariodigitalnea.com\/wp-content\/uploads\/2023\/11\/DDN-FOTO-PC-Y-CEL-768x455.jpg 768w, https:\/\/diariodigitalnea.com\/wp-content\/uploads\/2023\/11\/DDN-FOTO-PC-Y-CEL-1536x910.jpg 1536w, https:\/\/diariodigitalnea.com\/wp-content\/uploads\/2023\/11\/DDN-FOTO-PC-Y-CEL.jpg 2000w\" sizes=\"(max-width: 1024px) 100vw, 1024px\" \/><figcaption class=\"wp-element-caption\">Diario Digital Nea. Noticias de la regi\u00f3n y el mundo. <\/figcaption><\/figure>\n","protected":false},"excerpt":{"rendered":"<p>El chaque\u00f1o que sobresale en River Plate tiene su futuro en el Manchester City al que fue transferido. Es puro talento y jerarqu\u00eda. Claudio Echeverri, la gran promesa surgida de las divisiones inferiores de River y recientemente vendido al Manchester City, fue seleccionado como uno de los 30 mejores futbolistas juveniles del mundo, seg\u00fan el [&hellip;]<\/p>\n","protected":false},"author":4,"featured_media":14300,"comment_status":"closed","ping_status":"closed","sticky":false,"template":"","format":"standard","meta":{"om_disable_all_campaigns":false,"_monsterinsights_skip_tracking":false,"_monsterinsights_sitenote_active":false,"_monsterinsights_sitenote_note":"","_monsterinsights_sitenote_category":0,"footnotes":""},"categories":[6,90],"tags":[2508,11],"class_list":["post-14298","post","type-post","status-publish","format-standard","has-post-thumbnail","hentry","category-deporte","category-nacionales","tag-echeverri","tag-futbol"],"aioseo_notices":[],"amp_enabled":true,"_links":{"self":[{"href":"https:\/\/diariodigitalnea.com\/index.php\/wp-json\/wp\/v2\/posts\/14298","targetHints":{"allow":["GET"]}}],"collection":[{"href":"https:\/\/diariodigitalnea.com\/index.php\/wp-json\/wp\/v2\/posts"}],"about":[{"href":"https:\/\/diariodigitalnea.com\/index.php\/wp-json\/wp\/v2\/types\/post"}],"author":[{"embeddable":true,"href":"https:\/\/diariodigitalnea.com\/index.php\/wp-json\/wp\/v2\/users\/4"}],"replies":[{"embeddable":true,"href":"https:\/\/diariodigitalnea.com\/index.php\/wp-json\/wp\/v2\/comments?post=14298"}],"version-history":[{"count":1,"href":"https:\/\/diariodigitalnea.com\/index.php\/wp-json\/wp\/v2\/posts\/14298\/revisions"}],"predecessor-version":[{"id":14301,"href":"https:\/\/diariodigitalnea.com\/index.php\/wp-json\/wp\/v2\/posts\/14298\/revisions\/14301"}],"wp:featuredmedia":[{"embeddable":true,"href":"https:\/\/diariodigitalnea.com\/index.php\/wp-json\/wp\/v2\/media\/14300"}],"wp:attachment":[{"href":"https:\/\/diariodigitalnea.com\/index.php\/wp-json\/wp\/v2\/media?parent=14298"}],"wp:term":[{"taxonomy":"category","embeddable":true,"href":"https:\/\/diariodigitalnea.com\/index.php\/wp-json\/wp\/v2\/categories?post=14298"},{"taxonomy":"post_tag","embeddable":true,"href":"https:\/\/diariodigitalnea.com\/index.php\/wp-json\/wp\/v2\/tags?post=14298"}],"curies":[{"name":"wp","href":"https:\/\/api.w.org\/{rel}","templated":true}]}}