{"id":14274,"date":"2024-06-05T11:59:14","date_gmt":"2024-06-05T11:59:14","guid":{"rendered":"https:\/\/diariodigitalnea.com\/?p=14274"},"modified":"2024-06-05T12:00:36","modified_gmt":"2024-06-05T12:00:36","slug":"esquivo-a-un-perro-en-ruta-11-y-termino-despistando-y-con-el-auto-explotado","status":"publish","type":"post","link":"https:\/\/diariodigitalnea.com\/index.php\/2024\/06\/05\/esquivo-a-un-perro-en-ruta-11-y-termino-despistando-y-con-el-auto-explotado\/","title":{"rendered":"Esquiv\u00f3 a un perro en Ruta 11 y termin\u00f3 despistando y con el auto explotado"},"content":{"rendered":"\n<p>Un joven de 28 a\u00f1os logr\u00f3 salir de su veh\u00edculo antes de que explotara y se incendiara.<\/p>\n\n\n\n<p><\/p>\n\n\n\n<p>Esta madrugada, alrededor de la 01:30 horas, se registr\u00f3 un incidente en la intersecci\u00f3n de la Avenida Martina y la Ruta Nacional 11, donde un veh\u00edculo marca Fiat Bravo se incendi\u00f3 y explot\u00f3 en dos ocasiones. Afortunadamente, no hubo personas lesionadas en el siniestro.<\/p>\n\n\n\n<p><\/p>\n\n\n\n<p>El conductor del veh\u00edculo, un joven de 28 a\u00f1os, relat\u00f3 a las autoridades que el hecho se produjo cuando un perro se atraves\u00f3 en su camino. Al intentar maniobrar para evitar al animal, perdi\u00f3 el control del autom\u00f3vil, lo que result\u00f3 en el despiste, ca\u00edda a una cuneta y en el incendio del mismo.<\/p>\n\n\n\n<figure class=\"wp-block-image size-large\"><img fetchpriority=\"high\" decoding=\"async\" width=\"1024\" height=\"513\" src=\"http:\/\/diariodigitalnea.com\/wp-content\/uploads\/2023\/05\/ENCUENTRO-IG-Verde-copy-1024x513.jpg\" alt=\"PUBLICIDAD\" class=\"wp-image-8132\" srcset=\"https:\/\/diariodigitalnea.com\/wp-content\/uploads\/2023\/05\/ENCUENTRO-IG-Verde-copy-1024x513.jpg 1024w, https:\/\/diariodigitalnea.com\/wp-content\/uploads\/2023\/05\/ENCUENTRO-IG-Verde-copy-300x150.jpg 300w, https:\/\/diariodigitalnea.com\/wp-content\/uploads\/2023\/05\/ENCUENTRO-IG-Verde-copy-768x385.jpg 768w, https:\/\/diariodigitalnea.com\/wp-content\/uploads\/2023\/05\/ENCUENTRO-IG-Verde-copy-1536x769.jpg 1536w, https:\/\/diariodigitalnea.com\/wp-content\/uploads\/2023\/05\/ENCUENTRO-IG-Verde-copy-2048x1026.jpg 2048w\" sizes=\"(max-width: 1024px) 100vw, 1024px\" \/><figcaption class=\"wp-element-caption\">Publicidad: Encuentro Tienda de Bebidas, Chile 190 Local 4 \u2013 Tel: 3624386655 &#8211; Gral San Mart\u00edn<\/figcaption><\/figure>\n\n\n\n<p>Al lugar del hecho acudieron efectivos de bomberos, quienes se hicieron presentes para realizar las tareas espec\u00edficas y extinguir el fuego del veh\u00edculo.<\/p>\n\n\n\n<figure class=\"wp-block-image size-full\"><img decoding=\"async\" width=\"1000\" height=\"586\" src=\"https:\/\/diariodigitalnea.com\/wp-content\/uploads\/2024\/06\/auto2.jpg\" alt=\"\" class=\"wp-image-14275\" srcset=\"https:\/\/diariodigitalnea.com\/wp-content\/uploads\/2024\/06\/auto2.jpg 1000w, https:\/\/diariodigitalnea.com\/wp-content\/uploads\/2024\/06\/auto2-300x176.jpg 300w, https:\/\/diariodigitalnea.com\/wp-content\/uploads\/2024\/06\/auto2-768x450.jpg 768w\" sizes=\"(max-width: 1000px) 100vw, 1000px\" \/><\/figure>\n\n\n\n<p>Asimismo, se solicit\u00f3 la presencia de una ambulancia de manera preventiva. Al conductor lo examinaron en el lugar y le dieron el alta sin necesidad de trasladarlo a un centro de salud.<\/p>\n\n\n\n<p><\/p>\n\n\n\n<p>Finalmente, se realiz\u00f3 un acta de constataci\u00f3n y el veh\u00edculo fue entregado a su propietario en el estado en que se encontraba.<\/p>\n\n\n\n<figure class=\"wp-block-image size-large\"><img decoding=\"async\" width=\"1024\" height=\"607\" src=\"http:\/\/diariodigitalnea.com\/wp-content\/uploads\/2023\/11\/DDN-FOTO-PC-Y-CEL-1024x607.jpg\" alt=\"publicidad\" class=\"wp-image-11794\" srcset=\"https:\/\/diariodigitalnea.com\/wp-content\/uploads\/2023\/11\/DDN-FOTO-PC-Y-CEL-1024x607.jpg 1024w, https:\/\/diariodigitalnea.com\/wp-content\/uploads\/2023\/11\/DDN-FOTO-PC-Y-CEL-300x178.jpg 300w, https:\/\/diariodigitalnea.com\/wp-content\/uploads\/2023\/11\/DDN-FOTO-PC-Y-CEL-768x455.jpg 768w, https:\/\/diariodigitalnea.com\/wp-content\/uploads\/2023\/11\/DDN-FOTO-PC-Y-CEL-1536x910.jpg 1536w, https:\/\/diariodigitalnea.com\/wp-content\/uploads\/2023\/11\/DDN-FOTO-PC-Y-CEL.jpg 2000w\" sizes=\"(max-width: 1024px) 100vw, 1024px\" \/><figcaption class=\"wp-element-caption\">Diario Digital Nea. Noticias de la regi\u00f3n y el mundo. <\/figcaption><\/figure>\n","protected":false},"excerpt":{"rendered":"<p>Un joven de 28 a\u00f1os logr\u00f3 salir de su veh\u00edculo antes de que explotara y se incendiara. Esta madrugada, alrededor de la 01:30 horas, se registr\u00f3 un incidente en la intersecci\u00f3n de la Avenida Martina y la Ruta Nacional 11, donde un veh\u00edculo marca Fiat Bravo se incendi\u00f3 y explot\u00f3 en dos ocasiones. Afortunadamente, no [&hellip;]<\/p>\n","protected":false},"author":4,"featured_media":14276,"comment_status":"closed","ping_status":"closed","sticky":false,"template":"","format":"standard","meta":{"om_disable_all_campaigns":false,"_monsterinsights_skip_tracking":false,"_monsterinsights_sitenote_active":false,"_monsterinsights_sitenote_note":"","_monsterinsights_sitenote_category":0,"footnotes":""},"categories":[95,52],"tags":[60,74,4267],"class_list":["post-14274","post","type-post","status-publish","format-standard","has-post-thumbnail","hentry","category-informacion-general","category-policiales","tag-accidente","tag-chaco","tag-ruta11"],"aioseo_notices":[],"amp_enabled":true,"_links":{"self":[{"href":"https:\/\/diariodigitalnea.com\/index.php\/wp-json\/wp\/v2\/posts\/14274","targetHints":{"allow":["GET"]}}],"collection":[{"href":"https:\/\/diariodigitalnea.com\/index.php\/wp-json\/wp\/v2\/posts"}],"about":[{"href":"https:\/\/diariodigitalnea.com\/index.php\/wp-json\/wp\/v2\/types\/post"}],"author":[{"embeddable":true,"href":"https:\/\/diariodigitalnea.com\/index.php\/wp-json\/wp\/v2\/users\/4"}],"replies":[{"embeddable":true,"href":"https:\/\/diariodigitalnea.com\/index.php\/wp-json\/wp\/v2\/comments?post=14274"}],"version-history":[{"count":1,"href":"https:\/\/diariodigitalnea.com\/index.php\/wp-json\/wp\/v2\/posts\/14274\/revisions"}],"predecessor-version":[{"id":14277,"href":"https:\/\/diariodigitalnea.com\/index.php\/wp-json\/wp\/v2\/posts\/14274\/revisions\/14277"}],"wp:featuredmedia":[{"embeddable":true,"href":"https:\/\/diariodigitalnea.com\/index.php\/wp-json\/wp\/v2\/media\/14276"}],"wp:attachment":[{"href":"https:\/\/diariodigitalnea.com\/index.php\/wp-json\/wp\/v2\/media?parent=14274"}],"wp:term":[{"taxonomy":"category","embeddable":true,"href":"https:\/\/diariodigitalnea.com\/index.php\/wp-json\/wp\/v2\/categories?post=14274"},{"taxonomy":"post_tag","embeddable":true,"href":"https:\/\/diariodigitalnea.com\/index.php\/wp-json\/wp\/v2\/tags?post=14274"}],"curies":[{"name":"wp","href":"https:\/\/api.w.org\/{rel}","templated":true}]}}