{"id":14242,"date":"2024-05-30T16:16:54","date_gmt":"2024-05-30T16:16:54","guid":{"rendered":"https:\/\/diariodigitalnea.com\/?p=14242"},"modified":"2024-05-30T16:16:55","modified_gmt":"2024-05-30T16:16:55","slug":"pymes-de-14-provincias-argentinas-concretaron-negocios-con-sus-vecinos-del-mercosur","status":"publish","type":"post","link":"https:\/\/diariodigitalnea.com\/index.php\/2024\/05\/30\/pymes-de-14-provincias-argentinas-concretaron-negocios-con-sus-vecinos-del-mercosur\/","title":{"rendered":"Pymes de 14 provincias argentinas concretaron negocios con sus vecinos del Mercosur"},"content":{"rendered":"\n<p>Autoridades de la Confederaci\u00f3n Argentina de la Mediana Empresa (CAME), Federaci\u00f3n Econ\u00f3mica del Chaco (FECHACO), C\u00e1mara de Comercio Exterior del Chaco (COMEXCHACO), C\u00e1mara de Comercio de Resistencia y el gobernador Leandro Zdero, participaron de la inauguraci\u00f3n de la Ronda de Negocios \u201cNorte Grande \u2013 Paraguay\u201d que cont\u00f3 con una amplia concurrencia de pymes de las provincias de Chaco, Corrientes, Formosa, Misiones, Santiago del Estero, Salta, Tucum\u00e1n, Jujuy, Catamarca, La Rioja, Buenos Aires, Santa Fe, Entre R\u00edos y C\u00f3rdoba.<\/p>\n\n\n\n<p>Durante la jornada, que se llev\u00f3 a cabo este mi\u00e9rcoles, en el Centro de Convenciones Gala de la ciudad de Resistencia, el presidente de COMEXCHACO, Mat\u00edas Brugnoli resalt\u00f3 que \u201cen esta nueva edici\u00f3n que fue un verdadero \u00e9xito se concretaron\u00a0 1900 entrevistas entre peque\u00f1as y medianas empresas. Cerca de 300 empresarios tuvieron la oportunidad de iniciar nuevos contactos comerciales, generar escenarios de negocios entre s\u00ed y potenciar la econom\u00eda de todo el norte argentino, Paraguay y Brasil de una manera sencilla, concreta pero muy efectiva\u00bb.<\/p>\n\n\n\n<figure class=\"wp-block-image size-large\"><img fetchpriority=\"high\" decoding=\"async\" width=\"1024\" height=\"678\" src=\"http:\/\/diariodigitalnea.com\/wp-content\/uploads\/2024\/05\/comercio-1024x678.jpg\" alt=\"\" class=\"wp-image-14244\" srcset=\"https:\/\/diariodigitalnea.com\/wp-content\/uploads\/2024\/05\/comercio-1024x678.jpg 1024w, https:\/\/diariodigitalnea.com\/wp-content\/uploads\/2024\/05\/comercio-300x199.jpg 300w, https:\/\/diariodigitalnea.com\/wp-content\/uploads\/2024\/05\/comercio-768x509.jpg 768w, https:\/\/diariodigitalnea.com\/wp-content\/uploads\/2024\/05\/comercio-1536x1017.jpg 1536w, https:\/\/diariodigitalnea.com\/wp-content\/uploads\/2024\/05\/comercio-2048x1356.jpg 2048w\" sizes=\"(max-width: 1024px) 100vw, 1024px\" \/><\/figure>\n\n\n\n<p>En ese marco, el presidente de CAME, Alfredo Gonz\u00e1lez expres\u00f3: \u201cNuestro objetivo es trabajar regionalmente para potenciar al interior de nuestro pa\u00eds y generar las mejores pol\u00edticas productivas\u201d.<\/p>\n\n\n\n<p>Asimismo, agreg\u00f3 que \u201cen nuestro pa\u00eds somos casi el 83% del total de las empresas que exportamos, pero solamente representamos el 12% en d\u00f3lares. As\u00ed que es aqu\u00ed donde debemos trabajar para potenciar m\u00e1s a los productos argentinos, a m\u00e1s y mejores productos de pymes.<\/p>\n\n\n\n<figure class=\"wp-block-image size-large\"><img decoding=\"async\" width=\"1024\" height=\"803\" src=\"http:\/\/diariodigitalnea.com\/wp-content\/uploads\/2024\/05\/com-1024x803.jpg\" alt=\"\" class=\"wp-image-14243\" srcset=\"https:\/\/diariodigitalnea.com\/wp-content\/uploads\/2024\/05\/com-1024x803.jpg 1024w, https:\/\/diariodigitalnea.com\/wp-content\/uploads\/2024\/05\/com-300x235.jpg 300w, https:\/\/diariodigitalnea.com\/wp-content\/uploads\/2024\/05\/com-768x602.jpg 768w, https:\/\/diariodigitalnea.com\/wp-content\/uploads\/2024\/05\/com-1536x1204.jpg 1536w, https:\/\/diariodigitalnea.com\/wp-content\/uploads\/2024\/05\/com-2048x1606.jpg 2048w, https:\/\/diariodigitalnea.com\/wp-content\/uploads\/2024\/05\/com-551x431.jpg 551w\" sizes=\"(max-width: 1024px) 100vw, 1024px\" \/><\/figure>\n\n\n\n<p>Por su parte, Zdero destac\u00f3 que \u201cestamos acompa\u00f1ando el desarrollo de la cadena econ\u00f3mica y productiva. Queremos compartir esta experiencia de asociarse entre pymes con un mensaje muy claro de que, m\u00e1s all\u00e1 de los gobiernos, hay cuestiones que deben sostenerse en el tiempo. Por eso, desde la provincia trabajamos en un plan de Estado que plantea que hay pol\u00edticas que deben ser sostenidas por la gente, m\u00e1s all\u00e1 de las instituciones\u201d.<\/p>\n\n\n\n<h2 class=\"wp-block-heading\">Participaci\u00f3n de autoridades brasile\u00f1as<\/h2>\n\n\n\n<p>En el evento adem\u00e1s, se hizo presente el consultor del Servicio Brasile\u00f1o de Apoyo a las Micro y Peque\u00f1as Empresas del Estado de Paran\u00e1 (SEBRAE-PR), Ricardo Dellamea, quien resalt\u00f3 el impulso que se le est\u00e1 dando al comercio bilateral a partir de la asociaci\u00f3n estrat\u00e9gica entre CAME y el SEBRAE-PR.<\/p>\n\n\n\n<figure class=\"wp-block-image size-large\"><img decoding=\"async\" width=\"1024\" height=\"678\" src=\"http:\/\/diariodigitalnea.com\/wp-content\/uploads\/2024\/05\/comercio3-1024x678.jpg\" alt=\"\" class=\"wp-image-14245\" srcset=\"https:\/\/diariodigitalnea.com\/wp-content\/uploads\/2024\/05\/comercio3-1024x678.jpg 1024w, https:\/\/diariodigitalnea.com\/wp-content\/uploads\/2024\/05\/comercio3-300x199.jpg 300w, https:\/\/diariodigitalnea.com\/wp-content\/uploads\/2024\/05\/comercio3-768x509.jpg 768w, https:\/\/diariodigitalnea.com\/wp-content\/uploads\/2024\/05\/comercio3-1536x1017.jpg 1536w, https:\/\/diariodigitalnea.com\/wp-content\/uploads\/2024\/05\/comercio3-2048x1356.jpg 2048w\" sizes=\"(max-width: 1024px) 100vw, 1024px\" \/><\/figure>\n\n\n\n<p>Cabe destacar que, adem\u00e1s, se realizaron disertaciones sobre comercio exterior, se brindaron herramientas de fomento para los sectores privado y p\u00fablico, a cargo del representantes del Banco Naci\u00f3n y Nuevo Banco del Chaco, como as\u00ed tambi\u00e9n, charlas de autoridades de Ministerios de Industria de Santa Fe, C\u00f3rdoba y Chaco.<\/p>\n\n\n\n<p>Participaron de las actividades la vicegobernadora provincial, Silvana Schneider; el secretario Coordinador de Gabinete, Livio Guti\u00e9rrez; el ministro de la Producci\u00f3n y Desarrollo Econ\u00f3mico Sostenible, Hern\u00e1n Halavacs; el secretario de Hacienda de CAME, Blas Taladrid; el presidente de FECHACO, Ernesto Scaglia; el titular de la C\u00e1mara de Comercio de Resistencia, Walter Bistman; y el presidente de la C\u00e1mara de Comercio Exterior del Chaco, Mat\u00edas Brugnoli; entre otros.<\/p>\n","protected":false},"excerpt":{"rendered":"<p>Autoridades de la Confederaci\u00f3n Argentina de la Mediana Empresa (CAME), Federaci\u00f3n Econ\u00f3mica del Chaco (FECHACO), C\u00e1mara de Comercio Exterior del Chaco (COMEXCHACO), C\u00e1mara de Comercio de Resistencia y el gobernador Leandro Zdero, participaron de la inauguraci\u00f3n de la Ronda de Negocios \u201cNorte Grande \u2013 Paraguay\u201d que cont\u00f3 con una amplia concurrencia de pymes de las [&hellip;]<\/p>\n","protected":false},"author":3,"featured_media":14246,"comment_status":"closed","ping_status":"closed","sticky":false,"template":"","format":"standard","meta":{"om_disable_all_campaigns":false,"_monsterinsights_skip_tracking":false,"_monsterinsights_sitenote_active":false,"_monsterinsights_sitenote_note":"","_monsterinsights_sitenote_category":0,"footnotes":""},"categories":[33,5],"tags":[89,532,531,1868],"class_list":["post-14242","post","type-post","status-publish","format-standard","has-post-thumbnail","hentry","category-chaco","category-economia","tag-economia","tag-fechaco","tag-federacion-economica-del-chaco","tag-mercosur"],"aioseo_notices":[],"amp_enabled":true,"_links":{"self":[{"href":"https:\/\/diariodigitalnea.com\/index.php\/wp-json\/wp\/v2\/posts\/14242","targetHints":{"allow":["GET"]}}],"collection":[{"href":"https:\/\/diariodigitalnea.com\/index.php\/wp-json\/wp\/v2\/posts"}],"about":[{"href":"https:\/\/diariodigitalnea.com\/index.php\/wp-json\/wp\/v2\/types\/post"}],"author":[{"embeddable":true,"href":"https:\/\/diariodigitalnea.com\/index.php\/wp-json\/wp\/v2\/users\/3"}],"replies":[{"embeddable":true,"href":"https:\/\/diariodigitalnea.com\/index.php\/wp-json\/wp\/v2\/comments?post=14242"}],"version-history":[{"count":1,"href":"https:\/\/diariodigitalnea.com\/index.php\/wp-json\/wp\/v2\/posts\/14242\/revisions"}],"predecessor-version":[{"id":14247,"href":"https:\/\/diariodigitalnea.com\/index.php\/wp-json\/wp\/v2\/posts\/14242\/revisions\/14247"}],"wp:featuredmedia":[{"embeddable":true,"href":"https:\/\/diariodigitalnea.com\/index.php\/wp-json\/wp\/v2\/media\/14246"}],"wp:attachment":[{"href":"https:\/\/diariodigitalnea.com\/index.php\/wp-json\/wp\/v2\/media?parent=14242"}],"wp:term":[{"taxonomy":"category","embeddable":true,"href":"https:\/\/diariodigitalnea.com\/index.php\/wp-json\/wp\/v2\/categories?post=14242"},{"taxonomy":"post_tag","embeddable":true,"href":"https:\/\/diariodigitalnea.com\/index.php\/wp-json\/wp\/v2\/tags?post=14242"}],"curies":[{"name":"wp","href":"https:\/\/api.w.org\/{rel}","templated":true}]}}