{"id":14221,"date":"2024-05-30T12:23:27","date_gmt":"2024-05-30T12:23:27","guid":{"rendered":"https:\/\/diariodigitalnea.com\/?p=14221"},"modified":"2024-05-30T12:23:28","modified_gmt":"2024-05-30T12:23:28","slug":"caso-romina-karban-arrestaron-al-hermano-y-a-otro-sospechoso","status":"publish","type":"post","link":"https:\/\/diariodigitalnea.com\/index.php\/2024\/05\/30\/caso-romina-karban-arrestaron-al-hermano-y-a-otro-sospechoso\/","title":{"rendered":"Caso Romina Karban: arrestaron al hermano y a otro sospechoso"},"content":{"rendered":"\n<p>La investigaci\u00f3n del asesinato de Romina Karban dio un giro significativo con la detenci\u00f3n de dos sospechosos, incluido su hermano, Renzo Karban. Estos arrestos se producen a casi tres semanas despu\u00e9s del brutal crimen que conmocion\u00f3 a la comunidad de S\u00e1enz Pe\u00f1a.<\/p>\n\n\n\n<p>Los detalles exactos sobre los arrestos de Renzo Karban y el segundo impliocado no fueron revelados, aunque se sabe que fueron ordenados por la Fiscal\u00eda a cargo de Liliana Lupi. Adem\u00e1s, los investigadores estuvieron analizando los tel\u00e9fonos celulares incautados durante los allanamientos.<\/p>\n\n\n\n<p>Poco despu\u00e9s de la detenci\u00f3n de del hermano de Romina, se confirm\u00f3 un segundo arresto, aunque la identidad y el v\u00ednculo de este sospechoso con el crimen a\u00fan no fue divulgado. Las autoridades mantuvieron un estricto control de la informaci\u00f3n para no entorpecer el avance de la investigaci\u00f3n.<\/p>\n\n\n\n<h2 class=\"wp-block-heading\">El Caso Romina Karban<\/h2>\n\n\n\n<p>Romina Karban, de 30 a\u00f1os, fue encontrada sin vida el 9 de mayo con cinco disparos en su cuerpo, en un campo cercano al de su familia en S\u00e1enz Pe\u00f1a. Desapareci\u00f3 el 8 de mayo despu\u00e9s de salir de su casa a bordo de su motocicleta Honda Wave 110 cc roja, dirigi\u00e9ndose aparentemente al campo de su hermano en \u00abPampa Florida\u00bb.<\/p>\n\n\n\n<p>Su pareja, Ariel Ojeda, preocupado por la falta de noticias de Romina, trat\u00f3 de contactarla a trav\u00e9s de mensajes y llamadas sin \u00e9xito. Al no obtener respuesta, contact\u00f3 a los hermanos de Romina y finalmente radic\u00f3 una denuncia por su desaparici\u00f3n la noche del 8 de mayo.<\/p>\n\n\n\n<p>El 9 de mayo, la polic\u00eda encontr\u00f3 la motocicleta de Romina abandonada con la llave de ignici\u00f3n puesta. A unos 50 metros de la moto, hallaron el cuerpo sin vida de Romina, con su rostro cubierto por el cabello y emanando l\u00edquido rojo de sus o\u00eddos. Las investigaciones revelaron que Romina hab\u00eda recibido cinco disparos.<\/p>\n\n\n\n<p>Por su parte, la fiscal Liliana Lupi, quien encabeza la investigaci\u00f3n, recibi\u00f3 los primeros resultados de las pericias a los siete tel\u00e9fonos celulares secuestrados. Estos an\u00e1lisis buscan esclarecer la \u00faltima comunicaci\u00f3n o mensaje que Romina recibi\u00f3 antes de su muerte, con la esperanza de identificar a los responsables.<\/p>\n\n\n\n<p>La hip\u00f3tesis de que Romina fue citada al lugar del crimen por una persona conocida cobra fuerza con el avance de las investigaciones.<\/p>\n","protected":false},"excerpt":{"rendered":"<p>La investigaci\u00f3n del asesinato de Romina Karban dio un giro significativo con la detenci\u00f3n de dos sospechosos, incluido su hermano, Renzo Karban. Estos arrestos se producen a casi tres semanas despu\u00e9s del brutal crimen que conmocion\u00f3 a la comunidad de S\u00e1enz Pe\u00f1a. Los detalles exactos sobre los arrestos de Renzo Karban y el segundo impliocado [&hellip;]<\/p>\n","protected":false},"author":3,"featured_media":14222,"comment_status":"closed","ping_status":"closed","sticky":false,"template":"","format":"standard","meta":{"om_disable_all_campaigns":false,"_monsterinsights_skip_tracking":false,"_monsterinsights_sitenote_active":false,"_monsterinsights_sitenote_note":"","_monsterinsights_sitenote_category":0,"footnotes":""},"categories":[33,52],"tags":[432,1215,3392,4253,4252,1082],"class_list":["post-14221","post","type-post","status-publish","format-standard","has-post-thumbnail","hentry","category-chaco","category-policiales","tag-allanamientos","tag-asesinato","tag-hermano","tag-renzo-karban","tag-romina-karban","tag-saenz-pena"],"aioseo_notices":[],"amp_enabled":true,"_links":{"self":[{"href":"https:\/\/diariodigitalnea.com\/index.php\/wp-json\/wp\/v2\/posts\/14221","targetHints":{"allow":["GET"]}}],"collection":[{"href":"https:\/\/diariodigitalnea.com\/index.php\/wp-json\/wp\/v2\/posts"}],"about":[{"href":"https:\/\/diariodigitalnea.com\/index.php\/wp-json\/wp\/v2\/types\/post"}],"author":[{"embeddable":true,"href":"https:\/\/diariodigitalnea.com\/index.php\/wp-json\/wp\/v2\/users\/3"}],"replies":[{"embeddable":true,"href":"https:\/\/diariodigitalnea.com\/index.php\/wp-json\/wp\/v2\/comments?post=14221"}],"version-history":[{"count":1,"href":"https:\/\/diariodigitalnea.com\/index.php\/wp-json\/wp\/v2\/posts\/14221\/revisions"}],"predecessor-version":[{"id":14223,"href":"https:\/\/diariodigitalnea.com\/index.php\/wp-json\/wp\/v2\/posts\/14221\/revisions\/14223"}],"wp:featuredmedia":[{"embeddable":true,"href":"https:\/\/diariodigitalnea.com\/index.php\/wp-json\/wp\/v2\/media\/14222"}],"wp:attachment":[{"href":"https:\/\/diariodigitalnea.com\/index.php\/wp-json\/wp\/v2\/media?parent=14221"}],"wp:term":[{"taxonomy":"category","embeddable":true,"href":"https:\/\/diariodigitalnea.com\/index.php\/wp-json\/wp\/v2\/categories?post=14221"},{"taxonomy":"post_tag","embeddable":true,"href":"https:\/\/diariodigitalnea.com\/index.php\/wp-json\/wp\/v2\/tags?post=14221"}],"curies":[{"name":"wp","href":"https:\/\/api.w.org\/{rel}","templated":true}]}}