{"id":14198,"date":"2024-05-28T12:02:58","date_gmt":"2024-05-28T12:02:58","guid":{"rendered":"https:\/\/diariodigitalnea.com\/?p=14198"},"modified":"2024-05-28T12:02:59","modified_gmt":"2024-05-28T12:02:59","slug":"el-gobierno-programo-los-proximos-aumentos-en-combustibles","status":"publish","type":"post","link":"https:\/\/diariodigitalnea.com\/index.php\/2024\/05\/28\/el-gobierno-programo-los-proximos-aumentos-en-combustibles\/","title":{"rendered":"El gobierno program\u00f3 los pr\u00f3ximos aumentos en combustibles"},"content":{"rendered":"\n<p>El Ejecutivo estableci\u00f3 un desdoblamiento para aplicar los postergados aumentos en la carga impositiva sobre la nafta y el gasoil.<\/p>\n\n\n\n<p><\/p>\n\n\n\n<p>El gobierno argentino aplicar\u00e1 aumentos a los impuestos del combustible l\u00edquido (ICL) y al di\u00f3xido de carbono (IDC), lo cual significar\u00e1 un incremento en el precio de la nafta y el gasoil, a partir del s\u00e1bado 1 de junio.<\/p>\n\n\n\n<figure class=\"wp-block-image size-large\"><img fetchpriority=\"high\" decoding=\"async\" width=\"1024\" height=\"513\" src=\"http:\/\/diariodigitalnea.com\/wp-content\/uploads\/2023\/05\/ENCUENTRO-IG-Verde-copy-1024x513.jpg\" alt=\"PUBLICIDAD\" class=\"wp-image-8132\" srcset=\"https:\/\/diariodigitalnea.com\/wp-content\/uploads\/2023\/05\/ENCUENTRO-IG-Verde-copy-1024x513.jpg 1024w, https:\/\/diariodigitalnea.com\/wp-content\/uploads\/2023\/05\/ENCUENTRO-IG-Verde-copy-300x150.jpg 300w, https:\/\/diariodigitalnea.com\/wp-content\/uploads\/2023\/05\/ENCUENTRO-IG-Verde-copy-768x385.jpg 768w, https:\/\/diariodigitalnea.com\/wp-content\/uploads\/2023\/05\/ENCUENTRO-IG-Verde-copy-1536x769.jpg 1536w, https:\/\/diariodigitalnea.com\/wp-content\/uploads\/2023\/05\/ENCUENTRO-IG-Verde-copy-2048x1026.jpg 2048w\" sizes=\"(max-width: 1024px) 100vw, 1024px\" \/><figcaption class=\"wp-element-caption\">Publicidad: Encuentro Tienda de Bebidas, Chile 190 Local 4 \u2013 Tel: 3624386655 &#8211; Gral San Mart\u00edn<\/figcaption><\/figure>\n\n\n\n<p>En mayo, la actualizaci\u00f3n de los valores fue postergada, sin embargo, a mitad de a\u00f1o, el litro de nafta s\u00faper escalar\u00e1 $177,84 sobre los valores vigentes y en el gasoil $121,01, es decir, un alza del 20,44% y 11,26%, respectivamente.<\/p>\n\n\n\n<figure class=\"wp-block-image size-large\"><img decoding=\"async\" width=\"1024\" height=\"654\" src=\"http:\/\/diariodigitalnea.com\/wp-content\/uploads\/2023\/10\/nafta-1024x654.jpg\" alt=\"\" class=\"wp-image-11458\" srcset=\"https:\/\/diariodigitalnea.com\/wp-content\/uploads\/2023\/10\/nafta-1024x654.jpg 1024w, https:\/\/diariodigitalnea.com\/wp-content\/uploads\/2023\/10\/nafta-300x192.jpg 300w, https:\/\/diariodigitalnea.com\/wp-content\/uploads\/2023\/10\/nafta-768x490.jpg 768w, https:\/\/diariodigitalnea.com\/wp-content\/uploads\/2023\/10\/nafta.jpg 1300w\" sizes=\"(max-width: 1024px) 100vw, 1024px\" \/><\/figure>\n\n\n\n<p>Asimismo, a trav\u00e9s del decreto 466, firmado por Javier Milei, el ex-jefe de Gabinete, Nicol\u00e1s Posse y el ministro de Econom\u00eda, Luis Caputo, se fij\u00f3 un nuevo calendario para acrecentar los impuestos al combustible virgen, por lo que entre el 1 y el 30 de junio se aplicar\u00e1n las subas a esos tributos por el cuarto trimestre de 2023 y al primer trimestre de este a\u00f1o.<\/p>\n\n\n\n<p><\/p>\n\n\n\n<p><\/p>\n\n\n\n<p>El decreto, en su construcci\u00f3n, reza: \u00abCon el fin de estimular el crecimiento de la econom\u00eda garantizando un sendero fiscal sostenible, resulta razonable diferir parcialmente los efectos de los incrementos que resultar\u00edan aplicables a partir del 1\u00b0 de junio de 2024 para la nafta sin plomo, la nafta virgen y el gasoil\u00bb<\/p>\n\n\n\n<figure class=\"wp-block-image size-large\"><img decoding=\"async\" width=\"1024\" height=\"513\" src=\"http:\/\/diariodigitalnea.com\/wp-content\/uploads\/2024\/04\/publi-GEMA-1024x513.jpg\" alt=\"publicidad\" class=\"wp-image-13586\" srcset=\"https:\/\/diariodigitalnea.com\/wp-content\/uploads\/2024\/04\/publi-GEMA-1024x513.jpg 1024w, https:\/\/diariodigitalnea.com\/wp-content\/uploads\/2024\/04\/publi-GEMA-300x150.jpg 300w, https:\/\/diariodigitalnea.com\/wp-content\/uploads\/2024\/04\/publi-GEMA-768x385.jpg 768w, https:\/\/diariodigitalnea.com\/wp-content\/uploads\/2024\/04\/publi-GEMA-1536x769.jpg 1536w, https:\/\/diariodigitalnea.com\/wp-content\/uploads\/2024\/04\/publi-GEMA.jpg 1977w\" sizes=\"(max-width: 1024px) 100vw, 1024px\" \/><figcaption class=\"wp-element-caption\">Publicidad: Gema Oufit @gemahoufit Rcia \u2013 Contacto: 3624391672<\/figcaption><\/figure>\n\n\n\n<p>Tambi\u00e9n, se remarca que los \u00abhechos imponibles que se perfeccionen desde el 1.\u00ba de julio de 2024, inclusive, deber\u00e1 considerarse el incremento total en los montos de impuesto\u00bb .<\/p>\n\n\n\n<p><\/p>\n\n\n\n<p>En lo que va de 2024, los precios de las naftas y el gasoil acumulan un alza de 57% promedio. Resta conocer si las petroleras aplicar\u00e1n subas a los valores de venta en los surtidores en las estaciones de servicio.<\/p>\n\n\n\n<p><\/p>\n\n\n\n<p>En mayo, a pesar de la postergaci\u00f3n de los impuestos, las principales petroleras aplicaron un ajuste del 4% en los precios de los combustibles.<\/p>\n\n\n\n<figure class=\"wp-block-image size-large\"><img loading=\"lazy\" decoding=\"async\" width=\"1024\" height=\"607\" src=\"http:\/\/diariodigitalnea.com\/wp-content\/uploads\/2023\/11\/DDN-FOTO-PC-Y-CEL-1024x607.jpg\" alt=\"publicidad\" class=\"wp-image-11794\" srcset=\"https:\/\/diariodigitalnea.com\/wp-content\/uploads\/2023\/11\/DDN-FOTO-PC-Y-CEL-1024x607.jpg 1024w, https:\/\/diariodigitalnea.com\/wp-content\/uploads\/2023\/11\/DDN-FOTO-PC-Y-CEL-300x178.jpg 300w, https:\/\/diariodigitalnea.com\/wp-content\/uploads\/2023\/11\/DDN-FOTO-PC-Y-CEL-768x455.jpg 768w, https:\/\/diariodigitalnea.com\/wp-content\/uploads\/2023\/11\/DDN-FOTO-PC-Y-CEL-1536x910.jpg 1536w, https:\/\/diariodigitalnea.com\/wp-content\/uploads\/2023\/11\/DDN-FOTO-PC-Y-CEL.jpg 2000w\" sizes=\"(max-width: 1024px) 100vw, 1024px\" \/><figcaption class=\"wp-element-caption\">Diario Digital Nea. Noticias de la regi\u00f3n y el mundo. <\/figcaption><\/figure>\n","protected":false},"excerpt":{"rendered":"<p>El Ejecutivo estableci\u00f3 un desdoblamiento para aplicar los postergados aumentos en la carga impositiva sobre la nafta y el gasoil. El gobierno argentino aplicar\u00e1 aumentos a los impuestos del combustible l\u00edquido (ICL) y al di\u00f3xido de carbono (IDC), lo cual significar\u00e1 un incremento en el precio de la nafta y el gasoil, a partir del [&hellip;]<\/p>\n","protected":false},"author":4,"featured_media":3645,"comment_status":"closed","ping_status":"closed","sticky":false,"template":"","format":"standard","meta":{"om_disable_all_campaigns":false,"_monsterinsights_skip_tracking":false,"_monsterinsights_sitenote_active":false,"_monsterinsights_sitenote_note":"","_monsterinsights_sitenote_category":0,"footnotes":""},"categories":[5,90],"tags":[3529,1358],"class_list":["post-14198","post","type-post","status-publish","format-standard","has-post-thumbnail","hentry","category-economia","category-nacionales","tag-combustibles","tag-nafta"],"aioseo_notices":[],"amp_enabled":true,"_links":{"self":[{"href":"https:\/\/diariodigitalnea.com\/index.php\/wp-json\/wp\/v2\/posts\/14198","targetHints":{"allow":["GET"]}}],"collection":[{"href":"https:\/\/diariodigitalnea.com\/index.php\/wp-json\/wp\/v2\/posts"}],"about":[{"href":"https:\/\/diariodigitalnea.com\/index.php\/wp-json\/wp\/v2\/types\/post"}],"author":[{"embeddable":true,"href":"https:\/\/diariodigitalnea.com\/index.php\/wp-json\/wp\/v2\/users\/4"}],"replies":[{"embeddable":true,"href":"https:\/\/diariodigitalnea.com\/index.php\/wp-json\/wp\/v2\/comments?post=14198"}],"version-history":[{"count":1,"href":"https:\/\/diariodigitalnea.com\/index.php\/wp-json\/wp\/v2\/posts\/14198\/revisions"}],"predecessor-version":[{"id":14199,"href":"https:\/\/diariodigitalnea.com\/index.php\/wp-json\/wp\/v2\/posts\/14198\/revisions\/14199"}],"wp:featuredmedia":[{"embeddable":true,"href":"https:\/\/diariodigitalnea.com\/index.php\/wp-json\/wp\/v2\/media\/3645"}],"wp:attachment":[{"href":"https:\/\/diariodigitalnea.com\/index.php\/wp-json\/wp\/v2\/media?parent=14198"}],"wp:term":[{"taxonomy":"category","embeddable":true,"href":"https:\/\/diariodigitalnea.com\/index.php\/wp-json\/wp\/v2\/categories?post=14198"},{"taxonomy":"post_tag","embeddable":true,"href":"https:\/\/diariodigitalnea.com\/index.php\/wp-json\/wp\/v2\/tags?post=14198"}],"curies":[{"name":"wp","href":"https:\/\/api.w.org\/{rel}","templated":true}]}}