{"id":14167,"date":"2024-05-23T12:58:43","date_gmt":"2024-05-23T12:58:43","guid":{"rendered":"https:\/\/diariodigitalnea.com\/?p=14167"},"modified":"2024-05-23T13:40:18","modified_gmt":"2024-05-23T13:40:18","slug":"con-un-aumento-del-15-chaco-paga-los-sueldos-de-la-administracion-a-partir-del-30-mayo","status":"publish","type":"post","link":"https:\/\/diariodigitalnea.com\/index.php\/2024\/05\/23\/con-un-aumento-del-15-chaco-paga-los-sueldos-de-la-administracion-a-partir-del-30-mayo\/","title":{"rendered":"Con un aumento del 15%, Chaco paga los sueldos de la administraci\u00f3n p\u00fablica a partir del 30 mayo"},"content":{"rendered":"\n<p>El anuncio lo realiz\u00f3 el gobernador, Leandro Zdero, quien record\u00f3 que la pauta salarial supera a la inflaci\u00f3n. El pr\u00f3ximo estar\u00e1n disponibles los fondos, por cajero, para los jubilados y el 31 ser\u00e1 el turno de los activos.<\/p>\n\n\n\n<p>El gobernador Leandro Zdero anunci\u00f3, esta ma\u00f1ana, el pago de sueldos de mayo, para pasivos y activos que se depositar\u00e1n con un incremento del 15 % correspondiente a la pauta general.<\/p>\n\n\n\n<p>El cronograma indica que el jueves 30 de mayo cobrar\u00e1n los pasivos, por cajero autom\u00e1tico, desde las 21. Al d\u00eda siguiente, podr\u00e1n pasar por ventanilla; y el viernes 31 de mayo, ser\u00e1 el turno de los activos del sector p\u00fablico provincial, tambi\u00e9n por cajero.<\/p>\n\n\n\n<p>La pauta establecida por la Provincia dispone un incremento escalonado del 15 % para el mes de mayo, 15 % para el mes de junio y 14,65 % para el mes de julio.<\/p>\n\n\n\n<p>\u00abDe esta manera, logramos un incremento de 51,62 % para el trimestre mayo \u2013 julio, esto implica un incremento de 132,5 % respecto a los sueldos de diciembre de 2023 por encima de la inflaci\u00f3n\u00bb, destac\u00f3 el primer mandatario provincial.<\/p>\n","protected":false},"excerpt":{"rendered":"<p>El anuncio lo realiz\u00f3 el gobernador, Leandro Zdero, quien record\u00f3 que la pauta salarial supera a la inflaci\u00f3n. El pr\u00f3ximo estar\u00e1n disponibles los fondos, por cajero, para los jubilados y el 31 ser\u00e1 el turno de los activos. El gobernador Leandro Zdero anunci\u00f3, esta ma\u00f1ana, el pago de sueldos de mayo, para pasivos y activos [&hellip;]<\/p>\n","protected":false},"author":3,"featured_media":2583,"comment_status":"closed","ping_status":"closed","sticky":false,"template":"","format":"standard","meta":{"om_disable_all_campaigns":false,"_monsterinsights_skip_tracking":false,"_monsterinsights_sitenote_active":false,"_monsterinsights_sitenote_note":"","_monsterinsights_sitenote_category":0,"footnotes":""},"categories":[33,5],"tags":[400,89,186,4242,537,402],"class_list":["post-14167","post","type-post","status-publish","format-standard","has-post-thumbnail","hentry","category-chaco","category-economia","tag-administracion-publica","tag-economia","tag-nbch","tag-pauta-salarial","tag-salario","tag-sueldos"],"aioseo_notices":[],"amp_enabled":true,"_links":{"self":[{"href":"https:\/\/diariodigitalnea.com\/index.php\/wp-json\/wp\/v2\/posts\/14167","targetHints":{"allow":["GET"]}}],"collection":[{"href":"https:\/\/diariodigitalnea.com\/index.php\/wp-json\/wp\/v2\/posts"}],"about":[{"href":"https:\/\/diariodigitalnea.com\/index.php\/wp-json\/wp\/v2\/types\/post"}],"author":[{"embeddable":true,"href":"https:\/\/diariodigitalnea.com\/index.php\/wp-json\/wp\/v2\/users\/3"}],"replies":[{"embeddable":true,"href":"https:\/\/diariodigitalnea.com\/index.php\/wp-json\/wp\/v2\/comments?post=14167"}],"version-history":[{"count":2,"href":"https:\/\/diariodigitalnea.com\/index.php\/wp-json\/wp\/v2\/posts\/14167\/revisions"}],"predecessor-version":[{"id":14169,"href":"https:\/\/diariodigitalnea.com\/index.php\/wp-json\/wp\/v2\/posts\/14167\/revisions\/14169"}],"wp:featuredmedia":[{"embeddable":true,"href":"https:\/\/diariodigitalnea.com\/index.php\/wp-json\/wp\/v2\/media\/2583"}],"wp:attachment":[{"href":"https:\/\/diariodigitalnea.com\/index.php\/wp-json\/wp\/v2\/media?parent=14167"}],"wp:term":[{"taxonomy":"category","embeddable":true,"href":"https:\/\/diariodigitalnea.com\/index.php\/wp-json\/wp\/v2\/categories?post=14167"},{"taxonomy":"post_tag","embeddable":true,"href":"https:\/\/diariodigitalnea.com\/index.php\/wp-json\/wp\/v2\/tags?post=14167"}],"curies":[{"name":"wp","href":"https:\/\/api.w.org\/{rel}","templated":true}]}}