{"id":14142,"date":"2024-05-21T16:34:19","date_gmt":"2024-05-21T16:34:19","guid":{"rendered":"https:\/\/diariodigitalnea.com\/?p=14142"},"modified":"2024-05-21T16:34:22","modified_gmt":"2024-05-21T16:34:22","slug":"el-gobierno-anuncio-las-primeras-jornadas-provinciales-de-derecho-municipal-y-politicas-publicas","status":"publish","type":"post","link":"https:\/\/diariodigitalnea.com\/index.php\/2024\/05\/21\/el-gobierno-anuncio-las-primeras-jornadas-provinciales-de-derecho-municipal-y-politicas-publicas\/","title":{"rendered":"El gobierno anunci\u00f3 las primeras jornadas provinciales de Derecho Municipal y Pol\u00edticas P\u00fablicas"},"content":{"rendered":"\n<p>El evento, organizado por la Subsecretar\u00eda de Municipios, dependiente de la Secretar\u00eda de Asuntos Estrat\u00e9gicos del Gobierno provincial, se llevar\u00e1 a cabo el 7 y 8 de junio en S\u00e1enz Pe\u00f1a, para todos los municipios del Chaco. Disertar\u00e1n prestigiosos profesionales del pa\u00eds y la provincia.<\/p>\n\n\n\n<p>El Gobierno provincial anunci\u00f3 este martes las \u201cPrimeras Jornadas Provinciales de Derecho Municipal y Pol\u00edticas P\u00fablicas\u201d que se realizar\u00e1n el 7 y 8 de junio en el Hotel Gualok de Presidencia Roque S\u00e1enz Pe\u00f1a. Se trata de una actividad preparatoria al Primer Congreso Nacional de Derecho Municipal y Pol\u00edticas P\u00fablicas 2025. As\u00ed lo anunciaron el secretario de Asuntos Estrat\u00e9gicos Marcos Resico y la subsecretaria de Municipios Gabriela Galarza, junto a la asesora General de Gobierno Alejandra Ferreira y la decana de la Facultad de Ciencias Econ\u00f3micas de la UNNE Moira Carri\u00f3. La actividad es organizada por la Secretar\u00eda de Asuntos Estrat\u00e9gicos y la Subsecretar\u00eda de Municipios en coordinaci\u00f3n con el municipio de S\u00e1enz Pe\u00f1a. Colaboran la Facultad de Ciencias Econ\u00f3micas de la UNNE, la Fiscal\u00eda de Investigaciones Administrativa de la Provincia del Chaco y la Librer\u00eda Contexto \u2013 Fundaci\u00f3n Formarte.<\/p>\n\n\n\n<p>De esta manera se pretende brindar una herramienta pr\u00e1ctica a los gobiernos locales del Chaco en cuanto al Derecho Municipal, sus alcances y la importancia de una revisi\u00f3n\/ actualizaci\u00f3n de los diversos institutos que lo componen. Adem\u00e1s, propiciar un espacio de reflexi\u00f3n acad\u00e9mica e intercambio de conocimientos acerca de la actualidad del Derecho Municipal en la provincia.<\/p>\n\n\n\n<figure class=\"wp-block-image size-large\"><img fetchpriority=\"high\" decoding=\"async\" width=\"1024\" height=\"650\" src=\"http:\/\/diariodigitalnea.com\/wp-content\/uploads\/2024\/05\/muni1-1024x650.jpg\" alt=\"\" class=\"wp-image-14143\" srcset=\"https:\/\/diariodigitalnea.com\/wp-content\/uploads\/2024\/05\/muni1-1024x650.jpg 1024w, https:\/\/diariodigitalnea.com\/wp-content\/uploads\/2024\/05\/muni1-300x190.jpg 300w, https:\/\/diariodigitalnea.com\/wp-content\/uploads\/2024\/05\/muni1-768x488.jpg 768w, https:\/\/diariodigitalnea.com\/wp-content\/uploads\/2024\/05\/muni1-1536x975.jpg 1536w, https:\/\/diariodigitalnea.com\/wp-content\/uploads\/2024\/05\/muni1-2048x1300.jpg 2048w\" sizes=\"(max-width: 1024px) 100vw, 1024px\" \/><\/figure>\n\n\n\n<p><strong>Marcos Resico: \u201cQueremos acercar esta herramienta a los municipios para optimizar su gesti\u00f3n en beneficio de la gente\u201d<\/strong><\/p>\n\n\n\n<p>Para ello se llevar\u00e1n a cabo en la ciudad termal para facilitar el acceso de representantes de todas las comunas chaque\u00f1as, contar\u00e1 con disertantes nacionales y locales de gran prestigio y trayectoria en el \u00e1mbito del Derecho Municipal y Administrativo. \u201cQueremos acercar esta herramienta de formaci\u00f3n a todos los municipios, fundamentalmente a los m\u00e1s alejados de la capital, para optimizar su gesti\u00f3n y garantizar que provincia y municipios est\u00e9n en la misma sinton\u00eda, trabajando articuladamente en beneficio de la gente\u201d, subray\u00f3 Resico.<\/p>\n\n\n\n<p>El secretario de Asuntos Estrat\u00e9gicos se\u00f1al\u00f3 adem\u00e1s que las jornadas ser\u00e1n el puntapi\u00e9 inicial para la organizaci\u00f3n del Congreso Nacional y puso a disposici\u00f3n la Provincia para ser sede. De la actividad participaron tambi\u00e9n el fiscal de Investigaciones Administrativas del Chaco, Gustavo Leguizam\u00f3n; Hugo Boland y Javier Monti por la Municipalidad de S\u00e1enz Pe\u00f1a y el presidente y vicepresidente del Colegio de Abogados 2\u00b0 Circunscripci\u00f3n, Alejandro Lederberber y Florencia Avila respectivamente.<\/p>\n\n\n\n<p><strong>Gabriela Galarza: \u201cProfesionalizaci\u00f3n de los \u00e1mbitos locales\u201d<\/strong><\/p>\n\n\n\n<p>La subsecretaria de Municipios, Gabriela Galarza, destac\u00f3 la importancia del evento al que consider\u00f3 \u201chist\u00f3rico para la provincia\u201d por su magnitud y la trayectoria y prestigio de los disertantes. \u201cLa elecci\u00f3n del lugar tiene que ver con la posibilidad de que puedan concurrir desde todos los puntos del Chaco\u201d, acot\u00f3.<\/p>\n\n\n\n<p><strong>Alejandra Ferreyra: \u201cRepresenta un gran aporte\u201d<\/strong><\/p>\n\n\n\n<p>En la misma sinton\u00eda, la asesora General de Gobierno, Alejandra Ferreira se\u00f1al\u00f3 que el evento representa un gran aporte para avanzar en la profesionalizaci\u00f3n de los \u00e1mbitos locales de gesti\u00f3n (municipios). \u201cLa mayor riqueza se encuentra en los \u00e1mbitos locales; desde all\u00ed tenemos que trabajar mediante un fluido intercambio con Provincia y Naci\u00f3n\u201d, acot\u00f3 y asegur\u00f3 que redundar\u00e1 en una mejor gesti\u00f3n de las comunas, lo que se traducir\u00e1 tambi\u00e9n en mejores servicios para la poblaci\u00f3n.<\/p>\n\n\n\n<figure class=\"wp-block-image size-large\"><img decoding=\"async\" width=\"1024\" height=\"631\" src=\"http:\/\/diariodigitalnea.com\/wp-content\/uploads\/2024\/05\/muni3-1024x631.jpg\" alt=\"\" class=\"wp-image-14145\" srcset=\"https:\/\/diariodigitalnea.com\/wp-content\/uploads\/2024\/05\/muni3-1024x631.jpg 1024w, https:\/\/diariodigitalnea.com\/wp-content\/uploads\/2024\/05\/muni3-300x185.jpg 300w, https:\/\/diariodigitalnea.com\/wp-content\/uploads\/2024\/05\/muni3-768x473.jpg 768w, https:\/\/diariodigitalnea.com\/wp-content\/uploads\/2024\/05\/muni3-1536x947.jpg 1536w, https:\/\/diariodigitalnea.com\/wp-content\/uploads\/2024\/05\/muni3.jpg 1600w\" sizes=\"(max-width: 1024px) 100vw, 1024px\" \/><\/figure>\n\n\n\n<p><strong>Moira Carri\u00f3: \u201cLos actores locales son motores de crecimiento\u201d<\/strong><\/p>\n\n\n\n<p>Finalmente, la decana de Ciencias Econ\u00f3micas de la UNNE, Moira Carri\u00f3 destac\u00f3 el trabajo articulado entre la Universidad y el Estado en pos de impulsar iniciativas de este tipo con alcance a todos los rincones del Chaco. \u201cReconocemos estos espacios de intercambio acad\u00e9mico de los cuales surgen instrumentos de pol\u00edticas p\u00fablicas en sinton\u00eda con las demandas de la sociedad\u201d, remarc\u00f3. A la par, celebr\u00f3 el trabajo de la Secretar\u00eda de Asuntos Estrat\u00e9gicos junto al \u00e1rea de Municipios para posicionar estas herramientas de formaci\u00f3n en territorio. \u201cQuiero destacar esta visi\u00f3n del gobernador Zdero donde los actores locales son los motores de crecimiento y desarrollo econ\u00f3mico de la provincia\u201d, concluy\u00f3.<\/p>\n\n\n\n<p>Destinatarios y disertantes<\/p>\n\n\n\n<p>Est\u00e1r\u00e1n destinadas a las autoridades, funcionarios y personal de los municipios del Chaco, abogados, procuradores, escribanos, contadores, martilleros y otros profesionales vinculados con la gesti\u00f3n de Gobierno Municipal y las Pol\u00edticas P\u00fablicas de la provincia del Chaco y el pa\u00eds, adem\u00e1s de docentes universitarios de la carrera de abogac\u00eda y procuraci\u00f3n.<\/p>\n\n\n\n<p>Disertar\u00e1n \u2013 en el \u00e1mbito nacional, los doctores Fernando Comadiran, Mar\u00eda Gabriela Abalos, N\u00e9stor Losa, Mirian Ivannega, Juan Pablo Troncoso y Enrique Marchiaro. Del \u00e1mbito local disertar\u00e1n los abogados Gustavo Leguizam\u00f3n, Alejandra Ferreyra, Gabriela Galarza, Ricardo Marim\u00f3n, Enrique Grvabac y la contadora Miriam Diez.<\/p>\n","protected":false},"excerpt":{"rendered":"<p>El evento, organizado por la Subsecretar\u00eda de Municipios, dependiente de la Secretar\u00eda de Asuntos Estrat\u00e9gicos del Gobierno provincial, se llevar\u00e1 a cabo el 7 y 8 de junio en S\u00e1enz Pe\u00f1a, para todos los municipios del Chaco. Disertar\u00e1n prestigiosos profesionales del pa\u00eds y la provincia. El Gobierno provincial anunci\u00f3 este martes las \u201cPrimeras Jornadas Provinciales [&hellip;]<\/p>\n","protected":false},"author":3,"featured_media":14144,"comment_status":"closed","ping_status":"closed","sticky":false,"template":"","format":"standard","meta":{"om_disable_all_campaigns":false,"_monsterinsights_skip_tracking":false,"_monsterinsights_sitenote_active":false,"_monsterinsights_sitenote_note":"","_monsterinsights_sitenote_category":0,"footnotes":""},"categories":[33,5],"tags":[4236,3607,525],"class_list":["post-14142","post","type-post","status-publish","format-standard","has-post-thumbnail","hentry","category-chaco","category-economia","tag-derecho-municipal","tag-estrategia-politica","tag-politicas-publicas"],"aioseo_notices":[],"amp_enabled":true,"_links":{"self":[{"href":"https:\/\/diariodigitalnea.com\/index.php\/wp-json\/wp\/v2\/posts\/14142","targetHints":{"allow":["GET"]}}],"collection":[{"href":"https:\/\/diariodigitalnea.com\/index.php\/wp-json\/wp\/v2\/posts"}],"about":[{"href":"https:\/\/diariodigitalnea.com\/index.php\/wp-json\/wp\/v2\/types\/post"}],"author":[{"embeddable":true,"href":"https:\/\/diariodigitalnea.com\/index.php\/wp-json\/wp\/v2\/users\/3"}],"replies":[{"embeddable":true,"href":"https:\/\/diariodigitalnea.com\/index.php\/wp-json\/wp\/v2\/comments?post=14142"}],"version-history":[{"count":1,"href":"https:\/\/diariodigitalnea.com\/index.php\/wp-json\/wp\/v2\/posts\/14142\/revisions"}],"predecessor-version":[{"id":14146,"href":"https:\/\/diariodigitalnea.com\/index.php\/wp-json\/wp\/v2\/posts\/14142\/revisions\/14146"}],"wp:featuredmedia":[{"embeddable":true,"href":"https:\/\/diariodigitalnea.com\/index.php\/wp-json\/wp\/v2\/media\/14144"}],"wp:attachment":[{"href":"https:\/\/diariodigitalnea.com\/index.php\/wp-json\/wp\/v2\/media?parent=14142"}],"wp:term":[{"taxonomy":"category","embeddable":true,"href":"https:\/\/diariodigitalnea.com\/index.php\/wp-json\/wp\/v2\/categories?post=14142"},{"taxonomy":"post_tag","embeddable":true,"href":"https:\/\/diariodigitalnea.com\/index.php\/wp-json\/wp\/v2\/tags?post=14142"}],"curies":[{"name":"wp","href":"https:\/\/api.w.org\/{rel}","templated":true}]}}