{"id":14110,"date":"2024-05-20T15:26:29","date_gmt":"2024-05-20T15:26:29","guid":{"rendered":"https:\/\/diariodigitalnea.com\/?p=14110"},"modified":"2024-05-20T15:26:30","modified_gmt":"2024-05-20T15:26:30","slug":"vacaciones-de-invierno-2024-cuando-comienza-el-receso-escolar-en-el-chaco","status":"publish","type":"post","link":"https:\/\/diariodigitalnea.com\/index.php\/2024\/05\/20\/vacaciones-de-invierno-2024-cuando-comienza-el-receso-escolar-en-el-chaco\/","title":{"rendered":"Vacaciones de invierno 2024: cu\u00e1ndo comienza el receso escolar en el Chaco"},"content":{"rendered":"\n<p>De acuerdo al cronograma de iniciaci\u00f3n y finalizaci\u00f3n del ciclo lectivo de 2024, el receso invernal ser\u00e1 del 15 al 26 de julio.<\/p>\n\n\n\n<p>Para alumnos y padres comenz\u00f3 el recuento para el inicia de las vacaciones de invierno, el cual para la provincia del Chaco est\u00e1 estipulado que sea del 15 al 26 de julio, retomando la segunda mitad del a\u00f1o el lunes 29 de julio.<\/p>\n\n\n\n<p>El Ministerio de Educaci\u00f3n de la Provincia defini\u00f3 el receso de invierno para el mes de julio seg\u00fan el calendario escolar de 2024. Tanto para la ciudad de Resistencia como para el resto de la provincia, el \u00faltimo d\u00eda de clase de este primer tramo del a\u00f1o ser\u00e1 el viernes 12 de julio, oficializando el lunes 15 como primer d\u00eda de receso. Se volver\u00e1 a las clases el pr\u00f3ximo lunes 29 de julio.<\/p>\n","protected":false},"excerpt":{"rendered":"<p>De acuerdo al cronograma de iniciaci\u00f3n y finalizaci\u00f3n del ciclo lectivo de 2024, el receso invernal ser\u00e1 del 15 al 26 de julio. Para alumnos y padres comenz\u00f3 el recuento para el inicia de las vacaciones de invierno, el cual para la provincia del Chaco est\u00e1 estipulado que sea del 15 al 26 de julio, [&hellip;]<\/p>\n","protected":false},"author":3,"featured_media":14111,"comment_status":"closed","ping_status":"closed","sticky":false,"template":"","format":"standard","meta":{"om_disable_all_campaigns":false,"_monsterinsights_skip_tracking":false,"_monsterinsights_sitenote_active":false,"_monsterinsights_sitenote_note":"","_monsterinsights_sitenote_category":0,"footnotes":""},"categories":[33],"tags":[192,4226,2652],"class_list":["post-14110","post","type-post","status-publish","format-standard","has-post-thumbnail","hentry","category-chaco","tag-educacion","tag-receso-invernal","tag-vacaciones-de-invierno"],"aioseo_notices":[],"amp_enabled":true,"_links":{"self":[{"href":"https:\/\/diariodigitalnea.com\/index.php\/wp-json\/wp\/v2\/posts\/14110","targetHints":{"allow":["GET"]}}],"collection":[{"href":"https:\/\/diariodigitalnea.com\/index.php\/wp-json\/wp\/v2\/posts"}],"about":[{"href":"https:\/\/diariodigitalnea.com\/index.php\/wp-json\/wp\/v2\/types\/post"}],"author":[{"embeddable":true,"href":"https:\/\/diariodigitalnea.com\/index.php\/wp-json\/wp\/v2\/users\/3"}],"replies":[{"embeddable":true,"href":"https:\/\/diariodigitalnea.com\/index.php\/wp-json\/wp\/v2\/comments?post=14110"}],"version-history":[{"count":1,"href":"https:\/\/diariodigitalnea.com\/index.php\/wp-json\/wp\/v2\/posts\/14110\/revisions"}],"predecessor-version":[{"id":14112,"href":"https:\/\/diariodigitalnea.com\/index.php\/wp-json\/wp\/v2\/posts\/14110\/revisions\/14112"}],"wp:featuredmedia":[{"embeddable":true,"href":"https:\/\/diariodigitalnea.com\/index.php\/wp-json\/wp\/v2\/media\/14111"}],"wp:attachment":[{"href":"https:\/\/diariodigitalnea.com\/index.php\/wp-json\/wp\/v2\/media?parent=14110"}],"wp:term":[{"taxonomy":"category","embeddable":true,"href":"https:\/\/diariodigitalnea.com\/index.php\/wp-json\/wp\/v2\/categories?post=14110"},{"taxonomy":"post_tag","embeddable":true,"href":"https:\/\/diariodigitalnea.com\/index.php\/wp-json\/wp\/v2\/tags?post=14110"}],"curies":[{"name":"wp","href":"https:\/\/api.w.org\/{rel}","templated":true}]}}