{"id":141,"date":"2022-08-19T22:24:44","date_gmt":"2022-08-19T22:24:44","guid":{"rendered":"https:\/\/diariodigitalnea.com\/?p=141"},"modified":"2022-08-19T22:32:02","modified_gmt":"2022-08-19T22:32:02","slug":"aparecio-otro-video-de-la-fiesta-de-sanna-marin-y-la-primera-ministra-de-finlandia-se-sometio-a-un-test-de-drogas","status":"publish","type":"post","link":"https:\/\/diariodigitalnea.com\/index.php\/2022\/08\/19\/aparecio-otro-video-de-la-fiesta-de-sanna-marin-y-la-primera-ministra-de-finlandia-se-sometio-a-un-test-de-drogas\/","title":{"rendered":"Apareci\u00f3 otro video de la fiesta de Sanna Marin y la primera ministra de Finlandia se someti\u00f3 a un test de drogas"},"content":{"rendered":"\n<p>La primera ministra de Finlandia,&nbsp;<strong>Sanna Marin, desminti\u00f3 de nuevo este viernes haber consumido sustancias estupefacientes durante una fiesta y anunci\u00f3 que se ha sometido a un test de drogas \u201cpara limpiar su reputaci\u00f3n\u201d,&nbsp;<\/strong>cuyos resultados se har\u00e1n p\u00fablicos dentro de una semana.<\/p>\n\n\n\n<p>\u00abEn los \u00faltimos d\u00edas se han hecho p\u00fablicas acusaciones bastante graves de que he consumido drogas. Por mi propia protecci\u00f3n legal, aunque considero que la exigencia de un test de drogas no es razonable, para borrar tales sospechas hoy me he sometido a un test de drogas\u00bb, dijo en una rueda de prensa.<\/p>\n\n\n\n<p>Marin, quien se ha visto envuelta en una pol\u00e9mica tras filtrarse un v\u00eddeo en el que aparece cantando y bailando en una fiesta privada, afirm\u00f3 que nunca ha tomado drogas ni ha visto a nadie tomarlas.<\/p>\n\n\n\n<figure class=\"wp-block-embed is-type-video is-provider-youtube wp-block-embed-youtube wp-embed-aspect-16-9 wp-has-aspect-ratio\"><div class=\"wp-block-embed__wrapper\">\n<iframe title=\"Critican a Premier de Finlandia por una fiesta\" width=\"1200\" height=\"675\" src=\"https:\/\/www.youtube.com\/embed\/kYJBde340FE?feature=oembed\" frameborder=\"0\" allow=\"accelerometer; autoplay; clipboard-write; encrypted-media; gyroscope; picture-in-picture\" allowfullscreen><\/iframe>\n<\/div><\/figure>\n\n\n\n<p><strong>\u201cNunca en mi vida, ni siquiera en mi juventud, he consumido drogas. Ojal\u00e1 vivi\u00e9ramos en una sociedad en la que se pudiera confiar en mi palabra. Pero como ahora quieren levantar esas sospechas, por eso me hice la prueba\u201d<\/strong>, afirm\u00f3.<\/p>\n\n\n\n<p>\u00abA m\u00ed tambi\u00e9n me concierne la presunci\u00f3n de inocencia y me gustar\u00eda que no se lanzasen estas acusaciones\u00bb, a\u00f1adi\u00f3.<\/p>\n","protected":false},"excerpt":{"rendered":"<p>La primera ministra de Finlandia,&nbsp;Sanna Marin, desminti\u00f3 de nuevo este viernes haber consumido sustancias estupefacientes durante una fiesta y anunci\u00f3 que se ha sometido a un test de drogas \u201cpara limpiar su reputaci\u00f3n\u201d,&nbsp;cuyos resultados se har\u00e1n p\u00fablicos dentro de una semana. \u00abEn los \u00faltimos d\u00edas se han hecho p\u00fablicas acusaciones bastante graves de que he [&hellip;]<\/p>\n","protected":false},"author":4,"featured_media":149,"comment_status":"open","ping_status":"open","sticky":false,"template":"","format":"standard","meta":{"om_disable_all_campaigns":false,"_monsterinsights_skip_tracking":false,"_monsterinsights_sitenote_active":false,"_monsterinsights_sitenote_note":"","_monsterinsights_sitenote_category":0,"footnotes":""},"categories":[9],"tags":[26],"class_list":["post-141","post","type-post","status-publish","format-standard","has-post-thumbnail","hentry","category-internacionales","tag-finlandia"],"aioseo_notices":[],"amp_enabled":true,"_links":{"self":[{"href":"https:\/\/diariodigitalnea.com\/index.php\/wp-json\/wp\/v2\/posts\/141","targetHints":{"allow":["GET"]}}],"collection":[{"href":"https:\/\/diariodigitalnea.com\/index.php\/wp-json\/wp\/v2\/posts"}],"about":[{"href":"https:\/\/diariodigitalnea.com\/index.php\/wp-json\/wp\/v2\/types\/post"}],"author":[{"embeddable":true,"href":"https:\/\/diariodigitalnea.com\/index.php\/wp-json\/wp\/v2\/users\/4"}],"replies":[{"embeddable":true,"href":"https:\/\/diariodigitalnea.com\/index.php\/wp-json\/wp\/v2\/comments?post=141"}],"version-history":[{"count":1,"href":"https:\/\/diariodigitalnea.com\/index.php\/wp-json\/wp\/v2\/posts\/141\/revisions"}],"predecessor-version":[{"id":142,"href":"https:\/\/diariodigitalnea.com\/index.php\/wp-json\/wp\/v2\/posts\/141\/revisions\/142"}],"wp:featuredmedia":[{"embeddable":true,"href":"https:\/\/diariodigitalnea.com\/index.php\/wp-json\/wp\/v2\/media\/149"}],"wp:attachment":[{"href":"https:\/\/diariodigitalnea.com\/index.php\/wp-json\/wp\/v2\/media?parent=141"}],"wp:term":[{"taxonomy":"category","embeddable":true,"href":"https:\/\/diariodigitalnea.com\/index.php\/wp-json\/wp\/v2\/categories?post=141"},{"taxonomy":"post_tag","embeddable":true,"href":"https:\/\/diariodigitalnea.com\/index.php\/wp-json\/wp\/v2\/tags?post=141"}],"curies":[{"name":"wp","href":"https:\/\/api.w.org\/{rel}","templated":true}]}}