{"id":14008,"date":"2024-05-09T23:08:21","date_gmt":"2024-05-09T23:08:21","guid":{"rendered":"https:\/\/diariodigitalnea.com\/?p=14008"},"modified":"2024-05-09T23:08:22","modified_gmt":"2024-05-09T23:08:22","slug":"encontraron-a-ludmila-karban-sin-vida-en-el-campo-de-su-padre-con-al-menos-un-disparo-en-la-cabeza","status":"publish","type":"post","link":"https:\/\/diariodigitalnea.com\/index.php\/2024\/05\/09\/encontraron-a-ludmila-karban-sin-vida-en-el-campo-de-su-padre-con-al-menos-un-disparo-en-la-cabeza\/","title":{"rendered":"Encontraron a Ludmila Karban sin vida en el campo de su padre, con al menos un disparo en la cabeza"},"content":{"rendered":"\n<p>Fuentes cercanas a la investigaci\u00f3n confirmaron  Romina Ludmila Karban \u00abten\u00eda al menos un disparo de arma de fuego en la cabeza\u00bb y en el lugar se \u00abencontr\u00f3 una vaina servida\u00bb.<\/p>\n\n\n\n<p><br>Romina Ludmila Karban fue hallada en la siesta de este jueves luego de estar un d\u00eda desaparecida. La moto en la que se trasladaba fue encontrada a 50 metros de su cuerpo sin vida en un campo de una zona rural y las causas de su muerte se est\u00e1n investigando.<\/p>\n\n\n\n<p><\/p>\n\n\n\n<p>Fuentes cercanas a la investigaci\u00f3n confirmaron que Karban \u00abten\u00eda al menos un disparo de arma de fuego en su cabeza y el otro no lo pudieron detectar\u00bb. En el lugar del hallazgo, encontraron \u00abdos vainas servidas\u00bb.<\/p>\n\n\n\n<figure class=\"wp-block-image size-large\"><img fetchpriority=\"high\" decoding=\"async\" width=\"1024\" height=\"513\" src=\"http:\/\/diariodigitalnea.com\/wp-content\/uploads\/2023\/05\/ENCUENTRO-IG-Verde-copy-1024x513.jpg\" alt=\"PUBLICIDAD\" class=\"wp-image-8132\" srcset=\"https:\/\/diariodigitalnea.com\/wp-content\/uploads\/2023\/05\/ENCUENTRO-IG-Verde-copy-1024x513.jpg 1024w, https:\/\/diariodigitalnea.com\/wp-content\/uploads\/2023\/05\/ENCUENTRO-IG-Verde-copy-300x150.jpg 300w, https:\/\/diariodigitalnea.com\/wp-content\/uploads\/2023\/05\/ENCUENTRO-IG-Verde-copy-768x385.jpg 768w, https:\/\/diariodigitalnea.com\/wp-content\/uploads\/2023\/05\/ENCUENTRO-IG-Verde-copy-1536x769.jpg 1536w, https:\/\/diariodigitalnea.com\/wp-content\/uploads\/2023\/05\/ENCUENTRO-IG-Verde-copy-2048x1026.jpg 2048w\" sizes=\"(max-width: 1024px) 100vw, 1024px\" \/><figcaption class=\"wp-element-caption\">Publicidad: Encuentro Tienda de Bebidas, Chile 190 Local 4 \u2013 Tel: 3624386655 &#8211; Gral San Mart\u00edn<\/figcaption><\/figure>\n\n\n\n<p>Adem\u00e1s, se precis\u00f3 que el cuerpo fue llevado al IMCIF de Resistencia para realizarle una placa y luego volver\u00e1 a la morgue de S\u00e1enz Pe\u00f1a para la autopsia. Se espera ampliaci\u00f3n con las investigaciones pertinentes en el lugar.<br>El jefe de la Polic\u00eda del Chaco, Fernando Romero, confirm\u00f3 a este medio que el hallazgo se produjo a 23 kil\u00f3metros al norte de S\u00e1enz Pe\u00f1a, en \u00abPampa La Florida\u00bb, propiedad de la familia de Karban .<\/p>\n\n\n\n<p><\/p>\n\n\n\n<p>El cuerpo se encontraba con un disparo de arma de fuego en el cr\u00e1neo y dos vainas servidas de una pistola calibe 9 mil\u00edmetros. Tambi\u00e9n se indic\u00f3 que \u00abposiblemente tenga otro disparo\u00bb, aunque no hay precisiones y se esperar\u00e1 a los resultados de la autopsia, aunque con estos datos se\u00f1al\u00f3 que \u00abya se podr\u00eda descartar la hip\u00f3tesis de un suicidio\u00bb.<\/p>\n\n\n\n<figure class=\"wp-block-image size-large\"><img decoding=\"async\" width=\"1024\" height=\"683\" src=\"https:\/\/diariodigitalnea.com\/wp-content\/uploads\/2024\/05\/karban2-1024x683.jpg\" alt=\"\" class=\"wp-image-14011\" srcset=\"https:\/\/diariodigitalnea.com\/wp-content\/uploads\/2024\/05\/karban2-1024x683.jpg 1024w, https:\/\/diariodigitalnea.com\/wp-content\/uploads\/2024\/05\/karban2-300x200.jpg 300w, https:\/\/diariodigitalnea.com\/wp-content\/uploads\/2024\/05\/karban2-768x512.jpg 768w, https:\/\/diariodigitalnea.com\/wp-content\/uploads\/2024\/05\/karban2-1536x1024.jpg 1536w, https:\/\/diariodigitalnea.com\/wp-content\/uploads\/2024\/05\/karban2-900x600.jpg 900w, https:\/\/diariodigitalnea.com\/wp-content\/uploads\/2024\/05\/karban2.jpg 1620w\" sizes=\"(max-width: 1024px) 100vw, 1024px\" \/><\/figure>\n\n\n\n<p>Tambi\u00e9n Romero descart\u00f3 la posibilidad de que el m\u00f3vil del homicidio sea una \u00abcuesti\u00f3n sentimental\u00bb, ya que \u00abno tenemos antecedentes de violencia de g\u00e9nero con la pareja. No hay medidas restrictivas, bot\u00f3n anti p\u00e1nico, ni denuncias anteriores hacia la pareja. En principio, el car\u00e1cter es homicidio\u00bb.<\/p>\n\n\n\n<p><\/p>\n\n\n\n<p>\u00abPuede ser cuestiones de familia, problemas de herencia, de campo, discusiones familiares\u00bb, se\u00f1al\u00f3 Romero, aunque no hay ninguna confirmaci\u00f3n oficial.<\/p>\n\n\n\n<p><\/p>\n\n\n\n<p>El jefe de la Polic\u00eda inform\u00f3 que a partir de ahora la causa queda en manos de la fiscal Liliana Luppi, quien se encargar\u00e1 de las investigaciones pertinentes y el avance del caso. Los efectivos policiales continuar\u00e1n con las tareas de rastrillaje en el campo ma\u00f1ana con la luz del d\u00eda, buscando evidencias.<\/p>\n\n\n\n<p><br><strong>EL HALLAZGO DEL CUERPO<br><\/strong>Tras un d\u00eda de b\u00fasqueda, Romina Ludmila Karban de 30 a\u00f1os fue encontrada sin vida este jueves en S\u00e1enz Pe\u00f1a. Las primeras informaciones indicaron que estaba \u00aboculta entre matorrales\u00bb y su moto se encontraba \u00abun poco m\u00e1s adelante a unos 50 metros del cuerpo\u00bb.<\/p>\n\n\n\n<figure class=\"wp-block-image size-large\"><img decoding=\"async\" width=\"1024\" height=\"576\" src=\"https:\/\/diariodigitalnea.com\/wp-content\/uploads\/2024\/05\/karban6-1024x576.jpg\" alt=\"\" class=\"wp-image-14010\" srcset=\"https:\/\/diariodigitalnea.com\/wp-content\/uploads\/2024\/05\/karban6-1024x576.jpg 1024w, https:\/\/diariodigitalnea.com\/wp-content\/uploads\/2024\/05\/karban6-300x169.jpg 300w, https:\/\/diariodigitalnea.com\/wp-content\/uploads\/2024\/05\/karban6-768x432.jpg 768w, https:\/\/diariodigitalnea.com\/wp-content\/uploads\/2024\/05\/karban6.jpg 1280w\" sizes=\"(max-width: 1024px) 100vw, 1024px\" \/><\/figure>\n\n\n\n<p>Tras los primeros informes, la Polic\u00eda adelant\u00f3 que, tras las tareas investigativas, cerca de las 13:45 horas lograron hallar en un campo de 160 hect\u00e1reas de una zona rural la motocicleta Honda Wave 110 cc color roja en la que se trasladaba la desaparecida, estando la misma abandonada y con la llave de ignici\u00f3n colocada.<\/p>\n\n\n\n<p><br>Luego de hacer los relevamientos en el lugar, lograron hallar a Romina Karban a unos 50 metros de la motocicleta, precisando que estaba \u00abacostada en el suelo cubito ventral\u00bb (en posici\u00f3n boca abajo y la cabeza de lado), e informaron que la misma se encontraba \u00abcubierto su rostro con su cabello, emanando liquido rojo de sus o\u00eddos, sin signos vitales\u00bb e indicaron en ese momento que \u00abconforme vestimenta femenina podr\u00eda tratarse de damnificada\u00bb.<\/p>\n\n\n\n<p><\/p>\n\n\n\n<p>En el lugar se hab\u00edan hecho presente Divisi\u00f3n de Investigaciones Complejas Interior S\u00e1enz Pe\u00f1a, Supervisores Zona VII\u00b0 y IX\u00b0, Doctor General de Seguridad Interior y distintos oficiales jefes titulares de comisar\u00edas locales.<\/p>\n\n\n\n<figure class=\"wp-block-image size-large\"><img loading=\"lazy\" decoding=\"async\" width=\"1024\" height=\"446\" src=\"http:\/\/diariodigitalnea.com\/wp-content\/uploads\/2023\/05\/CONSTRUCAL-CON-FABRICA-2-1024x446.jpg\" alt=\"publicidad Construcal 2\" class=\"wp-image-8211\" srcset=\"https:\/\/diariodigitalnea.com\/wp-content\/uploads\/2023\/05\/CONSTRUCAL-CON-FABRICA-2-1024x446.jpg 1024w, https:\/\/diariodigitalnea.com\/wp-content\/uploads\/2023\/05\/CONSTRUCAL-CON-FABRICA-2-300x131.jpg 300w, https:\/\/diariodigitalnea.com\/wp-content\/uploads\/2023\/05\/CONSTRUCAL-CON-FABRICA-2-768x334.jpg 768w, https:\/\/diariodigitalnea.com\/wp-content\/uploads\/2023\/05\/CONSTRUCAL-CON-FABRICA-2-1536x669.jpg 1536w, https:\/\/diariodigitalnea.com\/wp-content\/uploads\/2023\/05\/CONSTRUCAL-CON-FABRICA-2-2048x892.jpg 2048w\" sizes=\"(max-width: 1024px) 100vw, 1024px\" \/><figcaption class=\"wp-element-caption\">Publicidad: ConstruCal Cales hidratas y vivas para uso vial y construcci\u00f3n TEL: 3624602737\n<\/figcaption><\/figure>\n\n\n\n<p><br><strong>LA DESAPARICI\u00d3N<br><\/strong>Su pareja fue quien hab\u00eda realizado la denuncia este mi\u00e9rcoles a las 23:00 cuando not\u00f3 que no regres\u00f3 a su domicilio, y hab\u00eda mencionado a los efectivos policiales que la estuvo buscando durante todo el d\u00eda, pero no daba con su paradero.<\/p>\n\n\n\n<p><\/p>\n\n\n\n<p>Al momento de su desaparici\u00f3n, Romina Karban vest\u00eda una remera deportiva color blanca de mangas cortas, una campera verde de rompeviento con capucha, llevaba puesta una calza color negro y zapatillas marca Fila de color negro<\/p>\n\n\n\n<figure class=\"wp-block-image size-large\"><img loading=\"lazy\" decoding=\"async\" width=\"1024\" height=\"577\" src=\"https:\/\/diariodigitalnea.com\/wp-content\/uploads\/2024\/05\/karban4-1024x577.jpg\" alt=\"\" class=\"wp-image-14009\" srcset=\"https:\/\/diariodigitalnea.com\/wp-content\/uploads\/2024\/05\/karban4-1024x577.jpg 1024w, https:\/\/diariodigitalnea.com\/wp-content\/uploads\/2024\/05\/karban4-300x169.jpg 300w, https:\/\/diariodigitalnea.com\/wp-content\/uploads\/2024\/05\/karban4-768x432.jpg 768w, https:\/\/diariodigitalnea.com\/wp-content\/uploads\/2024\/05\/karban4-1536x865.jpg 1536w, https:\/\/diariodigitalnea.com\/wp-content\/uploads\/2024\/05\/karban4.jpg 2048w\" sizes=\"(max-width: 1024px) 100vw, 1024px\" \/><\/figure>\n\n\n\n<p>La mujer ten\u00eda consigo su tel\u00e9fono celular y se movilizaba en una motocicleta marca Honda Wave 110cc, la cual se indic\u00f3 que se encontraba cerca de donde la hallaron.<\/p>\n\n\n\n<p><\/p>\n\n\n\n<p>Por disposici\u00f3n de la Fiscal\u00eda, se hab\u00eda dispuesto el protocolo de b\u00fasqueda de personas, donde solicitaron la colaboraci\u00f3n de efectivos de la Comisar\u00eda Cuarta y la Divisi\u00f3n de Investigaciones Complejas.<\/p>\n\n\n\n<figure class=\"wp-block-image size-large\"><img loading=\"lazy\" decoding=\"async\" width=\"1024\" height=\"607\" src=\"http:\/\/diariodigitalnea.com\/wp-content\/uploads\/2023\/11\/DDN-FOTO-PC-Y-CEL-1024x607.jpg\" alt=\"publicidad\" class=\"wp-image-11794\" srcset=\"https:\/\/diariodigitalnea.com\/wp-content\/uploads\/2023\/11\/DDN-FOTO-PC-Y-CEL-1024x607.jpg 1024w, https:\/\/diariodigitalnea.com\/wp-content\/uploads\/2023\/11\/DDN-FOTO-PC-Y-CEL-300x178.jpg 300w, https:\/\/diariodigitalnea.com\/wp-content\/uploads\/2023\/11\/DDN-FOTO-PC-Y-CEL-768x455.jpg 768w, https:\/\/diariodigitalnea.com\/wp-content\/uploads\/2023\/11\/DDN-FOTO-PC-Y-CEL-1536x910.jpg 1536w, https:\/\/diariodigitalnea.com\/wp-content\/uploads\/2023\/11\/DDN-FOTO-PC-Y-CEL.jpg 2000w\" sizes=\"(max-width: 1024px) 100vw, 1024px\" \/><figcaption class=\"wp-element-caption\">Diario Digital Nea. Noticias de la regi\u00f3n y el mundo. <\/figcaption><\/figure>\n","protected":false},"excerpt":{"rendered":"<p>Fuentes cercanas a la investigaci\u00f3n confirmaron Romina Ludmila Karban \u00abten\u00eda al menos un disparo de arma de fuego en la cabeza\u00bb y en el lugar se \u00abencontr\u00f3 una vaina servida\u00bb. Romina Ludmila Karban fue hallada en la siesta de este jueves luego de estar un d\u00eda desaparecida. La moto en la que se trasladaba fue [&hellip;]<\/p>\n","protected":false},"author":4,"featured_media":14012,"comment_status":"closed","ping_status":"closed","sticky":false,"template":"","format":"standard","meta":{"om_disable_all_campaigns":false,"_monsterinsights_skip_tracking":false,"_monsterinsights_sitenote_active":false,"_monsterinsights_sitenote_note":"","_monsterinsights_sitenote_category":0,"footnotes":""},"categories":[33,52],"tags":[1215,4200,2265],"class_list":["post-14008","post","type-post","status-publish","format-standard","has-post-thumbnail","hentry","category-chaco","category-policiales","tag-asesinato","tag-karban","tag-saenz-pena-2"],"aioseo_notices":[],"amp_enabled":true,"_links":{"self":[{"href":"https:\/\/diariodigitalnea.com\/index.php\/wp-json\/wp\/v2\/posts\/14008","targetHints":{"allow":["GET"]}}],"collection":[{"href":"https:\/\/diariodigitalnea.com\/index.php\/wp-json\/wp\/v2\/posts"}],"about":[{"href":"https:\/\/diariodigitalnea.com\/index.php\/wp-json\/wp\/v2\/types\/post"}],"author":[{"embeddable":true,"href":"https:\/\/diariodigitalnea.com\/index.php\/wp-json\/wp\/v2\/users\/4"}],"replies":[{"embeddable":true,"href":"https:\/\/diariodigitalnea.com\/index.php\/wp-json\/wp\/v2\/comments?post=14008"}],"version-history":[{"count":1,"href":"https:\/\/diariodigitalnea.com\/index.php\/wp-json\/wp\/v2\/posts\/14008\/revisions"}],"predecessor-version":[{"id":14013,"href":"https:\/\/diariodigitalnea.com\/index.php\/wp-json\/wp\/v2\/posts\/14008\/revisions\/14013"}],"wp:featuredmedia":[{"embeddable":true,"href":"https:\/\/diariodigitalnea.com\/index.php\/wp-json\/wp\/v2\/media\/14012"}],"wp:attachment":[{"href":"https:\/\/diariodigitalnea.com\/index.php\/wp-json\/wp\/v2\/media?parent=14008"}],"wp:term":[{"taxonomy":"category","embeddable":true,"href":"https:\/\/diariodigitalnea.com\/index.php\/wp-json\/wp\/v2\/categories?post=14008"},{"taxonomy":"post_tag","embeddable":true,"href":"https:\/\/diariodigitalnea.com\/index.php\/wp-json\/wp\/v2\/tags?post=14008"}],"curies":[{"name":"wp","href":"https:\/\/api.w.org\/{rel}","templated":true}]}}