{"id":13994,"date":"2024-05-08T16:22:50","date_gmt":"2024-05-08T16:22:50","guid":{"rendered":"https:\/\/diariodigitalnea.com\/?p=13994"},"modified":"2024-05-08T16:22:51","modified_gmt":"2024-05-08T16:22:51","slug":"se-conocio-el-diagnostico-oficial-de-emilia-mernes-tras-la-preocupacion-por-su-salud","status":"publish","type":"post","link":"https:\/\/diariodigitalnea.com\/index.php\/2024\/05\/08\/se-conocio-el-diagnostico-oficial-de-emilia-mernes-tras-la-preocupacion-por-su-salud\/","title":{"rendered":"Se conoci\u00f3 el diagn\u00f3stico oficial de Emilia Mernes tras la preocupaci\u00f3n por su salud"},"content":{"rendered":"\n<p>La cantante fue sometida a una endoscop\u00eda y debe seguir en reposo para recuperarse en su totalidad.<\/p>\n\n\n\n<p>Emilia Mernes fue internada en las \u00faltimas horas y, tras la preocupaci\u00f3n por su salud, dieron a conocer el primer diagn\u00f3stico oficial.<\/p>\n\n\n\n<p>Desde la productora Fenix Entertainment Group difundieron un comunicado y revelaron: <strong>\u00abEn relaci\u00f3n a la salud de Emilia, queremos informarles que se le realizaron los estudios correspondientes y, seg\u00fan los resultados de una endoscop\u00eda, fue diagnosticada con gastroenteritis aguda\u00bb<\/strong>.<\/p>\n\n\n\n<figure class=\"wp-block-image size-full\"><img fetchpriority=\"high\" decoding=\"async\" width=\"950\" height=\"534\" src=\"http:\/\/diariodigitalnea.com\/wp-content\/uploads\/2024\/05\/emilia.jpg\" alt=\"\" class=\"wp-image-13995\" srcset=\"https:\/\/diariodigitalnea.com\/wp-content\/uploads\/2024\/05\/emilia.jpg 950w, https:\/\/diariodigitalnea.com\/wp-content\/uploads\/2024\/05\/emilia-300x169.jpg 300w, https:\/\/diariodigitalnea.com\/wp-content\/uploads\/2024\/05\/emilia-768x432.jpg 768w\" sizes=\"(max-width: 950px) 100vw, 950px\" \/><\/figure>\n\n\n\n<p>\u00abPor recomendaci\u00f3n m\u00e9dica, se le indic\u00f3 reposo de 96 horas adicionales para su pronta recuperaci\u00f3n. Gracias a los fans y a los medios por sus buenos deseos y seguimiento de salud\u00bb, concluyeron.<\/p>\n\n\n\n<h2 class=\"wp-block-heading\">Qu\u00e9 le pas\u00f3 a Emilia Mernes<\/h2>\n\n\n\n<p>Emilia Mernes cancel\u00f3 sus shows la semana pasada en el Movistar Arena de Buenos Aires por problemas de salud, y reprogram\u00f3 las fechas para que las personas puedan volver a asistir a los recitales. Sin embargo, en las \u00faltimas horas fue internada y desde su equipo de prensa dieron un comunicado en la redes.<\/p>\n\n\n\n<p>\u00abEl concierto de Emilia del 7 de mayo ser\u00e1 nuevamente reprogramado debido a que contin\u00faa bajo observaci\u00f3n m\u00e9dica anunciando la nueva fecha para el 26 de mayo\u00bb, comenzaron diciendo en el comunicado.<\/p>\n\n\n\n<figure class=\"wp-block-image size-large\"><img decoding=\"async\" width=\"597\" height=\"1024\" src=\"http:\/\/diariodigitalnea.com\/wp-content\/uploads\/2024\/05\/comunicado-597x1024.jpg\" alt=\"\" class=\"wp-image-13998\" srcset=\"https:\/\/diariodigitalnea.com\/wp-content\/uploads\/2024\/05\/comunicado-597x1024.jpg 597w, https:\/\/diariodigitalnea.com\/wp-content\/uploads\/2024\/05\/comunicado-175x300.jpg 175w, https:\/\/diariodigitalnea.com\/wp-content\/uploads\/2024\/05\/comunicado-768x1317.jpg 768w, https:\/\/diariodigitalnea.com\/wp-content\/uploads\/2024\/05\/comunicado-896x1536.jpg 896w, https:\/\/diariodigitalnea.com\/wp-content\/uploads\/2024\/05\/comunicado.jpg 900w\" sizes=\"(max-width: 597px) 100vw, 597px\" \/><\/figure>\n\n\n\n<p><strong>\u00abEmilia fue nuevamente internada para someterse a estudios cl\u00ednicos, impidiendo su participaci\u00f3n en el show programado para el d\u00eda martes 7, posponi\u00e9ndose para el 26 de mayo\u00bb<\/strong>, aclararon.<\/p>\n\n\n\n<p>Luego, anunciaron c\u00f3mo ser\u00e1 la modalidad para los que compraron las entradas: \u00abLos tickets con fecha 3 de mayo son v\u00e1lidos para la nueva funci\u00f3n del 26 de mayo. Se informar\u00e1 a trav\u00e9s de redes sociales c\u00f3mo siguen sus conciertos inmediatos\u00bb.<\/p>\n\n\n\n<p>\u00abToda la informaci\u00f3n adicional ser\u00e1 compartida en las RRSS de Emilia, Fenix Entertainment y Movistar Arena\u00bb, finalizaron en el comunicado.<\/p>\n\n\n\n<p>Si bien no se dio mucha informaci\u00f3n sobre su estado de salud, varios especularon con que podr\u00eda ser un resfr\u00edo. Sin embargo, Fefe Bongiorno, panelista de LAM (Am\u00e9rica TV) e influencer, aclar\u00f3 que ser\u00eda mucho m\u00e1s que eso, aunque nada grave.<\/p>\n\n\n\n<p>\u201cEst\u00e1 internada en observaci\u00f3n, es para hacerle los estudios. El show que se hab\u00eda pospuesto para ma\u00f1ana se volvi\u00f3 a posponer para fines de mayo, creo que para el 26. As\u00ed que bueno, para la gente que dudaba de la enfermedad, que dec\u00eda &#8216;ay es un resfr\u00edo&#8217;. No es una bol*dez, es una piba que labura un mont\u00f3n, lo da todo durante dos horas y de verdad. Si no pudo, es que no pudo\u00bb, asegur\u00f3.<\/p>\n\n\n\n<figure class=\"wp-block-image size-large\"><img decoding=\"async\" width=\"1024\" height=\"576\" src=\"http:\/\/diariodigitalnea.com\/wp-content\/uploads\/2024\/05\/emilia2-1024x576.jpg\" alt=\"\" class=\"wp-image-13996\" srcset=\"https:\/\/diariodigitalnea.com\/wp-content\/uploads\/2024\/05\/emilia2-1024x576.jpg 1024w, https:\/\/diariodigitalnea.com\/wp-content\/uploads\/2024\/05\/emilia2-300x169.jpg 300w, https:\/\/diariodigitalnea.com\/wp-content\/uploads\/2024\/05\/emilia2-768x432.jpg 768w, https:\/\/diariodigitalnea.com\/wp-content\/uploads\/2024\/05\/emilia2.jpg 1170w\" sizes=\"(max-width: 1024px) 100vw, 1024px\" \/><\/figure>\n\n\n\n<p>La cantante argentina hab\u00eda cancelado su show del viernes 3 de mayo, y explic\u00f3 los motivos con l\u00e1grimas en sus ojos arriba del escenario.<\/p>\n\n\n\n<p>\u00abQuiero pedirles perd\u00f3n porque no voy a poder hacer el show de hoy. Me siento muy mal y quiero pedir perd\u00f3n de coraz\u00f3n. Realmente no puedo\u00bb, comenz\u00f3 diciendo la cantante argentina.<\/p>\n\n\n\n<p>\u00abIntent\u00e9 hasta \u00faltimo momento para presentarme y para darles el show que se merecen, pero realmente me siento muy mal, y el m\u00e9dico me dijo que no puedo as\u00ed. Quiero pedirles perd\u00f3n de coraz\u00f3n. Gracias por estar ac\u00e1\u00bb, remarc\u00f3.<\/p>\n","protected":false},"excerpt":{"rendered":"<p>La cantante fue sometida a una endoscop\u00eda y debe seguir en reposo para recuperarse en su totalidad. Emilia Mernes fue internada en las \u00faltimas horas y, tras la preocupaci\u00f3n por su salud, dieron a conocer el primer diagn\u00f3stico oficial. Desde la productora Fenix Entertainment Group difundieron un comunicado y revelaron: \u00abEn relaci\u00f3n a la salud [&hellip;]<\/p>\n","protected":false},"author":3,"featured_media":13997,"comment_status":"closed","ping_status":"closed","sticky":false,"template":"","format":"standard","meta":{"om_disable_all_campaigns":false,"_monsterinsights_skip_tracking":false,"_monsterinsights_sitenote_active":false,"_monsterinsights_sitenote_note":"","_monsterinsights_sitenote_category":0,"footnotes":""},"categories":[7],"tags":[4196,2504,4197],"class_list":["post-13994","post","type-post","status-publish","format-standard","has-post-thumbnail","hentry","category-espectaculos","tag-emilia-mernes","tag-estado-de-salud","tag-gastroenteritis-aguda"],"aioseo_notices":[],"amp_enabled":true,"_links":{"self":[{"href":"https:\/\/diariodigitalnea.com\/index.php\/wp-json\/wp\/v2\/posts\/13994","targetHints":{"allow":["GET"]}}],"collection":[{"href":"https:\/\/diariodigitalnea.com\/index.php\/wp-json\/wp\/v2\/posts"}],"about":[{"href":"https:\/\/diariodigitalnea.com\/index.php\/wp-json\/wp\/v2\/types\/post"}],"author":[{"embeddable":true,"href":"https:\/\/diariodigitalnea.com\/index.php\/wp-json\/wp\/v2\/users\/3"}],"replies":[{"embeddable":true,"href":"https:\/\/diariodigitalnea.com\/index.php\/wp-json\/wp\/v2\/comments?post=13994"}],"version-history":[{"count":1,"href":"https:\/\/diariodigitalnea.com\/index.php\/wp-json\/wp\/v2\/posts\/13994\/revisions"}],"predecessor-version":[{"id":13999,"href":"https:\/\/diariodigitalnea.com\/index.php\/wp-json\/wp\/v2\/posts\/13994\/revisions\/13999"}],"wp:featuredmedia":[{"embeddable":true,"href":"https:\/\/diariodigitalnea.com\/index.php\/wp-json\/wp\/v2\/media\/13997"}],"wp:attachment":[{"href":"https:\/\/diariodigitalnea.com\/index.php\/wp-json\/wp\/v2\/media?parent=13994"}],"wp:term":[{"taxonomy":"category","embeddable":true,"href":"https:\/\/diariodigitalnea.com\/index.php\/wp-json\/wp\/v2\/categories?post=13994"},{"taxonomy":"post_tag","embeddable":true,"href":"https:\/\/diariodigitalnea.com\/index.php\/wp-json\/wp\/v2\/tags?post=13994"}],"curies":[{"name":"wp","href":"https:\/\/api.w.org\/{rel}","templated":true}]}}