{"id":13906,"date":"2024-05-03T11:46:36","date_gmt":"2024-05-03T11:46:36","guid":{"rendered":"https:\/\/diariodigitalnea.com\/?p=13906"},"modified":"2024-05-03T11:46:36","modified_gmt":"2024-05-03T11:46:36","slug":"el-gobierno-fijo-en-234-mil-pesos-el-salario-minimo-vital-y-movil","status":"publish","type":"post","link":"https:\/\/diariodigitalnea.com\/index.php\/2024\/05\/03\/el-gobierno-fijo-en-234-mil-pesos-el-salario-minimo-vital-y-movil\/","title":{"rendered":"El Gobierno fij\u00f3 en 234 mil pesos el Salario M\u00ednimo, Vital y M\u00f3vil"},"content":{"rendered":"\n<p>En abril, el salario m\u00ednimo era de 221.052 pesos y en marzo en 202.800.<\/p>\n\n\n\n<p><\/p>\n\n\n\n<p>Luego de que la reuni\u00f3n no prospere entre representantes sindicales, empresariales y el Gobierno, el Ejecutivo decidi\u00f3 que el Salario M\u00ednimo, Vital y M\u00f3vil se establezca en 234 mil pesos a partir de mayo.<\/p>\n\n\n\n<p><\/p>\n\n\n\n<figure class=\"wp-block-image size-large\"><img fetchpriority=\"high\" decoding=\"async\" width=\"1024\" height=\"513\" src=\"http:\/\/diariodigitalnea.com\/wp-content\/uploads\/2024\/04\/publi-GEMA-1024x513.jpg\" alt=\"publicidad\" class=\"wp-image-13586\" srcset=\"https:\/\/diariodigitalnea.com\/wp-content\/uploads\/2024\/04\/publi-GEMA-1024x513.jpg 1024w, https:\/\/diariodigitalnea.com\/wp-content\/uploads\/2024\/04\/publi-GEMA-300x150.jpg 300w, https:\/\/diariodigitalnea.com\/wp-content\/uploads\/2024\/04\/publi-GEMA-768x385.jpg 768w, https:\/\/diariodigitalnea.com\/wp-content\/uploads\/2024\/04\/publi-GEMA-1536x769.jpg 1536w, https:\/\/diariodigitalnea.com\/wp-content\/uploads\/2024\/04\/publi-GEMA.jpg 1977w\" sizes=\"(max-width: 1024px) 100vw, 1024px\" \/><figcaption class=\"wp-element-caption\">Publicidad: Gema Oufit @gemahoufit Rcia \u2013 Contacto: 3624391672<\/figcaption><\/figure>\n\n\n\n<p>Este aumento se formaliz\u00f3 mediante la Resoluci\u00f3n 9\/2024 del Consejo Nacional del Empleo, la Productividad y el Salario M\u00ednimo, Vital y M\u00f3vil, la cual fue publicada este viernes en el Bolet\u00edn Oficial.<\/p>\n\n\n\n<p>Seg\u00fan lo dispuesto por esta normativa, en abril el SMVM se ubicaba en 221.052 pesos, en comparaci\u00f3n con los 202.800 pesos de marzo. A partir de mayo, esta cifra se incrementa a 234.315,12 pesos.<\/p>\n\n\n\n<figure class=\"wp-block-image size-large\"><img decoding=\"async\" width=\"1024\" height=\"629\" src=\"http:\/\/diariodigitalnea.com\/wp-content\/uploads\/2023\/12\/plata-1024x629.jpg\" alt=\"\" class=\"wp-image-12146\" srcset=\"https:\/\/diariodigitalnea.com\/wp-content\/uploads\/2023\/12\/plata-1024x629.jpg 1024w, https:\/\/diariodigitalnea.com\/wp-content\/uploads\/2023\/12\/plata-300x184.jpg 300w, https:\/\/diariodigitalnea.com\/wp-content\/uploads\/2023\/12\/plata-768x472.jpg 768w, https:\/\/diariodigitalnea.com\/wp-content\/uploads\/2023\/12\/plata.jpg 1300w\" sizes=\"(max-width: 1024px) 100vw, 1024px\" \/><\/figure>\n\n\n\n<p>Como resultado de esta actualizaci\u00f3n, el monto m\u00ednimo de la Prestaci\u00f3n por Desempleo se sit\u00faa en 117.157,56 pesos.<\/p>\n\n\n\n<p><\/p>\n\n\n\n<p>Cabe mencionar que el Salario M\u00ednimo, Vital y M\u00f3vil hab\u00eda sido fijado en 156 mil pesos en diciembre de 2023 durante la administraci\u00f3n del presidente Javier Milei, y luego, con la gesti\u00f3n de orientaci\u00f3n libertaria, aument\u00f3 a 180 mil pesos en febrero.<\/p>\n\n\n\n<figure class=\"wp-block-image size-large\"><img decoding=\"async\" width=\"1024\" height=\"607\" src=\"http:\/\/diariodigitalnea.com\/wp-content\/uploads\/2023\/11\/DDN-FOTO-PC-Y-CEL-1024x607.jpg\" alt=\"publicidad\" class=\"wp-image-11794\" srcset=\"https:\/\/diariodigitalnea.com\/wp-content\/uploads\/2023\/11\/DDN-FOTO-PC-Y-CEL-1024x607.jpg 1024w, https:\/\/diariodigitalnea.com\/wp-content\/uploads\/2023\/11\/DDN-FOTO-PC-Y-CEL-300x178.jpg 300w, https:\/\/diariodigitalnea.com\/wp-content\/uploads\/2023\/11\/DDN-FOTO-PC-Y-CEL-768x455.jpg 768w, https:\/\/diariodigitalnea.com\/wp-content\/uploads\/2023\/11\/DDN-FOTO-PC-Y-CEL-1536x910.jpg 1536w, https:\/\/diariodigitalnea.com\/wp-content\/uploads\/2023\/11\/DDN-FOTO-PC-Y-CEL.jpg 2000w\" sizes=\"(max-width: 1024px) 100vw, 1024px\" \/><figcaption class=\"wp-element-caption\">Diario Digital Nea. Noticias de la regi\u00f3n y el mundo. <\/figcaption><\/figure>\n","protected":false},"excerpt":{"rendered":"<p>En abril, el salario m\u00ednimo era de 221.052 pesos y en marzo en 202.800. Luego de que la reuni\u00f3n no prospere entre representantes sindicales, empresariales y el Gobierno, el Ejecutivo decidi\u00f3 que el Salario M\u00ednimo, Vital y M\u00f3vil se establezca en 234 mil pesos a partir de mayo. Este aumento se formaliz\u00f3 mediante la Resoluci\u00f3n [&hellip;]<\/p>\n","protected":false},"author":4,"featured_media":8117,"comment_status":"closed","ping_status":"closed","sticky":false,"template":"","format":"standard","meta":{"om_disable_all_campaigns":false,"_monsterinsights_skip_tracking":false,"_monsterinsights_sitenote_active":false,"_monsterinsights_sitenote_note":"","_monsterinsights_sitenote_category":0,"footnotes":""},"categories":[5,90],"tags":[4179,537],"class_list":["post-13906","post","type-post","status-publish","format-standard","has-post-thumbnail","hentry","category-economia","category-nacionales","tag-minimo","tag-salario"],"aioseo_notices":[],"amp_enabled":true,"_links":{"self":[{"href":"https:\/\/diariodigitalnea.com\/index.php\/wp-json\/wp\/v2\/posts\/13906","targetHints":{"allow":["GET"]}}],"collection":[{"href":"https:\/\/diariodigitalnea.com\/index.php\/wp-json\/wp\/v2\/posts"}],"about":[{"href":"https:\/\/diariodigitalnea.com\/index.php\/wp-json\/wp\/v2\/types\/post"}],"author":[{"embeddable":true,"href":"https:\/\/diariodigitalnea.com\/index.php\/wp-json\/wp\/v2\/users\/4"}],"replies":[{"embeddable":true,"href":"https:\/\/diariodigitalnea.com\/index.php\/wp-json\/wp\/v2\/comments?post=13906"}],"version-history":[{"count":1,"href":"https:\/\/diariodigitalnea.com\/index.php\/wp-json\/wp\/v2\/posts\/13906\/revisions"}],"predecessor-version":[{"id":13907,"href":"https:\/\/diariodigitalnea.com\/index.php\/wp-json\/wp\/v2\/posts\/13906\/revisions\/13907"}],"wp:featuredmedia":[{"embeddable":true,"href":"https:\/\/diariodigitalnea.com\/index.php\/wp-json\/wp\/v2\/media\/8117"}],"wp:attachment":[{"href":"https:\/\/diariodigitalnea.com\/index.php\/wp-json\/wp\/v2\/media?parent=13906"}],"wp:term":[{"taxonomy":"category","embeddable":true,"href":"https:\/\/diariodigitalnea.com\/index.php\/wp-json\/wp\/v2\/categories?post=13906"},{"taxonomy":"post_tag","embeddable":true,"href":"https:\/\/diariodigitalnea.com\/index.php\/wp-json\/wp\/v2\/tags?post=13906"}],"curies":[{"name":"wp","href":"https:\/\/api.w.org\/{rel}","templated":true}]}}