{"id":1388,"date":"2022-09-19T22:58:47","date_gmt":"2022-09-19T22:58:47","guid":{"rendered":"https:\/\/diariodigitalnea.com\/?p=1388"},"modified":"2022-09-19T22:58:48","modified_gmt":"2022-09-19T22:58:48","slug":"defensa-civil-y-los-bomberos-voluntarios-trabajan-en-la-prevencion-de-incendios-forestales","status":"publish","type":"post","link":"https:\/\/diariodigitalnea.com\/index.php\/2022\/09\/19\/defensa-civil-y-los-bomberos-voluntarios-trabajan-en-la-prevencion-de-incendios-forestales\/","title":{"rendered":"Defensa Civil y los bomberos voluntarios trabajan en la prevenci\u00f3n de incendios forestales"},"content":{"rendered":"\n<p>Frente a la escasez de lluvias debido al fen\u00f3meno de La Ni\u00f1a, la Direcci\u00f3n de Protecci\u00f3n Civil y Bomberos Voluntarios de la provincia refuerzan los trabajos de prevenci\u00f3n e instan a la comunidad a colaborar evitando cualquier acci\u00f3n que pueda generar un foco de incendio.<\/p>\n\n\n\n<p>El Ministerio de Gobierno y Trabajo informa que debido a la falta de lluvias trabaja, a trav\u00e9s de la Direcci\u00f3n de Protecci\u00f3n Civil, junto a bomberos voluntarios para la prevenci\u00f3n de incendios forestales. La escasez de lluvias se debe al fen\u00f3meno de La Ni\u00f1a se viene manifestando hace dos a\u00f1os. \u00abLa ni\u00f1a disminuye significativamente la cantidad de lluvias que normalmente deber\u00edan caer en un territorio, en este caso en el Chaco. El 2020, 2021 y lo que va del 2022 los milimetrajes est\u00e1n muy por debajo que tenemos anualmente lo que genera sequ\u00edas y sus complicaciones\u00bb explic\u00f3 el subsecretario de Protecci\u00f3n Civil Mario Sandoval.<\/p>\n\n\n\n<figure class=\"wp-block-image size-large is-resized\"><img fetchpriority=\"high\" decoding=\"async\" src=\"https:\/\/diariodigitalnea.com\/wp-content\/uploads\/2022\/09\/ineed-1-1024x768.jpg\" alt=\"\" class=\"wp-image-1390\" width=\"746\" height=\"560\" srcset=\"https:\/\/diariodigitalnea.com\/wp-content\/uploads\/2022\/09\/ineed-1-1024x768.jpg 1024w, https:\/\/diariodigitalnea.com\/wp-content\/uploads\/2022\/09\/ineed-1-300x225.jpg 300w, https:\/\/diariodigitalnea.com\/wp-content\/uploads\/2022\/09\/ineed-1-768x576.jpg 768w, https:\/\/diariodigitalnea.com\/wp-content\/uploads\/2022\/09\/ineed-1.jpg 1280w\" sizes=\"(max-width: 746px) 100vw, 746px\" \/><\/figure>\n\n\n\n<p>En ese contexto se\u00f1al\u00f3 que el Este de la provincia (Resistencia, zonas ribere\u00f1as) es una zona con mucho riesgo mientras que pasando Makall\u00e9, la zona Oeste presenta riesgo extremo. \u00abSi bien aumentamos los recursos, los cuarteles pasaron de 23 en 2020 a 29 y hoy 462 hombres y mujeres integran esos cuarteles poni\u00e9ndose a disposici\u00f3n de sus comunidades, es importante evitar cualquier actividad que pueda provocar un foco de incendio\u00bb, sostuvo Sandoval.<\/p>\n\n\n\n<p>Para ello inst\u00f3 a la comunidad a prevenir desde los hogares. \u00abNo encender los fuegos que se pueden convertir en un incendio incontrolable, y la limpieza de los patios con pastos bajos son fundamentales para proteger el barrio y resguardar al municipio y toda la comunidad\u00bb, remarc\u00f3.<\/p>\n\n\n\n<figure class=\"wp-block-image size-full is-resized\"><img decoding=\"async\" src=\"https:\/\/diariodigitalnea.com\/wp-content\/uploads\/2022\/09\/inccc.jpg\" alt=\"\" class=\"wp-image-1391\" width=\"759\" height=\"757\" srcset=\"https:\/\/diariodigitalnea.com\/wp-content\/uploads\/2022\/09\/inccc.jpg 734w, https:\/\/diariodigitalnea.com\/wp-content\/uploads\/2022\/09\/inccc-300x300.jpg 300w, https:\/\/diariodigitalnea.com\/wp-content\/uploads\/2022\/09\/inccc-150x150.jpg 150w, https:\/\/diariodigitalnea.com\/wp-content\/uploads\/2022\/09\/inccc-200x200.jpg 200w\" sizes=\"(max-width: 759px) 100vw, 759px\" \/><\/figure>\n\n\n\n<p>Gast\u00f3n Castillo, jefe de operaciones de la Defensa Civil provincial, indic\u00f3 que responden al llamado de las y los vecinos a trav\u00e9s del 911. \u00abEn el caso que tengan que ir como colaboraci\u00f3n hacia otra jurisdicci\u00f3n, nos tienen que pedir a nosotros y los desplazamos, cuando es un incendio grande, se coordinan los equipos y las colaboraciones, sin descuidar las jurisdicciones con guardias m\u00ednimas\u00bb, resumi\u00f3 y agreg\u00f3 que se realiza tambi\u00e9n un trabajo prevenci\u00f3n y concientizaci\u00f3n mediante folleter\u00eda.<\/p>\n\n\n\n<p>Los n\u00fameros para llamar a Defensa Civil, ante cualquier situaci\u00f3n de emergencia, son: 103 o 3624765002<\/p>\n","protected":false},"excerpt":{"rendered":"<p>Frente a la escasez de lluvias debido al fen\u00f3meno de La Ni\u00f1a, la Direcci\u00f3n de Protecci\u00f3n Civil y Bomberos Voluntarios de la provincia refuerzan los trabajos de prevenci\u00f3n e instan a la comunidad a colaborar evitando cualquier acci\u00f3n que pueda generar un foco de incendio. El Ministerio de Gobierno y Trabajo informa que debido a [&hellip;]<\/p>\n","protected":false},"author":4,"featured_media":1392,"comment_status":"closed","ping_status":"closed","sticky":false,"template":"","format":"standard","meta":{"om_disable_all_campaigns":false,"_monsterinsights_skip_tracking":false,"_monsterinsights_sitenote_active":false,"_monsterinsights_sitenote_note":"","_monsterinsights_sitenote_category":0,"footnotes":""},"categories":[33,95],"tags":[360,74,359,361,362],"class_list":["post-1388","post","type-post","status-publish","format-standard","has-post-thumbnail","hentry","category-chaco","category-informacion-general","tag-bomberos","tag-chaco","tag-incendios","tag-lluvias","tag-nea"],"aioseo_notices":[],"amp_enabled":true,"_links":{"self":[{"href":"https:\/\/diariodigitalnea.com\/index.php\/wp-json\/wp\/v2\/posts\/1388","targetHints":{"allow":["GET"]}}],"collection":[{"href":"https:\/\/diariodigitalnea.com\/index.php\/wp-json\/wp\/v2\/posts"}],"about":[{"href":"https:\/\/diariodigitalnea.com\/index.php\/wp-json\/wp\/v2\/types\/post"}],"author":[{"embeddable":true,"href":"https:\/\/diariodigitalnea.com\/index.php\/wp-json\/wp\/v2\/users\/4"}],"replies":[{"embeddable":true,"href":"https:\/\/diariodigitalnea.com\/index.php\/wp-json\/wp\/v2\/comments?post=1388"}],"version-history":[{"count":1,"href":"https:\/\/diariodigitalnea.com\/index.php\/wp-json\/wp\/v2\/posts\/1388\/revisions"}],"predecessor-version":[{"id":1393,"href":"https:\/\/diariodigitalnea.com\/index.php\/wp-json\/wp\/v2\/posts\/1388\/revisions\/1393"}],"wp:featuredmedia":[{"embeddable":true,"href":"https:\/\/diariodigitalnea.com\/index.php\/wp-json\/wp\/v2\/media\/1392"}],"wp:attachment":[{"href":"https:\/\/diariodigitalnea.com\/index.php\/wp-json\/wp\/v2\/media?parent=1388"}],"wp:term":[{"taxonomy":"category","embeddable":true,"href":"https:\/\/diariodigitalnea.com\/index.php\/wp-json\/wp\/v2\/categories?post=1388"},{"taxonomy":"post_tag","embeddable":true,"href":"https:\/\/diariodigitalnea.com\/index.php\/wp-json\/wp\/v2\/tags?post=1388"}],"curies":[{"name":"wp","href":"https:\/\/api.w.org\/{rel}","templated":true}]}}