{"id":13768,"date":"2024-04-23T12:51:08","date_gmt":"2024-04-23T12:51:08","guid":{"rendered":"https:\/\/diariodigitalnea.com\/?p=13768"},"modified":"2024-04-23T12:51:09","modified_gmt":"2024-04-23T12:51:09","slug":"universidades-de-todo-el-pais-marchan-hoy-contra-el-ajuste-como-sera-el-recorrido-en-chaco-y-corrientes","status":"publish","type":"post","link":"https:\/\/diariodigitalnea.com\/index.php\/2024\/04\/23\/universidades-de-todo-el-pais-marchan-hoy-contra-el-ajuste-como-sera-el-recorrido-en-chaco-y-corrientes\/","title":{"rendered":"Universidades de todo el pa\u00eds marchan hoy contra el ajuste: c\u00f3mo ser\u00e1 el recorrido en Chaco y Corrientes"},"content":{"rendered":"\n<p>\u00abEn defensa de la universidad p\u00fablica y gratuita\u00bb es el lema de la manifestaci\u00f3n, que partir\u00e1 desde Corrientes hacia Resistencia.<\/p>\n\n\n\n<p><\/p>\n\n\n\n<p>Este martes 23 de abril las universidades p\u00fablicas de todo el pa\u00eds realizar\u00e1n una marcha para reclamar por el recorte de fondos y la compleja situaci\u00f3n econ\u00f3mica que atraviesa el sector ante la reducci\u00f3n del presupuesto definido por el gobierno nacional.<\/p>\n\n\n\n<figure class=\"wp-block-image size-large\"><img fetchpriority=\"high\" decoding=\"async\" width=\"1024\" height=\"513\" src=\"http:\/\/diariodigitalnea.com\/wp-content\/uploads\/2023\/05\/ENCUENTRO-IG-Verde-copy-1024x513.jpg\" alt=\"PUBLICIDAD\" class=\"wp-image-8132\" srcset=\"https:\/\/diariodigitalnea.com\/wp-content\/uploads\/2023\/05\/ENCUENTRO-IG-Verde-copy-1024x513.jpg 1024w, https:\/\/diariodigitalnea.com\/wp-content\/uploads\/2023\/05\/ENCUENTRO-IG-Verde-copy-300x150.jpg 300w, https:\/\/diariodigitalnea.com\/wp-content\/uploads\/2023\/05\/ENCUENTRO-IG-Verde-copy-768x385.jpg 768w, https:\/\/diariodigitalnea.com\/wp-content\/uploads\/2023\/05\/ENCUENTRO-IG-Verde-copy-1536x769.jpg 1536w, https:\/\/diariodigitalnea.com\/wp-content\/uploads\/2023\/05\/ENCUENTRO-IG-Verde-copy-2048x1026.jpg 2048w\" sizes=\"(max-width: 1024px) 100vw, 1024px\" \/><figcaption class=\"wp-element-caption\">Publicidad: Encuentro Tienda de Bebidas, Chile 190 Local 4 \u2013 Tel: 3624386655 &#8211; Gral San Mart\u00edn<\/figcaption><\/figure>\n\n\n\n<p>La manifestaci\u00f3n se replicar\u00e1 tambi\u00e9n en Chaco y Corrientes con una movilizaci\u00f3n que unir\u00e1 a ambas provincias bajo el lema \u00abEn defensa de la universidad p\u00fablica y gratuita\u00bb.<\/p>\n\n\n\n<p><\/p>\n\n\n\n<p>El itinerario tendr\u00e1 dos partes: una caravana de Corrientes a Chaco y una marcha desde el campus Resistencia hacia el m\u00e1stil central.<\/p>\n\n\n\n<figure class=\"wp-block-image size-large\"><img decoding=\"async\" width=\"1024\" height=\"555\" src=\"https:\/\/diariodigitalnea.com\/wp-content\/uploads\/2024\/04\/unne-1024x555.jpg\" alt=\"\" class=\"wp-image-13769\" srcset=\"https:\/\/diariodigitalnea.com\/wp-content\/uploads\/2024\/04\/unne-1024x555.jpg 1024w, https:\/\/diariodigitalnea.com\/wp-content\/uploads\/2024\/04\/unne-300x163.jpg 300w, https:\/\/diariodigitalnea.com\/wp-content\/uploads\/2024\/04\/unne-768x416.jpg 768w, https:\/\/diariodigitalnea.com\/wp-content\/uploads\/2024\/04\/unne-960x520.jpg 960w, https:\/\/diariodigitalnea.com\/wp-content\/uploads\/2024\/04\/unne.jpg 1200w\" sizes=\"(max-width: 1024px) 100vw, 1024px\" \/><\/figure>\n\n\n\n<p><strong>Caravana interprovincial<\/strong><\/p>\n\n\n\n<p>Desde las 14 habr\u00e1 una concentraci\u00f3n en el acceso al Campus Deodoro Roca (avenida Libertad 5470) de Corrientes.<\/p>\n\n\n\n<p>A las 14.30 iniciar\u00e1 una caravana, saliendo desde el Campus Deodoro Roca, pasando por avenida Armenia, avenida Poncho Verde y llegando al Campus Cabral (Cabral 2001).<\/p>\n\n\n\n<p>A las 15, se saldr\u00e1 del Campus Cabral, se marchar\u00e1 hacia avenida Costanera, se cruzar\u00e1 el puente General Belgrano, y se ingresar\u00e1 a la ciudad de Barranqueras, para llegar a Resistencia.<\/p>\n\n\n\n<p>A las 16.30, se llegar\u00e1 al Campus Resistencia, por avenida Castelli.<\/p>\n\n\n\n<figure class=\"wp-block-image size-large\"><img decoding=\"async\" width=\"1024\" height=\"621\" src=\"https:\/\/diariodigitalnea.com\/wp-content\/uploads\/2024\/04\/upub-1024x621.jpg\" alt=\"\" class=\"wp-image-13770\" srcset=\"https:\/\/diariodigitalnea.com\/wp-content\/uploads\/2024\/04\/upub-1024x621.jpg 1024w, https:\/\/diariodigitalnea.com\/wp-content\/uploads\/2024\/04\/upub-300x182.jpg 300w, https:\/\/diariodigitalnea.com\/wp-content\/uploads\/2024\/04\/upub-768x466.jpg 768w, https:\/\/diariodigitalnea.com\/wp-content\/uploads\/2024\/04\/upub.jpg 1300w\" sizes=\"(max-width: 1024px) 100vw, 1024px\" \/><\/figure>\n\n\n\n<p><strong>Marcha en Resistencia<\/strong><\/p>\n\n\n\n<p>A las 17 comenzar\u00e1 la marcha unificada de Corrientes y Chaco, junto a estudiantes, docentes, investigadores, no docentes, acompa\u00f1ados por la CGT, CTA, ATE, movimientos sociales y familias de la comunidad del nordeste. Se marchar\u00e1 por avenida Las Heras hasta la avenida 9 de Julio, hasta llegar al M\u00e1stil Mayor, frente a la Plaza 25 de Mayo.<\/p>\n\n\n\n<p>A las 19.30 se realizar\u00e1 un acto central con lectura de documento de la comunidad universitaria.<\/p>\n\n\n\n<p>A las 20 ser\u00e1 el cierre de la movilizaci\u00f3n en la UTN de Resistencia, por French al 414.<\/p>\n\n\n\n<figure class=\"wp-block-image size-large\"><img loading=\"lazy\" decoding=\"async\" width=\"1024\" height=\"513\" src=\"http:\/\/diariodigitalnea.com\/wp-content\/uploads\/2024\/04\/publi-GEMA-1024x513.jpg\" alt=\"publicidad\" class=\"wp-image-13586\" srcset=\"https:\/\/diariodigitalnea.com\/wp-content\/uploads\/2024\/04\/publi-GEMA-1024x513.jpg 1024w, https:\/\/diariodigitalnea.com\/wp-content\/uploads\/2024\/04\/publi-GEMA-300x150.jpg 300w, https:\/\/diariodigitalnea.com\/wp-content\/uploads\/2024\/04\/publi-GEMA-768x385.jpg 768w, https:\/\/diariodigitalnea.com\/wp-content\/uploads\/2024\/04\/publi-GEMA-1536x769.jpg 1536w, https:\/\/diariodigitalnea.com\/wp-content\/uploads\/2024\/04\/publi-GEMA.jpg 1977w\" sizes=\"(max-width: 1024px) 100vw, 1024px\" \/><figcaption class=\"wp-element-caption\">Publicidad: Gema Oufit @gemahoufit Rcia \u2013 Contacto: 3624391672<\/figcaption><\/figure>\n\n\n\n<p><strong>Los reclamos<\/strong><\/p>\n\n\n\n<p>Los docentes, alumnos y comunidad directiva de las universidades p\u00fablicas de todo el territorio nacional formar\u00e1n parte de la movilizaci\u00f3n que tendr\u00e1 distintos puntos de encuentro en todo el pa\u00eds. M\u00e1s de 70 universidades de todo el pa\u00eds se sumar\u00e1n a la iniciativa.<\/p>\n\n\n\n<p><\/p>\n\n\n\n<p>La marcha tiene como objetivo expresar un masivo rechazo a los recortes presupuestarios ejecutados por el gobierno nacional a las universidades p\u00fablicas, a lo que se suma el descontento por medidas en contra del desarrollo de la ciencia y tecnolog\u00eda argentinas, como los despidos y el desfinanciamiento del Conicet. El reclamo tambi\u00e9n incluye a la cuesti\u00f3n salarial, con el sector universitario por debajo de la inflaci\u00f3n.<\/p>\n\n\n\n<figure class=\"wp-block-image size-large\"><img loading=\"lazy\" decoding=\"async\" width=\"1024\" height=\"607\" src=\"http:\/\/diariodigitalnea.com\/wp-content\/uploads\/2023\/11\/DDN-FOTO-PC-Y-CEL-1024x607.jpg\" alt=\"publicidad\" class=\"wp-image-11794\" srcset=\"https:\/\/diariodigitalnea.com\/wp-content\/uploads\/2023\/11\/DDN-FOTO-PC-Y-CEL-1024x607.jpg 1024w, https:\/\/diariodigitalnea.com\/wp-content\/uploads\/2023\/11\/DDN-FOTO-PC-Y-CEL-300x178.jpg 300w, https:\/\/diariodigitalnea.com\/wp-content\/uploads\/2023\/11\/DDN-FOTO-PC-Y-CEL-768x455.jpg 768w, https:\/\/diariodigitalnea.com\/wp-content\/uploads\/2023\/11\/DDN-FOTO-PC-Y-CEL-1536x910.jpg 1536w, https:\/\/diariodigitalnea.com\/wp-content\/uploads\/2023\/11\/DDN-FOTO-PC-Y-CEL.jpg 2000w\" sizes=\"(max-width: 1024px) 100vw, 1024px\" \/><figcaption class=\"wp-element-caption\">Diario Digital Nea. Noticias de la regi\u00f3n y el mundo. <\/figcaption><\/figure>\n","protected":false},"excerpt":{"rendered":"<p>\u00abEn defensa de la universidad p\u00fablica y gratuita\u00bb es el lema de la manifestaci\u00f3n, que partir\u00e1 desde Corrientes hacia Resistencia. Este martes 23 de abril las universidades p\u00fablicas de todo el pa\u00eds realizar\u00e1n una marcha para reclamar por el recorte de fondos y la compleja situaci\u00f3n econ\u00f3mica que atraviesa el sector ante la reducci\u00f3n del [&hellip;]<\/p>\n","protected":false},"author":4,"featured_media":13771,"comment_status":"closed","ping_status":"closed","sticky":false,"template":"","format":"standard","meta":{"om_disable_all_campaigns":false,"_monsterinsights_skip_tracking":false,"_monsterinsights_sitenote_active":false,"_monsterinsights_sitenote_note":"","_monsterinsights_sitenote_category":0,"footnotes":""},"categories":[95,4],"tags":[428,4151,898],"class_list":["post-13768","post","type-post","status-publish","format-standard","has-post-thumbnail","hentry","category-informacion-general","category-politica","tag-marcha","tag-publica","tag-universidad"],"aioseo_notices":[],"amp_enabled":true,"_links":{"self":[{"href":"https:\/\/diariodigitalnea.com\/index.php\/wp-json\/wp\/v2\/posts\/13768","targetHints":{"allow":["GET"]}}],"collection":[{"href":"https:\/\/diariodigitalnea.com\/index.php\/wp-json\/wp\/v2\/posts"}],"about":[{"href":"https:\/\/diariodigitalnea.com\/index.php\/wp-json\/wp\/v2\/types\/post"}],"author":[{"embeddable":true,"href":"https:\/\/diariodigitalnea.com\/index.php\/wp-json\/wp\/v2\/users\/4"}],"replies":[{"embeddable":true,"href":"https:\/\/diariodigitalnea.com\/index.php\/wp-json\/wp\/v2\/comments?post=13768"}],"version-history":[{"count":1,"href":"https:\/\/diariodigitalnea.com\/index.php\/wp-json\/wp\/v2\/posts\/13768\/revisions"}],"predecessor-version":[{"id":13772,"href":"https:\/\/diariodigitalnea.com\/index.php\/wp-json\/wp\/v2\/posts\/13768\/revisions\/13772"}],"wp:featuredmedia":[{"embeddable":true,"href":"https:\/\/diariodigitalnea.com\/index.php\/wp-json\/wp\/v2\/media\/13771"}],"wp:attachment":[{"href":"https:\/\/diariodigitalnea.com\/index.php\/wp-json\/wp\/v2\/media?parent=13768"}],"wp:term":[{"taxonomy":"category","embeddable":true,"href":"https:\/\/diariodigitalnea.com\/index.php\/wp-json\/wp\/v2\/categories?post=13768"},{"taxonomy":"post_tag","embeddable":true,"href":"https:\/\/diariodigitalnea.com\/index.php\/wp-json\/wp\/v2\/tags?post=13768"}],"curies":[{"name":"wp","href":"https:\/\/api.w.org\/{rel}","templated":true}]}}