{"id":13571,"date":"2024-04-12T23:03:10","date_gmt":"2024-04-12T23:03:10","guid":{"rendered":"https:\/\/diariodigitalnea.com\/?p=13571"},"modified":"2024-04-12T23:30:26","modified_gmt":"2024-04-12T23:30:26","slug":"el-gobernador-en-castelli-entrego-cachorros-a-un-centro-integral-en-discapacidad","status":"publish","type":"post","link":"https:\/\/diariodigitalnea.com\/index.php\/2024\/04\/12\/el-gobernador-en-castelli-entrego-cachorros-a-un-centro-integral-en-discapacidad\/","title":{"rendered":"El gobernador entreg\u00f3 en Castelli cachorros terapeuticos a un Centro Integral en Discapacidad"},"content":{"rendered":"\n<p>El gobernador Leandro Zdero estuvo, esta ma\u00f1ana, en la ciudad de Juan J. Castelli, en CAIDIN (Centro de Ayuda Integral al Discapacitado del Norte) fortaleciendo los lazos y el acompa\u00f1amiento a las instituciones destacando las tareas que llevan adelante. \u201cAcompa\u00f1ando al CAIDIN y haciendo entrega de cachorros labradores para una misi\u00f3n muy especial. <\/p>\n\n\n\n<figure class=\"wp-block-image size-large\"><img fetchpriority=\"high\" decoding=\"async\" width=\"1024\" height=\"513\" src=\"http:\/\/diariodigitalnea.com\/wp-content\/uploads\/2023\/05\/ENCUENTRO-IG-Verde-copy-1024x513.jpg\" alt=\"PUBLICIDAD\" class=\"wp-image-8132\" srcset=\"https:\/\/diariodigitalnea.com\/wp-content\/uploads\/2023\/05\/ENCUENTRO-IG-Verde-copy-1024x513.jpg 1024w, https:\/\/diariodigitalnea.com\/wp-content\/uploads\/2023\/05\/ENCUENTRO-IG-Verde-copy-300x150.jpg 300w, https:\/\/diariodigitalnea.com\/wp-content\/uploads\/2023\/05\/ENCUENTRO-IG-Verde-copy-768x385.jpg 768w, https:\/\/diariodigitalnea.com\/wp-content\/uploads\/2023\/05\/ENCUENTRO-IG-Verde-copy-1536x769.jpg 1536w, https:\/\/diariodigitalnea.com\/wp-content\/uploads\/2023\/05\/ENCUENTRO-IG-Verde-copy-2048x1026.jpg 2048w\" sizes=\"(max-width: 1024px) 100vw, 1024px\" \/><figcaption class=\"wp-element-caption\">Publicidad: Encuentro Tienda de Bebidas, Chile 190 Local 4 \u2013 Tel: 3624386655 &#8211; Gral San Mart\u00edn<\/figcaption><\/figure>\n\n\n\n<p>Lo ven\u00edamos haciendo hace mucho tiempo en la provincia, antes de ser gobernador y ya conoc\u00eda tambi\u00e9n a esta instituci\u00f3n. Trabajamos a lo largo y a lo ancho de la provincia con el cari\u00f1o y el amor que tienen tambi\u00e9n Luis y Dorys ten\u00edan por los cachorros y comenzamos a trabajar primero de manera independiente, despu\u00e9s fuimos coordinando con las instituciones y de esa manera llegando a los ni\u00f1os con discapacidad, en lo que significa el acompa\u00f1amiento de estos cachorros por las caracter\u00edsticas que tienen en el desarrollo y el crecimiento de sus actividades\u201d- indic\u00f3 el mandatario.<\/p>\n\n\n\n<p><br>Zdero, acompa\u00f1ado por la presidente de IPRODICH, Ana Mitoire; la directora del Centro de D\u00eda, Marisa Scheffer; el intendente local P\u00edo Sander; Luis Castagno, vocal de APA y los diputados provinciales Dorys Arkwright, Sebasti\u00e1n Lazzarini, Iv\u00e1n Gy\u00f6ker y Maida With valor\u00f3 el trabajo que llevan adelante desde la instituci\u00f3n. \u00abMe reconforta mucho el progreso que logran los chicos con el apoyo de CAIDIN porque visibiliza la dedicaci\u00f3n y el amor que brindan en este importante trabajo de inclusi\u00f3n\u00bb.<\/p>\n\n\n\n<figure class=\"wp-block-image size-large\"><img decoding=\"async\" width=\"1024\" height=\"683\" src=\"https:\/\/diariodigitalnea.com\/wp-content\/uploads\/2024\/04\/WhatsApp-Image-2024-04-12-at-14.24.42-1024x683.jpeg\" alt=\"\" class=\"wp-image-13572\" srcset=\"https:\/\/diariodigitalnea.com\/wp-content\/uploads\/2024\/04\/WhatsApp-Image-2024-04-12-at-14.24.42-1024x683.jpeg 1024w, https:\/\/diariodigitalnea.com\/wp-content\/uploads\/2024\/04\/WhatsApp-Image-2024-04-12-at-14.24.42-300x200.jpeg 300w, https:\/\/diariodigitalnea.com\/wp-content\/uploads\/2024\/04\/WhatsApp-Image-2024-04-12-at-14.24.42-768x512.jpeg 768w, https:\/\/diariodigitalnea.com\/wp-content\/uploads\/2024\/04\/WhatsApp-Image-2024-04-12-at-14.24.42-1536x1025.jpeg 1536w, https:\/\/diariodigitalnea.com\/wp-content\/uploads\/2024\/04\/WhatsApp-Image-2024-04-12-at-14.24.42-2048x1367.jpeg 2048w, https:\/\/diariodigitalnea.com\/wp-content\/uploads\/2024\/04\/WhatsApp-Image-2024-04-12-at-14.24.42-900x600.jpeg 900w\" sizes=\"(max-width: 1024px) 100vw, 1024px\" \/><\/figure>\n\n\n\n<p><br><strong>MARISA SCHEFFER: \u201cES LA PRIMERA VEZ QUE NOS VISITA UN GOBERNADOR\u201d<br><\/strong>Por \u00faltimo, la titular del Centro de D\u00eda, Marisa Scheffer manifest\u00f3 su agradecimiento al gobernador por estar presente en esta instituci\u00f3n, \u201cbienvenido sr Gobernador, somos una instituci\u00f3n que trabaja hace muchos a\u00f1os aqu\u00ed con las personas con discapacidad, queremos agradecerle, es la primera vez que un gobernador nos visita. <\/p>\n\n\n\n<figure class=\"wp-block-image size-large\"><img decoding=\"async\" width=\"1024\" height=\"683\" src=\"https:\/\/diariodigitalnea.com\/wp-content\/uploads\/2024\/04\/WhatsApp-Image-2024-04-12-at-14.24.41-1024x683.jpeg\" alt=\"\" class=\"wp-image-13573\" srcset=\"https:\/\/diariodigitalnea.com\/wp-content\/uploads\/2024\/04\/WhatsApp-Image-2024-04-12-at-14.24.41-1024x683.jpeg 1024w, https:\/\/diariodigitalnea.com\/wp-content\/uploads\/2024\/04\/WhatsApp-Image-2024-04-12-at-14.24.41-300x200.jpeg 300w, https:\/\/diariodigitalnea.com\/wp-content\/uploads\/2024\/04\/WhatsApp-Image-2024-04-12-at-14.24.41-768x512.jpeg 768w, https:\/\/diariodigitalnea.com\/wp-content\/uploads\/2024\/04\/WhatsApp-Image-2024-04-12-at-14.24.41-1536x1025.jpeg 1536w, https:\/\/diariodigitalnea.com\/wp-content\/uploads\/2024\/04\/WhatsApp-Image-2024-04-12-at-14.24.41-2048x1367.jpeg 2048w, https:\/\/diariodigitalnea.com\/wp-content\/uploads\/2024\/04\/WhatsApp-Image-2024-04-12-at-14.24.41-900x600.jpeg 900w\" sizes=\"(max-width: 1024px) 100vw, 1024px\" \/><\/figure>\n\n\n\n<p>As\u00ed que es importante contar con su presencia y su colaboraci\u00f3n. Esto surge como una necesidad que se viene planteando por las demandas de las familias y gracias a Dios que tuvimos la oportunidad de encontrarnos con Luis, poder ayudar a esta familia, hoy vienen ac\u00e1 a recibir con mucho entusiasmo y a Yoli tambi\u00e9n agradecer que estuvimos en contacto con esta organizaci\u00f3n, a Dorys y tambi\u00e9n a todos los diputados que est\u00e1n presentes\u201d.<\/p>\n\n\n\n<figure class=\"wp-block-image size-large\"><img loading=\"lazy\" decoding=\"async\" width=\"1024\" height=\"607\" src=\"http:\/\/diariodigitalnea.com\/wp-content\/uploads\/2023\/11\/DDN-FOTO-PC-Y-CEL-1024x607.jpg\" alt=\"publicidad\" class=\"wp-image-11794\" srcset=\"https:\/\/diariodigitalnea.com\/wp-content\/uploads\/2023\/11\/DDN-FOTO-PC-Y-CEL-1024x607.jpg 1024w, https:\/\/diariodigitalnea.com\/wp-content\/uploads\/2023\/11\/DDN-FOTO-PC-Y-CEL-300x178.jpg 300w, https:\/\/diariodigitalnea.com\/wp-content\/uploads\/2023\/11\/DDN-FOTO-PC-Y-CEL-768x455.jpg 768w, https:\/\/diariodigitalnea.com\/wp-content\/uploads\/2023\/11\/DDN-FOTO-PC-Y-CEL-1536x910.jpg 1536w, https:\/\/diariodigitalnea.com\/wp-content\/uploads\/2023\/11\/DDN-FOTO-PC-Y-CEL.jpg 2000w\" sizes=\"(max-width: 1024px) 100vw, 1024px\" \/><figcaption class=\"wp-element-caption\">Diario Digital Nea. Noticias de la regi\u00f3n y el mundo. <\/figcaption><\/figure>\n","protected":false},"excerpt":{"rendered":"<p>El gobernador Leandro Zdero estuvo, esta ma\u00f1ana, en la ciudad de Juan J. Castelli, en CAIDIN (Centro de Ayuda Integral al Discapacitado del Norte) fortaleciendo los lazos y el acompa\u00f1amiento a las instituciones destacando las tareas que llevan adelante. \u201cAcompa\u00f1ando al CAIDIN y haciendo entrega de cachorros labradores para una misi\u00f3n muy especial. Lo ven\u00edamos [&hellip;]<\/p>\n","protected":false},"author":4,"featured_media":13574,"comment_status":"closed","ping_status":"closed","sticky":false,"template":"","format":"standard","meta":{"om_disable_all_campaigns":false,"_monsterinsights_skip_tracking":false,"_monsterinsights_sitenote_active":false,"_monsterinsights_sitenote_note":"","_monsterinsights_sitenote_category":0,"footnotes":""},"categories":[33,2497],"tags":[1142,197,341],"class_list":["post-13571","post","type-post","status-publish","format-standard","has-post-thumbnail","hentry","category-chaco","category-salud-informacion-general","tag-cachorros","tag-discapacidad","tag-gobernador"],"aioseo_notices":[],"amp_enabled":true,"_links":{"self":[{"href":"https:\/\/diariodigitalnea.com\/index.php\/wp-json\/wp\/v2\/posts\/13571","targetHints":{"allow":["GET"]}}],"collection":[{"href":"https:\/\/diariodigitalnea.com\/index.php\/wp-json\/wp\/v2\/posts"}],"about":[{"href":"https:\/\/diariodigitalnea.com\/index.php\/wp-json\/wp\/v2\/types\/post"}],"author":[{"embeddable":true,"href":"https:\/\/diariodigitalnea.com\/index.php\/wp-json\/wp\/v2\/users\/4"}],"replies":[{"embeddable":true,"href":"https:\/\/diariodigitalnea.com\/index.php\/wp-json\/wp\/v2\/comments?post=13571"}],"version-history":[{"count":2,"href":"https:\/\/diariodigitalnea.com\/index.php\/wp-json\/wp\/v2\/posts\/13571\/revisions"}],"predecessor-version":[{"id":13577,"href":"https:\/\/diariodigitalnea.com\/index.php\/wp-json\/wp\/v2\/posts\/13571\/revisions\/13577"}],"wp:featuredmedia":[{"embeddable":true,"href":"https:\/\/diariodigitalnea.com\/index.php\/wp-json\/wp\/v2\/media\/13574"}],"wp:attachment":[{"href":"https:\/\/diariodigitalnea.com\/index.php\/wp-json\/wp\/v2\/media?parent=13571"}],"wp:term":[{"taxonomy":"category","embeddable":true,"href":"https:\/\/diariodigitalnea.com\/index.php\/wp-json\/wp\/v2\/categories?post=13571"},{"taxonomy":"post_tag","embeddable":true,"href":"https:\/\/diariodigitalnea.com\/index.php\/wp-json\/wp\/v2\/tags?post=13571"}],"curies":[{"name":"wp","href":"https:\/\/api.w.org\/{rel}","templated":true}]}}