{"id":13535,"date":"2024-04-10T16:18:49","date_gmt":"2024-04-10T16:18:49","guid":{"rendered":"https:\/\/diariodigitalnea.com\/?p=13535"},"modified":"2024-04-10T16:36:18","modified_gmt":"2024-04-10T16:36:18","slug":"cumbre-chaquena-de-ciencia-tecnologia-e-innovacion-schneidervaloro-el-patencial-de-la-provincia","status":"publish","type":"post","link":"https:\/\/diariodigitalnea.com\/index.php\/2024\/04\/10\/cumbre-chaquena-de-ciencia-tecnologia-e-innovacion-schneidervaloro-el-patencial-de-la-provincia\/","title":{"rendered":"Cumbre Chaque\u00f1a de Ciencia, Tecnolog\u00eda e Innovaci\u00f3n: Schneider valor\u00f3 el patencial de la provincia"},"content":{"rendered":"\n<p>El evento organizado por el Instituto Chaque\u00f1o de Ciencia, Tecnolog\u00eda e Innovaci\u00f3n, convoc\u00f3 a m\u00e1s de 500 investigadores, cient\u00edficos, tecn\u00f3logos, becarios, estudiantes avanzados, empresarios y emprendedores del pa\u00eds. \u201cComo sociedad debemos valorar y promover estos espacios apostando a todos los sectores vinculados al desarrollo cient\u00edfico y t\u00e9cnico\u201d, expres\u00f3 Schneider.<\/p>\n\n\n\n<p>La vicegobernadora Silvana Schneider particip\u00f3, este mi\u00e9rcoles, de la apertura de la Cumbre Chaque\u00f1a de Ciencia, Tecnolog\u00eda e Innovaci\u00f3n (ICCTI) que se realiz\u00f3 en el Centro de Convenciones Gala de Resistencia, con el objetivo de fomentar la vinculaci\u00f3n entre el sistema cient\u00edfico-tecnol\u00f3gico, las empresas y los organismos estatales. El evento organizado por el Instituto Chaque\u00f1o de Ciencia, Tecnolog\u00eda e Innovaci\u00f3n, convoc\u00f3 a m\u00e1s de 500 investigadores, cient\u00edficos, tecn\u00f3logos, becarios, estudiantes avanzados, empresarios y emprendedores.<\/p>\n\n\n\n<p>Destacados expositores del sector acad\u00e9mico, empresarial y gubernamental de Chaco, Buenos Aires, Jujuy, Santa Fe y Misiones desarrollaron paneles tem\u00e1ticos centrados en los vectores del ICCTI: salud y ambiente; agroindustria y econom\u00eda del conocimiento. De esta manera se busca inspirar y empoderar a la comunidad en el uso y aplicaci\u00f3n de nuevas tecnolog\u00edas que beneficien al sector productivo y mejoren las condiciones de vida de los chaque\u00f1os.<\/p>\n\n\n\n<figure class=\"wp-block-image size-large\"><img fetchpriority=\"high\" decoding=\"async\" width=\"1024\" height=\"673\" src=\"http:\/\/diariodigitalnea.com\/wp-content\/uploads\/2024\/04\/vice3-1024x673.jpeg\" alt=\"\" class=\"wp-image-13538\" srcset=\"https:\/\/diariodigitalnea.com\/wp-content\/uploads\/2024\/04\/vice3-1024x673.jpeg 1024w, https:\/\/diariodigitalnea.com\/wp-content\/uploads\/2024\/04\/vice3-300x197.jpeg 300w, https:\/\/diariodigitalnea.com\/wp-content\/uploads\/2024\/04\/vice3-768x505.jpeg 768w, https:\/\/diariodigitalnea.com\/wp-content\/uploads\/2024\/04\/vice3-1536x1010.jpeg 1536w, https:\/\/diariodigitalnea.com\/wp-content\/uploads\/2024\/04\/vice3-2048x1347.jpeg 2048w\" sizes=\"(max-width: 1024px) 100vw, 1024px\" \/><\/figure>\n\n\n\n<p>Durante la apertura, Schneider destac\u00f3 que el evento se realiza el 10 de abril, fecha en la que se conmemora el d\u00eda Mundial de la Ciencia y la Tecnolog\u00eda declarada por la UNESCO. \u201cVivimos en un mundo en constante cambio y para poder funcionar en \u00e9l necesitamos de ciertas herramientas que nos permitan conocerlo, para que podamos intervenir y transformarlo de manera contundente y efectiva\u201d, asegur\u00f3 y remarc\u00f3 la necesidad de \u201centender que la ciencia es la base de todo conocimiento y que la tecnolog\u00eda es su aplicaci\u00f3n pr\u00e1ctica\u201d.<\/p>\n\n\n\n<p>En esa l\u00ednea, la vicegobernadora consider\u00f3 que la cumbre, que convoca a grandes personalidades y referentes del medio, es una gran oportunidad para avanzar y afianzar los logros obtenidos hasta el momento. \u201cComo sociedad debemos valorar y promover estos espacios, apostando desde la inversi\u00f3n y el acompa\u00f1amiento a todos los sectores vinculados al desarrollo cient\u00edfico y t\u00e9cnico\u201d, expres\u00f3.<\/p>\n\n\n\n<p>Para ello se\u00f1al\u00f3 que urge la tarea de planificar acciones y estrategias dirigidas, amplias, inclusivas y significativas \u201cpara que los esfuerzos se sostengan en el tiempo y los beneficios alcancen a todos los ciudadanos\u201d. \u201cTenemos a nuestro alcance un maravilloso potencial, tanto en recursos materiales como en capital humano; es momento de aprovecharlos y ponerlos al servicio del bien com\u00fan\u201d, remarc\u00f3.<\/p>\n\n\n\n<p>\u201cNos corresponde a cada uno el compromiso de generar nuevos espacios y oportunidades para que la innovaci\u00f3n cient\u00edfica y tecnol\u00f3gica sean referentes del progreso y bienestar para todos los chaque\u00f1os\u201d, finaliz\u00f3.<\/p>\n\n\n\n<figure class=\"wp-block-image size-large\"><img decoding=\"async\" width=\"1024\" height=\"757\" src=\"http:\/\/diariodigitalnea.com\/wp-content\/uploads\/2024\/04\/vice2-1024x757.jpeg\" alt=\"\" class=\"wp-image-13537\" srcset=\"https:\/\/diariodigitalnea.com\/wp-content\/uploads\/2024\/04\/vice2-1024x757.jpeg 1024w, https:\/\/diariodigitalnea.com\/wp-content\/uploads\/2024\/04\/vice2-300x222.jpeg 300w, https:\/\/diariodigitalnea.com\/wp-content\/uploads\/2024\/04\/vice2-768x568.jpeg 768w, https:\/\/diariodigitalnea.com\/wp-content\/uploads\/2024\/04\/vice2-1536x1135.jpeg 1536w, https:\/\/diariodigitalnea.com\/wp-content\/uploads\/2024\/04\/vice2-2048x1514.jpeg 2048w, https:\/\/diariodigitalnea.com\/wp-content\/uploads\/2024\/04\/vice2-160x117.jpeg 160w\" sizes=\"(max-width: 1024px) 100vw, 1024px\" \/><\/figure>\n\n\n\n<h2 class=\"wp-block-heading\">Una pol\u00edtica a largo plazo<\/h2>\n\n\n\n<p>La presidenta del ICCTI, Delfina Veirav\u00e9, anticip\u00f3 que se prev\u00e9 realizar la Cumbre todos los a\u00f1os, en una fecha emblem\u00e1tica para la ciencia y la tecnolog\u00eda como lo es el 10 de abril.&nbsp; \u201cEl objetivo es poner en valor el desarrollo de actividad cient\u00edfica y generar un di\u00e1logo entre diferentes sectores, queremos pensar la ciencia y la tecnolog\u00eda, porque sabemos que tienen un impacto importante para el desarrollo\u201d, se\u00f1al\u00f3.<\/p>\n\n\n\n<p>\u201cEste evento es parte de las pol\u00edticas que se llevan adelante desde el Instituto que busca fortalecer al sistema cient\u00edfico y lograr la vinculaci\u00f3n con quienes son desarrolladores, ejecutores e innovadores en las actividades sociales y productivas\u201d, concluy\u00f3.<\/p>\n","protected":false},"excerpt":{"rendered":"<p>El evento organizado por el Instituto Chaque\u00f1o de Ciencia, Tecnolog\u00eda e Innovaci\u00f3n, convoc\u00f3 a m\u00e1s de 500 investigadores, cient\u00edficos, tecn\u00f3logos, becarios, estudiantes avanzados, empresarios y emprendedores del pa\u00eds. \u201cComo sociedad debemos valorar y promover estos espacios apostando a todos los sectores vinculados al desarrollo cient\u00edfico y t\u00e9cnico\u201d, expres\u00f3 Schneider. La vicegobernadora Silvana Schneider particip\u00f3, este [&hellip;]<\/p>\n","protected":false},"author":3,"featured_media":13536,"comment_status":"closed","ping_status":"closed","sticky":false,"template":"","format":"standard","meta":{"om_disable_all_campaigns":false,"_monsterinsights_skip_tracking":false,"_monsterinsights_sitenote_active":false,"_monsterinsights_sitenote_note":"","_monsterinsights_sitenote_category":0,"footnotes":""},"categories":[33,95,1345],"tags":[74,761,4100,842],"class_list":["post-13535","post","type-post","status-publish","format-standard","has-post-thumbnail","hentry","category-chaco","category-informacion-general","category-tecnologia","tag-chaco","tag-ciencia","tag-silvana-schneider","tag-tecnologia"],"aioseo_notices":[],"amp_enabled":true,"_links":{"self":[{"href":"https:\/\/diariodigitalnea.com\/index.php\/wp-json\/wp\/v2\/posts\/13535","targetHints":{"allow":["GET"]}}],"collection":[{"href":"https:\/\/diariodigitalnea.com\/index.php\/wp-json\/wp\/v2\/posts"}],"about":[{"href":"https:\/\/diariodigitalnea.com\/index.php\/wp-json\/wp\/v2\/types\/post"}],"author":[{"embeddable":true,"href":"https:\/\/diariodigitalnea.com\/index.php\/wp-json\/wp\/v2\/users\/3"}],"replies":[{"embeddable":true,"href":"https:\/\/diariodigitalnea.com\/index.php\/wp-json\/wp\/v2\/comments?post=13535"}],"version-history":[{"count":2,"href":"https:\/\/diariodigitalnea.com\/index.php\/wp-json\/wp\/v2\/posts\/13535\/revisions"}],"predecessor-version":[{"id":13540,"href":"https:\/\/diariodigitalnea.com\/index.php\/wp-json\/wp\/v2\/posts\/13535\/revisions\/13540"}],"wp:featuredmedia":[{"embeddable":true,"href":"https:\/\/diariodigitalnea.com\/index.php\/wp-json\/wp\/v2\/media\/13536"}],"wp:attachment":[{"href":"https:\/\/diariodigitalnea.com\/index.php\/wp-json\/wp\/v2\/media?parent=13535"}],"wp:term":[{"taxonomy":"category","embeddable":true,"href":"https:\/\/diariodigitalnea.com\/index.php\/wp-json\/wp\/v2\/categories?post=13535"},{"taxonomy":"post_tag","embeddable":true,"href":"https:\/\/diariodigitalnea.com\/index.php\/wp-json\/wp\/v2\/tags?post=13535"}],"curies":[{"name":"wp","href":"https:\/\/api.w.org\/{rel}","templated":true}]}}