{"id":13525,"date":"2024-04-10T00:23:02","date_gmt":"2024-04-10T00:23:02","guid":{"rendered":"https:\/\/diariodigitalnea.com\/?p=13525"},"modified":"2024-04-10T00:23:03","modified_gmt":"2024-04-10T00:23:03","slug":"este-sabado-en-el-domo-del-centenario-se-realizara-la-primera-feria-de-pequenos-productores","status":"publish","type":"post","link":"https:\/\/diariodigitalnea.com\/index.php\/2024\/04\/10\/este-sabado-en-el-domo-del-centenario-se-realizara-la-primera-feria-de-pequenos-productores\/","title":{"rendered":"Este s\u00e1bado en el Domo del Centenario se realizar\u00e1 la primera feria de peque\u00f1os productores"},"content":{"rendered":"\n<p>La Municipalidad de Resistencia acompa\u00f1\u00f3 la conferencia de prensa de lanzamiento de la Feria de Peque\u00f1os Productores que se realiz\u00f3 en el Domo del Centenario, y estuvo a cargo del Instituto de Agricultura Familiar y Econom\u00eda Popular (IAFEP).<\/p>\n\n\n\n<p><\/p>\n\n\n\n<p>Esta iniciativa tiene como objetivo que los peque\u00f1os productores puedan empezar a comercializar en los espacios p\u00fablicos de la Ciudad y generar un nuevo mercado. La primera se realiza el s\u00e1bado 13 de abril, a partir de las 8 y hasta las 12 horas, en el pasaje Fabriciano, en el predio del Domo del Centenario.<\/p>\n\n\n\n<figure class=\"wp-block-image size-large\"><img fetchpriority=\"high\" decoding=\"async\" width=\"1024\" height=\"513\" src=\"http:\/\/diariodigitalnea.com\/wp-content\/uploads\/2023\/05\/ENCUENTRO-IG-Verde-copy-1024x513.jpg\" alt=\"PUBLICIDAD\" class=\"wp-image-8132\" srcset=\"https:\/\/diariodigitalnea.com\/wp-content\/uploads\/2023\/05\/ENCUENTRO-IG-Verde-copy-1024x513.jpg 1024w, https:\/\/diariodigitalnea.com\/wp-content\/uploads\/2023\/05\/ENCUENTRO-IG-Verde-copy-300x150.jpg 300w, https:\/\/diariodigitalnea.com\/wp-content\/uploads\/2023\/05\/ENCUENTRO-IG-Verde-copy-768x385.jpg 768w, https:\/\/diariodigitalnea.com\/wp-content\/uploads\/2023\/05\/ENCUENTRO-IG-Verde-copy-1536x769.jpg 1536w, https:\/\/diariodigitalnea.com\/wp-content\/uploads\/2023\/05\/ENCUENTRO-IG-Verde-copy-2048x1026.jpg 2048w\" sizes=\"(max-width: 1024px) 100vw, 1024px\" \/><figcaption class=\"wp-element-caption\">Publicidad: Encuentro Tienda de Bebidas, Chile 190 Local 4 \u2013 Tel: 3624386655 &#8211; Gral San Mart\u00edn<\/figcaption><\/figure>\n\n\n\n<p><strong>TRABAJO CONJUNTO<\/strong><\/p>\n\n\n\n<p>El secretario de Desarrollo Humano municipal, Pablo Mujica, estuvo presente en la conferencia y manifest\u00f3: \u00abEstamos trabajando en conjunto, desde el principio de la gesti\u00f3n, entre la Municipalidad de Resistencia y el Gobierno Provincial para poder afrontar la realidad de la Ciudad, por eso en esta oportunidad acompa\u00f1amos al IAFEP y al Ministerio de la Producci\u00f3n en esta presentaci\u00f3n\u00bb. \u00abEntendemos que la \u00fanica posibilidad de que podamos crecer es que muchos emprendedores sean a su vez generadores de puestos de trabajo\u00bb, asegur\u00f3.<\/p>\n\n\n\n<p><\/p>\n\n\n\n<p>Clelia Avila, interventora del IAFEP, explic\u00f3 que una de sus funciones es continuar asistiendo y atendiendo las necesidades del peque\u00f1o productor y darles, en este caso, un canal de comercializaci\u00f3n para sus productos.<\/p>\n\n\n\n<figure class=\"wp-block-image size-large\"><img decoding=\"async\" width=\"1024\" height=\"679\" src=\"https:\/\/diariodigitalnea.com\/wp-content\/uploads\/2024\/04\/WhatsApp-Image-2024-04-09-at-10.58.31-1024x679.jpeg\" alt=\"\" class=\"wp-image-13526\" srcset=\"https:\/\/diariodigitalnea.com\/wp-content\/uploads\/2024\/04\/WhatsApp-Image-2024-04-09-at-10.58.31-1024x679.jpeg 1024w, https:\/\/diariodigitalnea.com\/wp-content\/uploads\/2024\/04\/WhatsApp-Image-2024-04-09-at-10.58.31-300x199.jpeg 300w, https:\/\/diariodigitalnea.com\/wp-content\/uploads\/2024\/04\/WhatsApp-Image-2024-04-09-at-10.58.31-768x509.jpeg 768w, https:\/\/diariodigitalnea.com\/wp-content\/uploads\/2024\/04\/WhatsApp-Image-2024-04-09-at-10.58.31-1536x1018.jpeg 1536w, https:\/\/diariodigitalnea.com\/wp-content\/uploads\/2024\/04\/WhatsApp-Image-2024-04-09-at-10.58.31-2048x1358.jpeg 2048w\" sizes=\"(max-width: 1024px) 100vw, 1024px\" \/><\/figure>\n\n\n\n<p>\u00abEste grupo produce a peque\u00f1a escala y no tiene los medios que tiene el gran productor para comercializar afuera, sino que los que producen se consume en la zona y aqu\u00ed debemos agradecer al Municipio que nos facilit\u00f3 el espacio para poder llegar a la ciudadan\u00eda y ofrecer sus productos org\u00e1nicos a un precio accesible\u00bb, indic\u00f3.<\/p>\n\n\n\n<figure class=\"wp-block-image size-large\"><img decoding=\"async\" width=\"1024\" height=\"683\" src=\"https:\/\/diariodigitalnea.com\/wp-content\/uploads\/2024\/04\/WhatsApp-Image-2024-04-09-at-10.58.38-1024x683.jpeg\" alt=\"\" class=\"wp-image-13529\" srcset=\"https:\/\/diariodigitalnea.com\/wp-content\/uploads\/2024\/04\/WhatsApp-Image-2024-04-09-at-10.58.38-1024x683.jpeg 1024w, https:\/\/diariodigitalnea.com\/wp-content\/uploads\/2024\/04\/WhatsApp-Image-2024-04-09-at-10.58.38-300x200.jpeg 300w, https:\/\/diariodigitalnea.com\/wp-content\/uploads\/2024\/04\/WhatsApp-Image-2024-04-09-at-10.58.38-768x512.jpeg 768w, https:\/\/diariodigitalnea.com\/wp-content\/uploads\/2024\/04\/WhatsApp-Image-2024-04-09-at-10.58.38-1536x1024.jpeg 1536w, https:\/\/diariodigitalnea.com\/wp-content\/uploads\/2024\/04\/WhatsApp-Image-2024-04-09-at-10.58.38-2048x1365.jpeg 2048w, https:\/\/diariodigitalnea.com\/wp-content\/uploads\/2024\/04\/WhatsApp-Image-2024-04-09-at-10.58.38-900x600.jpeg 900w\" sizes=\"(max-width: 1024px) 100vw, 1024px\" \/><\/figure>\n\n\n\n<p>Adem\u00e1s, sobre el cierre del Instituto, anunciado por el gobernador Leandro Zdero, \u00c1vila se\u00f1al\u00f3 que pese a ello \u00abla pol\u00edtica de asistencia al peque\u00f1o productor seguir\u00e1 firme\u00bb.<\/p>\n\n\n\n<p>Por su parte, Viviana Garc\u00eda, subsecretaria de Econom\u00eda para el Desarrollo Humano, dependiente del Ministerio de Desarrollo Humano, resalt\u00f3: \u00abEl productor es la columna vertebral de nuestra sociedad, es quien trabaja la tierra y provee los alimentos, por eso necesitamos acompa\u00f1arlos y trabajar sobre las pol\u00edticas p\u00fablicas para que puedan seguir desarroll\u00e1ndose y creciendo a\u00fan m\u00e1s\u00bb.<\/p>\n\n\n\n<figure class=\"wp-block-image size-large\"><img loading=\"lazy\" decoding=\"async\" width=\"1024\" height=\"607\" src=\"http:\/\/diariodigitalnea.com\/wp-content\/uploads\/2023\/11\/DDN-FOTO-PC-Y-CEL-1024x607.jpg\" alt=\"publicidad\" class=\"wp-image-11794\" srcset=\"https:\/\/diariodigitalnea.com\/wp-content\/uploads\/2023\/11\/DDN-FOTO-PC-Y-CEL-1024x607.jpg 1024w, https:\/\/diariodigitalnea.com\/wp-content\/uploads\/2023\/11\/DDN-FOTO-PC-Y-CEL-300x178.jpg 300w, https:\/\/diariodigitalnea.com\/wp-content\/uploads\/2023\/11\/DDN-FOTO-PC-Y-CEL-768x455.jpg 768w, https:\/\/diariodigitalnea.com\/wp-content\/uploads\/2023\/11\/DDN-FOTO-PC-Y-CEL-1536x910.jpg 1536w, https:\/\/diariodigitalnea.com\/wp-content\/uploads\/2023\/11\/DDN-FOTO-PC-Y-CEL.jpg 2000w\" sizes=\"(max-width: 1024px) 100vw, 1024px\" \/><figcaption class=\"wp-element-caption\">Diario Digital Nea. Noticias de la regi\u00f3n y el mundo. <\/figcaption><\/figure>\n","protected":false},"excerpt":{"rendered":"<p>La Municipalidad de Resistencia acompa\u00f1\u00f3 la conferencia de prensa de lanzamiento de la Feria de Peque\u00f1os Productores que se realiz\u00f3 en el Domo del Centenario, y estuvo a cargo del Instituto de Agricultura Familiar y Econom\u00eda Popular (IAFEP). Esta iniciativa tiene como objetivo que los peque\u00f1os productores puedan empezar a comercializar en los espacios p\u00fablicos [&hellip;]<\/p>\n","protected":false},"author":4,"featured_media":13528,"comment_status":"closed","ping_status":"closed","sticky":false,"template":"","format":"standard","meta":{"om_disable_all_campaigns":false,"_monsterinsights_skip_tracking":false,"_monsterinsights_sitenote_active":false,"_monsterinsights_sitenote_note":"","_monsterinsights_sitenote_category":0,"footnotes":""},"categories":[33,5],"tags":[4098,1944],"class_list":["post-13525","post","type-post","status-publish","format-standard","has-post-thumbnail","hentry","category-chaco","category-economia","tag-domo","tag-productores"],"aioseo_notices":[],"amp_enabled":true,"_links":{"self":[{"href":"https:\/\/diariodigitalnea.com\/index.php\/wp-json\/wp\/v2\/posts\/13525","targetHints":{"allow":["GET"]}}],"collection":[{"href":"https:\/\/diariodigitalnea.com\/index.php\/wp-json\/wp\/v2\/posts"}],"about":[{"href":"https:\/\/diariodigitalnea.com\/index.php\/wp-json\/wp\/v2\/types\/post"}],"author":[{"embeddable":true,"href":"https:\/\/diariodigitalnea.com\/index.php\/wp-json\/wp\/v2\/users\/4"}],"replies":[{"embeddable":true,"href":"https:\/\/diariodigitalnea.com\/index.php\/wp-json\/wp\/v2\/comments?post=13525"}],"version-history":[{"count":1,"href":"https:\/\/diariodigitalnea.com\/index.php\/wp-json\/wp\/v2\/posts\/13525\/revisions"}],"predecessor-version":[{"id":13530,"href":"https:\/\/diariodigitalnea.com\/index.php\/wp-json\/wp\/v2\/posts\/13525\/revisions\/13530"}],"wp:featuredmedia":[{"embeddable":true,"href":"https:\/\/diariodigitalnea.com\/index.php\/wp-json\/wp\/v2\/media\/13528"}],"wp:attachment":[{"href":"https:\/\/diariodigitalnea.com\/index.php\/wp-json\/wp\/v2\/media?parent=13525"}],"wp:term":[{"taxonomy":"category","embeddable":true,"href":"https:\/\/diariodigitalnea.com\/index.php\/wp-json\/wp\/v2\/categories?post=13525"},{"taxonomy":"post_tag","embeddable":true,"href":"https:\/\/diariodigitalnea.com\/index.php\/wp-json\/wp\/v2\/tags?post=13525"}],"curies":[{"name":"wp","href":"https:\/\/api.w.org\/{rel}","templated":true}]}}