{"id":13440,"date":"2024-04-05T13:45:17","date_gmt":"2024-04-05T13:45:17","guid":{"rendered":"https:\/\/diariodigitalnea.com\/?p=13440"},"modified":"2024-04-05T13:45:17","modified_gmt":"2024-04-05T13:45:17","slug":"milei-ratifico-la-alianza-con-estados-unidos-y-avanzaran-en-el-desarrollo-de-una-base-naval-integrada","status":"publish","type":"post","link":"https:\/\/diariodigitalnea.com\/index.php\/2024\/04\/05\/milei-ratifico-la-alianza-con-estados-unidos-y-avanzaran-en-el-desarrollo-de-una-base-naval-integrada\/","title":{"rendered":"Milei ratific\u00f3 la alianza con Estados Unidos y avanzar\u00e1n en el desarrollo de una base naval integrada"},"content":{"rendered":"\n<p>El presidente viaj\u00f3 anoche hasta Tierra del Fuego para compartir un acto con la jefa del Comando Sur del ej\u00e9rcito norteamericano.<\/p>\n\n\n\n<p><\/p>\n\n\n\n<p>En la noche del jueves el presidente Javier Milei viaj\u00f3 hasta la ciudad de Ushuaia, capital de Tierra del Fuego, para reunirse con Laura Richardson, general del ej\u00e9rcito norteamericano y jefa del Comando Sur.<\/p>\n\n\n\n<figure class=\"wp-block-image size-large\"><img fetchpriority=\"high\" decoding=\"async\" width=\"1024\" height=\"513\" src=\"http:\/\/diariodigitalnea.com\/wp-content\/uploads\/2023\/05\/ENCUENTRO-IG-Verde-copy-1024x513.jpg\" alt=\"PUBLICIDAD\" class=\"wp-image-8132\" srcset=\"https:\/\/diariodigitalnea.com\/wp-content\/uploads\/2023\/05\/ENCUENTRO-IG-Verde-copy-1024x513.jpg 1024w, https:\/\/diariodigitalnea.com\/wp-content\/uploads\/2023\/05\/ENCUENTRO-IG-Verde-copy-300x150.jpg 300w, https:\/\/diariodigitalnea.com\/wp-content\/uploads\/2023\/05\/ENCUENTRO-IG-Verde-copy-768x385.jpg 768w, https:\/\/diariodigitalnea.com\/wp-content\/uploads\/2023\/05\/ENCUENTRO-IG-Verde-copy-1536x769.jpg 1536w, https:\/\/diariodigitalnea.com\/wp-content\/uploads\/2023\/05\/ENCUENTRO-IG-Verde-copy-2048x1026.jpg 2048w\" sizes=\"(max-width: 1024px) 100vw, 1024px\" \/><figcaption class=\"wp-element-caption\">Publicidad: Encuentro Tienda de Bebidas, Chile 190 Local 4 \u2013 Tel: 3624386655 &#8211; Gral San Mart\u00edn<\/figcaption><\/figure>\n\n\n\n<p>En la oportunidad, el presidente argentino ratific\u00f3 la alianza estrat\u00e9gica de su gobierno con los Estados Unidos y asegur\u00f3 que \u00ablos argentinos como pueblo tenemos una afinidad natural con los Estados Unidos y queremos seguir fortaleciendo la relaci\u00f3n\u00bb.<\/p>\n\n\n\n<p><\/p>\n\n\n\n<p>El encuentro, que deb\u00eda realizarse cerca de las 21 horas, se vio retrasado debido a una parada t\u00e9cnica imprevista en R\u00edo Gallegos y termin\u00f3 sucediendo cerca de la medianoche.<\/p>\n\n\n\n<p><\/p>\n\n\n\n<p>En la oportunidad, Milei inform\u00f3 que ambos pa\u00edses avanzar\u00e1n en el desarrollo de una base naval integrada. \u00abSe trata de un gran centro log\u00edstico que constituir\u00e1 el puerto de desarrollo m\u00e1s cercano a la Ant\u00e1rtida y convertir\u00e1 a nuestros pa\u00edses en la puerta de entrada al continente blanco. Esta obra nos permitir\u00e1 desarrollar la econom\u00eda local, brindar un servicio log\u00edstico que permita las reparaciones y apoyo a los cruceros de buques comerciales que operan en el Atl\u00e1ntico Sur\u00bb, detall\u00f3 Milei.<\/p>\n\n\n\n<figure class=\"wp-block-image size-full\"><img decoding=\"async\" width=\"869\" height=\"617\" src=\"https:\/\/diariodigitalnea.com\/wp-content\/uploads\/2024\/04\/milei-comando.jpg\" alt=\"\" class=\"wp-image-13442\" srcset=\"https:\/\/diariodigitalnea.com\/wp-content\/uploads\/2024\/04\/milei-comando.jpg 869w, https:\/\/diariodigitalnea.com\/wp-content\/uploads\/2024\/04\/milei-comando-300x213.jpg 300w, https:\/\/diariodigitalnea.com\/wp-content\/uploads\/2024\/04\/milei-comando-768x545.jpg 768w\" sizes=\"(max-width: 869px) 100vw, 869px\" \/><\/figure>\n\n\n\n<p>El encuentro se centr\u00f3 en la promoci\u00f3n de las relaciones estrat\u00e9gicas entre ambos pa\u00edses en materia de defensa, y en el refuerzo de la colaboraci\u00f3n militar para la seguridad regional y los intereses compartidos de ambas naciones.<\/p>\n\n\n\n<p><\/p>\n\n\n\n<p>Otro de los puntos clave del encuentro fue la preocupaci\u00f3n norteamericana por el avance de China en la regi\u00f3n, vinculada a la base espacial instalada en la patagonia argentina. En ese contexto, el gobierno argentino expres\u00f3 su intenci\u00f3n de visitar dicha base para avanzar en una inspecci\u00f3n y asegur\u00f3 que \u00abno hay militares alojados en la misma\u00bb.<\/p>\n\n\n\n<figure class=\"wp-block-image size-large\"><img decoding=\"async\" width=\"1024\" height=\"446\" src=\"http:\/\/diariodigitalnea.com\/wp-content\/uploads\/2023\/05\/CONSTRUCAL-CON-FABRICA-2-1024x446.jpg\" alt=\"publicidad Construcal 2\" class=\"wp-image-8211\" srcset=\"https:\/\/diariodigitalnea.com\/wp-content\/uploads\/2023\/05\/CONSTRUCAL-CON-FABRICA-2-1024x446.jpg 1024w, https:\/\/diariodigitalnea.com\/wp-content\/uploads\/2023\/05\/CONSTRUCAL-CON-FABRICA-2-300x131.jpg 300w, https:\/\/diariodigitalnea.com\/wp-content\/uploads\/2023\/05\/CONSTRUCAL-CON-FABRICA-2-768x334.jpg 768w, https:\/\/diariodigitalnea.com\/wp-content\/uploads\/2023\/05\/CONSTRUCAL-CON-FABRICA-2-1536x669.jpg 1536w, https:\/\/diariodigitalnea.com\/wp-content\/uploads\/2023\/05\/CONSTRUCAL-CON-FABRICA-2-2048x892.jpg 2048w\" sizes=\"(max-width: 1024px) 100vw, 1024px\" \/><figcaption class=\"wp-element-caption\">Publicidad: ConstruCal Cales hidratas y vivas para uso vial y construcci\u00f3n TEL: 3624602737\n<\/figcaption><\/figure>\n\n\n\n<p>Acompa\u00f1aron el encuentro el ministro de Defensa, Luis Petri; el embajador estadounidense en el pa\u00eds, Marc Stanley; el jefe del Estado Mayor Conjunto de las Fuerzas Armadas, Xavier Isaac. Tambi\u00e9n formaron parte la ministra de Relaciones Exteriores, Diana Mondino; el titular de la AFI, Silvestre Sivori y el Secretario de Estrategia Nacional, Jorge Antelo.<\/p>\n\n\n\n<p><\/p>\n","protected":false},"excerpt":{"rendered":"<p>El presidente viaj\u00f3 anoche hasta Tierra del Fuego para compartir un acto con la jefa del Comando Sur del ej\u00e9rcito norteamericano. En la noche del jueves el presidente Javier Milei viaj\u00f3 hasta la ciudad de Ushuaia, capital de Tierra del Fuego, para reunirse con Laura Richardson, general del ej\u00e9rcito norteamericano y jefa del Comando Sur. [&hellip;]<\/p>\n","protected":false},"author":4,"featured_media":13441,"comment_status":"closed","ping_status":"closed","sticky":false,"template":"","format":"standard","meta":{"om_disable_all_campaigns":false,"_monsterinsights_skip_tracking":false,"_monsterinsights_sitenote_active":false,"_monsterinsights_sitenote_note":"","_monsterinsights_sitenote_category":0,"footnotes":""},"categories":[95,90],"tags":[4069,25,1480],"class_list":["post-13440","post","type-post","status-publish","format-standard","has-post-thumbnail","hentry","category-informacion-general","category-nacionales","tag-alianza","tag-estados-unidos","tag-milei"],"aioseo_notices":[],"amp_enabled":true,"_links":{"self":[{"href":"https:\/\/diariodigitalnea.com\/index.php\/wp-json\/wp\/v2\/posts\/13440","targetHints":{"allow":["GET"]}}],"collection":[{"href":"https:\/\/diariodigitalnea.com\/index.php\/wp-json\/wp\/v2\/posts"}],"about":[{"href":"https:\/\/diariodigitalnea.com\/index.php\/wp-json\/wp\/v2\/types\/post"}],"author":[{"embeddable":true,"href":"https:\/\/diariodigitalnea.com\/index.php\/wp-json\/wp\/v2\/users\/4"}],"replies":[{"embeddable":true,"href":"https:\/\/diariodigitalnea.com\/index.php\/wp-json\/wp\/v2\/comments?post=13440"}],"version-history":[{"count":1,"href":"https:\/\/diariodigitalnea.com\/index.php\/wp-json\/wp\/v2\/posts\/13440\/revisions"}],"predecessor-version":[{"id":13443,"href":"https:\/\/diariodigitalnea.com\/index.php\/wp-json\/wp\/v2\/posts\/13440\/revisions\/13443"}],"wp:featuredmedia":[{"embeddable":true,"href":"https:\/\/diariodigitalnea.com\/index.php\/wp-json\/wp\/v2\/media\/13441"}],"wp:attachment":[{"href":"https:\/\/diariodigitalnea.com\/index.php\/wp-json\/wp\/v2\/media?parent=13440"}],"wp:term":[{"taxonomy":"category","embeddable":true,"href":"https:\/\/diariodigitalnea.com\/index.php\/wp-json\/wp\/v2\/categories?post=13440"},{"taxonomy":"post_tag","embeddable":true,"href":"https:\/\/diariodigitalnea.com\/index.php\/wp-json\/wp\/v2\/tags?post=13440"}],"curies":[{"name":"wp","href":"https:\/\/api.w.org\/{rel}","templated":true}]}}