{"id":13385,"date":"2024-04-03T14:27:35","date_gmt":"2024-04-03T14:27:35","guid":{"rendered":"https:\/\/diariodigitalnea.com\/?p=13385"},"modified":"2024-04-03T14:27:36","modified_gmt":"2024-04-03T14:27:36","slug":"comienza-la-inscripcion-para-los-vouchers-educativos-como-hacer-el-tramite","status":"publish","type":"post","link":"https:\/\/diariodigitalnea.com\/index.php\/2024\/04\/03\/comienza-la-inscripcion-para-los-vouchers-educativos-como-hacer-el-tramite\/","title":{"rendered":"Comienza la inscripci\u00f3n para los Vouchers Educativos: c\u00f3mo hacer el tr\u00e1mite"},"content":{"rendered":"\n<p>Se pone en marcha este mi\u00e9rcoles 3 de abril la inscripci\u00f3n a los vouchers educativos, el plan del Gobierno para subvencionar a los alumnos de nivel inicial, primario y secundario que asisten a colegios privados.<\/p>\n\n\n\n<p>El Ministerio de Capital Humano, a trav\u00e9s de la Secretar\u00eda de Educaci\u00f3n, abre la inscripci\u00f3n este mi\u00e9rcoles al Programa de Asistencia \u00abVouchers Educativos\u00bb, con el objetivo de apoyar a las familias que tienen hijos matriculados en colegios privados, en los niveles inicial, primario y secundario.<\/p>\n\n\n\n<p>De acuerdo a lo informado por el Gobierno, los interesados tendr\u00e1n acceso al 50% del valor de la cuota de jornada simple durante los meses de mayo, junio y julio. Cada voucher tendr\u00e1 un l\u00edmite m\u00e1ximo de $27.198 por hijo.<\/p>\n\n\n\n<p>Cabe aclarar que el subsidio se ajusta al valor de la cuota base de marzo y no contempla aumentos posteriores. Tampoco se financiar\u00e1n las actividades extraprogram\u00e1ticas de la instituci\u00f3n.<\/p>\n\n\n\n<figure class=\"wp-block-image size-large\"><img fetchpriority=\"high\" decoding=\"async\" width=\"1024\" height=\"576\" src=\"http:\/\/diariodigitalnea.com\/wp-content\/uploads\/2024\/04\/baucher1-1024x576.jpg\" alt=\"\" class=\"wp-image-13386\" srcset=\"https:\/\/diariodigitalnea.com\/wp-content\/uploads\/2024\/04\/baucher1-1024x576.jpg 1024w, https:\/\/diariodigitalnea.com\/wp-content\/uploads\/2024\/04\/baucher1-300x169.jpg 300w, https:\/\/diariodigitalnea.com\/wp-content\/uploads\/2024\/04\/baucher1-768x432.jpg 768w, https:\/\/diariodigitalnea.com\/wp-content\/uploads\/2024\/04\/baucher1.jpg 1200w\" sizes=\"(max-width: 1024px) 100vw, 1024px\" \/><\/figure>\n\n\n\n<p><strong>Vouchers Educativos 2024: cu\u00e1les son los pasos para obtenerlos<\/strong><\/p>\n\n\n\n<ul class=\"wp-block-list\">\n<li>Completar un formulario disponible en el sitio web oficial del gobierno de Argentina (estar\u00e1 vigente desde el 3 al 30 de abril).<\/li>\n<\/ul>\n\n\n\n<ul class=\"wp-block-list\">\n<li>Proporcionar el CBU donde se depositar\u00e1 el dinero.<\/li>\n<\/ul>\n\n\n\n<ul class=\"wp-block-list\">\n<li>Informar el nombre del establecimiento educativo al que asiste el alumno.<\/li>\n<\/ul>\n\n\n\n<p><strong>Vouchers Educativos 2024: cu\u00e1les son los requisitos para acceder<\/strong><\/p>\n\n\n\n<p>El ingreso familiar no debe ser mayor al equivalente de 7 salarios m\u00ednimos vitales y m\u00f3viles ($1.419.600).<\/p>\n\n\n\n<p>Las escuelas privadas, en tanto, deber\u00e1n contar con aporte estatal del 75% o m\u00e1s, sumado a una cuota que no supere los $ 54.396.<\/p>\n\n\n\n<p><strong>Vouchers Educativos 2024: donde solicitarlo y c\u00f3mo se acreditar\u00e1 el pago<\/strong><\/p>\n\n\n\n<p>Para acceder al Programa de Asistencia \u00abVouchers Educativos\u00bb, los interesados deber\u00e1n ingresar al siguiente link: argentina.gob.ar.<\/p>\n\n\n\n<p>El dinero se acreditar\u00e1 en la cuenta bancaria declarada. Hasta el momento, la fecha exacta de pago est\u00e1 pendiente de confirmaci\u00f3n.<\/p>\n\n\n\n<p>Seg\u00fan los datos preliminares proporcionados por la Secretar\u00eda de Educaci\u00f3n, se estima que cerca de 2 millones de ni\u00f1os est\u00e1n en condiciones de recibir este beneficio, pertenecientes a m\u00e1s de 6 mil escuelas en todo el territorio argentino.<\/p>\n","protected":false},"excerpt":{"rendered":"<p>Se pone en marcha este mi\u00e9rcoles 3 de abril la inscripci\u00f3n a los vouchers educativos, el plan del Gobierno para subvencionar a los alumnos de nivel inicial, primario y secundario que asisten a colegios privados. El Ministerio de Capital Humano, a trav\u00e9s de la Secretar\u00eda de Educaci\u00f3n, abre la inscripci\u00f3n este mi\u00e9rcoles al Programa de [&hellip;]<\/p>\n","protected":false},"author":3,"featured_media":13387,"comment_status":"closed","ping_status":"closed","sticky":false,"template":"","format":"standard","meta":{"om_disable_all_campaigns":false,"_monsterinsights_skip_tracking":false,"_monsterinsights_sitenote_active":false,"_monsterinsights_sitenote_note":"","_monsterinsights_sitenote_category":0,"footnotes":""},"categories":[5,90],"tags":[89,192,4060,4061,4059],"class_list":["post-13385","post","type-post","status-publish","format-standard","has-post-thumbnail","hentry","category-economia","category-nacionales","tag-economia","tag-educacion","tag-escuelas-privadas","tag-programa-socioeconomico","tag-vouchers-educativos"],"aioseo_notices":[],"amp_enabled":true,"_links":{"self":[{"href":"https:\/\/diariodigitalnea.com\/index.php\/wp-json\/wp\/v2\/posts\/13385","targetHints":{"allow":["GET"]}}],"collection":[{"href":"https:\/\/diariodigitalnea.com\/index.php\/wp-json\/wp\/v2\/posts"}],"about":[{"href":"https:\/\/diariodigitalnea.com\/index.php\/wp-json\/wp\/v2\/types\/post"}],"author":[{"embeddable":true,"href":"https:\/\/diariodigitalnea.com\/index.php\/wp-json\/wp\/v2\/users\/3"}],"replies":[{"embeddable":true,"href":"https:\/\/diariodigitalnea.com\/index.php\/wp-json\/wp\/v2\/comments?post=13385"}],"version-history":[{"count":1,"href":"https:\/\/diariodigitalnea.com\/index.php\/wp-json\/wp\/v2\/posts\/13385\/revisions"}],"predecessor-version":[{"id":13388,"href":"https:\/\/diariodigitalnea.com\/index.php\/wp-json\/wp\/v2\/posts\/13385\/revisions\/13388"}],"wp:featuredmedia":[{"embeddable":true,"href":"https:\/\/diariodigitalnea.com\/index.php\/wp-json\/wp\/v2\/media\/13387"}],"wp:attachment":[{"href":"https:\/\/diariodigitalnea.com\/index.php\/wp-json\/wp\/v2\/media?parent=13385"}],"wp:term":[{"taxonomy":"category","embeddable":true,"href":"https:\/\/diariodigitalnea.com\/index.php\/wp-json\/wp\/v2\/categories?post=13385"},{"taxonomy":"post_tag","embeddable":true,"href":"https:\/\/diariodigitalnea.com\/index.php\/wp-json\/wp\/v2\/tags?post=13385"}],"curies":[{"name":"wp","href":"https:\/\/api.w.org\/{rel}","templated":true}]}}